{"id":611,"date":"2004-08-11T07:00:00","date_gmt":"2004-08-11T07:00:00","guid":{"rendered":"https:\/\/moir.org.co\/web\/exitoso-acto-por-una-colombia-libre-en-cienaga-magdalena\/"},"modified":"2004-08-11T07:00:00","modified_gmt":"2004-08-11T07:00:00","slug":"exitoso-acto-por-una-colombia-libre-en-cienaga-magdalena","status":"publish","type":"post","link":"https:\/\/moir.com.co\/web\/exitoso-acto-por-una-colombia-libre-en-cienaga-magdalena\/","title":{"rendered":"\u00a1EXITOSO ACTO POR UNA COLOMBIA LIBRE EN CI\u00c9NAGA, MAGDALENA!"},"content":{"rendered":"<p>Comando Regional Unitario de Trabajadores y Organizaciones Sociales, Santa Marta, diciembre 10 de 2003<\/p>\n<p>Organizado por el Comando Regional Unitario de Trabajadores y Organizaciones Sociales del Magdalena y la Secretar\u00eda de Cultura Municipal se cumpli\u00f3 en Ci\u00e9naga, Magdalena, el acto de homenaje a los m\u00e1rtires de las bananeras asesinados el 6 de diciembre de 1928 por la represi\u00f3n oficial cuando luchaban en procura de mejores condiciones de vida y de trabajo y contra la superexplotaci\u00f3n de la compa\u00f1\u00eda norteamericana United Fruit Company, la cual hab\u00eda establecido un enclave colonial en la zona bananera del Magdalena con el respaldo abyecto del gobierno presidido por Miguel Abad\u00eda M\u00e9ndez. Ante varios centenares de concurrentes, frente al monumento a los m\u00e1rtires esculpido por el maestro Rodrigo Arenas Betancur y erigido en el cincuentenario de la masacre de las bananeras el 6 de diciembre de 1978, intervinieron las siguientes personalidades y dirigentes.<\/p>\n<p>Carlos Payares Gonz\u00e1lez, quien hizo una introducci\u00f3n sobre los hechos hist\u00f3ricos acaecidos 75 a\u00f1os atr\u00e1s en la misma plaza. Este profesional acaba de publicar el libro Ci\u00e9naga: una rep\u00fablica bananera; huelga y masacre de las bananeras.<\/p>\n<p>Padre Bernardo Hoyos, senador y dirigente del Movimiento Ciudadano con sede en Barranquilla, pronunci\u00f3 una oraci\u00f3n en homenaje a los obreros bananeros y zahiri\u00f3 punzantemente la intromisi\u00f3n norteamericana en Colombia y al gobierno de \u00c1lvaro Uribe V\u00e9lez. Denunci\u00f3 el modelo neoliberal como una afrenta para el pa\u00eds y llam\u00f3 a la unidad de toda la poblaci\u00f3n por el logro de la independencia nacional.<\/p>\n<p>Despo Osorio, a nombre del Sindicato de Maestros del Magdalena (Edumag), record\u00f3 la figura de Jorge Eli\u00e9cer Gait\u00e1n y su investigaci\u00f3n y debate parlamentario sobre los hechos criminales de 1928 que dieron al traste con el hegemonia conservadora.<\/p>\n<p>Leonel Juvinao Cruz en representaci\u00f3n de la Asociaci\u00f3n Nacional por la Salvaci\u00f3n Agropecuaria, denunci\u00f3 los hechos del pasado y critic\u00f3 el pretendido ingreso de Colombia al Alca o al tratado bilateral con Estados Unidos, lo cual ser\u00eda la ruina del sector agropecuario y de la econom\u00eda nacional. Propuso la constituci\u00f3n de un frente unido de los sectores mayoritarios de la poblaci\u00f3n.<\/p>\n<p>\u00c1ngel Manjarr\u00e9s Correa, presidente de la Cut y del Comando Unitario del Magdalena, pronunci\u00f3 una denuncia vehemente contra los crimenes de hace 75 a\u00f1os y los atropellos de la actualidad. Conden\u00f3 las tropel\u00edas del imperio gringo que se explaya por todo el mundo y respald\u00f3 las luchas de resistencia que se presentan en Bolivia, Irak, Colombia y otras partes del mundo.<\/p>\n<p>Finaliz\u00f3 las intervenciones Hern\u00e1n P\u00e9rez Zapata, presidente de la Asociaci\u00f3n Colombiana de Ingenieros Agr\u00f3nomos, con una enf\u00e1tica intervenci\u00f3n en defensa de la soberan\u00eda nacional, los derechos de los trabajadores y el pueblo y la producci\u00f3n agraria e industrial. Llam\u00f3 a aprender de los hechos hist\u00f3ricos que demuestran que la dominaci\u00f3n norteamericana que lleva ya un siglo desde el atraco de Panam\u00e1 es la causa principal de nuestro atraso y falta de desarrollo, lo cual se agravar\u00eda m\u00e1s de imponer el Alca o el tratado bilateral; por lo que se hace necesario la construcci\u00f3n de una gran frente unido de todos los sectores oprimidos para la conquista de una Nueva Democracia.<\/p>\n<p>COMANDO REGIONAL UNITARIO DE TRABAJADORES Y ORGANIZACIONES SOCIALES<\/p>\n<p>\u00c1NGEL MANJARR\u00c9S CORREA<br \/>\nPresidente<\/p>\n<p>LAUREANO C\u00c1EZ TURIZO<br \/>\nSecretario<\/p>\n","protected":false},"excerpt":{"rendered":"<p>Comando Regional Unitario de Trabajadores y Organizaciones Sociales, Santa Marta, diciembre 10 de 2003 Organizado por el Comando Regional Unitario de Trabajadores y Organizaciones Sociales del Magdalena y la Secretar\u00eda de Cultura Municipal se cumpli\u00f3 en Ci\u00e9naga, Magdalena, el acto de homenaje a los m\u00e1rtires de las bananeras asesinados el 6 de diciembre de 1928 [&hellip;]<\/p>\n","protected":false},"author":1,"featured_media":0,"comment_status":"open","ping_status":"open","sticky":false,"template":"","format":"standard","meta":{"advanced_seo_description":"","jetpack_seo_html_title":"","jetpack_seo_noindex":false,"_jetpack_memberships_contains_paid_content":false,"footnotes":""},"categories":[7],"tags":[],"class_list":["post-611","post","type-post","status-publish","format-standard","hentry","category-pronunciamientos-de-organizaciones-sociales"],"jetpack_featured_media_url":"","jetpack-related-posts":[{"id":2587,"url":"https:\/\/moir.com.co\/web\/movilizacion-80-anos-de-la-huelga-y-rechazo-a-la-masacre-en-las-bananeras-del-magdalena\/","url_meta":{"origin":611,"position":0},"title":"MOVILIZACION: 80 A\u00d1OS DE LA HUELGA Y RECHAZO A LA MASACRE EN LAS BANANERAS DEL MAGDALENA","author":"admin","date":"noviembre 17, 2008","format":false,"excerpt":"Programa conjunto Alcald\u00eda de Ci\u00e9naga - Comit\u00e9 de Impulso Intersindical y de organizaciones sociales. Circularan dos libros. Gran marcha y concentraci\u00f3n en Monumento de Rodrigo Arenas Betancourt a los m\u00e1rtires de las bananeras En la semana del 1 al 6 de diciembre se realizar\u00e9 en Ci\u00e9naga Magdalena una gran movilizaci\u00f3n\u2026","rel":"","context":"En \u00abPronunciamientos de Organizaciones Sociales\u00bb","block_context":{"text":"Pronunciamientos de Organizaciones Sociales","link":"https:\/\/moir.com.co\/web\/category\/pronunciamientos-de-organizaciones-sociales\/"},"img":{"alt_text":"","src":"","width":0,"height":0},"classes":[]},{"id":600,"url":"https:\/\/moir.com.co\/web\/homenaje-a-los-obreros-de-las-bananeras-75-anos-despues\/","url_meta":{"origin":611,"position":1},"title":"\u00a1HOMENAJE A LOS OBREROS DE LAS BANANERAS 75 A\u00d1OS DESPU\u00c9S !","author":"admin","date":"agosto 11, 2004","format":false,"excerpt":"En las primeras d\u00e9cadas del siglo XX se sucedieron hechos que marcaron la \u00e9poca y dejaron profundas huellas. La p\u00e9rdida del istmo de Panam\u00e1 auspiciada por Estados Unidos, pa\u00eds que inauguraba su asunci\u00f3n a la condici\u00f3n de potencia imperialista. Al mismo tiempo la compa\u00f1\u00eda United Fruit Company establec\u00eda un enclave\u2026","rel":"","context":"En \u00abPronunciamientos de Organizaciones Sociales\u00bb","block_context":{"text":"Pronunciamientos de Organizaciones Sociales","link":"https:\/\/moir.com.co\/web\/category\/pronunciamientos-de-organizaciones-sociales\/"},"img":{"alt_text":"","src":"","width":0,"height":0},"classes":[]},{"id":639,"url":"https:\/\/moir.com.co\/web\/masiva-movilizacion-contra-el-tlc-y-el-alca\/","url_meta":{"origin":611,"position":2},"title":"MASIVA MOVILIZACI\u00d3N CONTRA EL TLC Y EL ALCA","author":"admin","date":"agosto 11, 2004","format":false,"excerpt":"En el sitio La Frutera, situado en la estrat\u00e9gica Troncal del Caribe a un kil\u00f3metro del casco urbano de Ci\u00e9naga, Magdalena, a las ocho de la ma\u00f1ana del 15 de abril confluyeron las delegaciones de trabajadores, maestros, campesinos, estudiantes, pescadores, productores de banano, caf\u00e9, frutas y pensionados, quienes proven\u00edan de\u2026","rel":"","context":"En \u00abPronunciamientos de Organizaciones Sociales\u00bb","block_context":{"text":"Pronunciamientos de Organizaciones Sociales","link":"https:\/\/moir.com.co\/web\/category\/pronunciamientos-de-organizaciones-sociales\/"},"img":{"alt_text":"","src":"","width":0,"height":0},"classes":[]},{"id":1416,"url":"https:\/\/moir.com.co\/web\/acto-de-solidaridad-con-los-trabajadores-de-la-drummond\/","url_meta":{"origin":611,"position":3},"title":"ACTO DE SOLIDARIDAD CON LOS TRABAJADORES DE LA DRUMMOND","author":"admin","date":"junio 13, 2006","format":false,"excerpt":"Sintramienerg\u00e9tica, Funtraenerg\u00e9tica, las subdirectivas de la CUT y los cap\u00edtulos de la Gran Coalici\u00f3n Democr\u00e1tica de Atl\u00e1ntico y Magdalena, han organizado una Marcha de Solidaridad con la Huelga de los trabajadores de la Drummond, que partir\u00e1 a las 9:00 AM de s\u00e1bado 1 de Julio, desde La Frutera hasta el\u2026","rel":"","context":"En \u00abGustavo Triana\u00bb","block_context":{"text":"Gustavo Triana","link":"https:\/\/moir.com.co\/web\/category\/bitacoras\/gustavo-triana\/"},"img":{"alt_text":"","src":"","width":0,"height":0},"classes":[]},{"id":8418,"url":"https:\/\/moir.com.co\/web\/centenares-de-caficultores-de-la-sierra-nevada-de-santa-marta-marcharon-en-cienaga-magdalena\/","url_meta":{"origin":611,"position":4},"title":"Centenares de caficultores de la Sierra Nevada de Santa Marta marcharon en Ci\u00e9naga, Magdalena","author":"admin","date":"mayo 5, 2014","format":false,"excerpt":"Al cumplirse la primera semana de paro nacional agrario, este lunes 5 de mayo los caficultores de la Sierra Nevada de Santa Marta, de los corregimientos cienagueros de Palmor, San Javier, San Pedro de la Sierra, Siberia y Cordobita, marcharon de manera entusiasta por la Troncal del Caribe en el\u2026","rel":"","context":"En \u00abPronunciamientos de Organizaciones Sociales\u00bb","block_context":{"text":"Pronunciamientos de Organizaciones Sociales","link":"https:\/\/moir.com.co\/web\/category\/pronunciamientos-de-organizaciones-sociales\/"},"img":{"alt_text":"","src":"","width":0,"height":0},"classes":[]},{"id":7070,"url":"https:\/\/moir.com.co\/web\/polo-democratico-del-atlantico-rindio-homenaje-a-los-martires-de-las-bananeras\/","url_meta":{"origin":611,"position":5},"title":"Polo Democr\u00e1tico del Atl\u00e1ntico rindi\u00f3 homenaje a los m\u00e1rtires de las bananeras","author":"admin","date":"diciembre 6, 2012","format":false,"excerpt":"Se cumplen 84 a\u00f1os de una de las m\u00e1s grandes ignominias contra el pueblo colombiano como lo fue la Masacre de las Bananeras ocurrida el 6 de diciembre de 1928, cuando m\u00e1s de treinta mil obreros que trabajaban en el enclave colonial que ten\u00eda la United Fruit Company en Ci\u00e9naga\u2026","rel":"","context":"En \u00abPolo Democr\u00e1tico Alternativo\u00bb","block_context":{"text":"Polo Democr\u00e1tico Alternativo","link":"https:\/\/moir.com.co\/web\/category\/polo-democratico-alternativo\/"},"img":{"alt_text":"","src":"","width":0,"height":0},"classes":[]}],"jetpack_sharing_enabled":true,"_links":{"self":[{"href":"https:\/\/moir.com.co\/web\/wp-json\/wp\/v2\/posts\/611","targetHints":{"allow":["GET"]}}],"collection":[{"href":"https:\/\/moir.com.co\/web\/wp-json\/wp\/v2\/posts"}],"about":[{"href":"https:\/\/moir.com.co\/web\/wp-json\/wp\/v2\/types\/post"}],"author":[{"embeddable":true,"href":"https:\/\/moir.com.co\/web\/wp-json\/wp\/v2\/users\/1"}],"replies":[{"embeddable":true,"href":"https:\/\/moir.com.co\/web\/wp-json\/wp\/v2\/comments?post=611"}],"version-history":[{"count":0,"href":"https:\/\/moir.com.co\/web\/wp-json\/wp\/v2\/posts\/611\/revisions"}],"wp:attachment":[{"href":"https:\/\/moir.com.co\/web\/wp-json\/wp\/v2\/media?parent=611"}],"wp:term":[{"taxonomy":"category","embeddable":true,"href":"https:\/\/moir.com.co\/web\/wp-json\/wp\/v2\/categories?post=611"},{"taxonomy":"post_tag","embeddable":true,"href":"https:\/\/moir.com.co\/web\/wp-json\/wp\/v2\/tags?post=611"}],"curies":[{"name":"wp","href":"https:\/\/api.w.org\/{rel}","templated":true}]}}