{"id":610,"date":"2004-08-11T07:00:00","date_gmt":"2004-08-11T07:00:00","guid":{"rendered":"https:\/\/moir.org.co\/web\/la-mujer-del-cesar-no-solamente-debe-ser-sino-parecer\/"},"modified":"2004-08-11T07:00:00","modified_gmt":"2004-08-11T07:00:00","slug":"la-mujer-del-cesar-no-solamente-debe-ser-sino-parecer","status":"publish","type":"post","link":"https:\/\/moir.com.co\/web\/la-mujer-del-cesar-no-solamente-debe-ser-sino-parecer\/","title":{"rendered":"&#8220;LA MUJER DEL CESAR NO SOLAMENTE DEBE SER, SINO PARECER&#8221;"},"content":{"rendered":"<p>Salvaci\u00f3n Agropecuaria, Ibagu\u00e9; diciembre 10 de 2003<\/p>\n<p>En el mes de octubre cuando nos enteramos que el doctor Rafael Hern\u00e1ndez manifest\u00f3 por un medio de comunicaci\u00f3n local que se iba a excluir el arroz del TLC con Estados Unidos, la verdad sentimos alegr\u00eda, pues cre\u00edamos que era idea de Minagricultura y que el doctor Uribe hab\u00eda aceptado todas las razones que adem\u00e1s tienen argumentos de mucho peso para este prop\u00f3sito, porque se iba a hacer justicia no solo con nuestro cereal sino con todos los productos de la canasta b\u00e1sica familiar, pues ninguno de ellos es competitivo en un libre mercado; pero la sorpresa fue mayor cuando al d\u00eda siguiente, los representantes de la SAC en reuni\u00f3n con Uribe salieron desilusionados y manifestaron que Cano los hab\u00eda traicionado (Portafolio, 15 septiembre de 2003).<\/p>\n<p>Pero no es el \u00fanico fiasco que hemos tenido con estas negociaciones, tambi\u00e9n le o\u00edmos a Cano que no se deber\u00eda negociar el TLC si Estados Unidos no eliminaba los subsidios, lo cual se cambi\u00f3 diciendo que se debe negociar sin que este pa\u00eds elimine los subsidios internos. Y siguen m\u00e1s cosas, en Canc\u00fan cuando se organiz\u00f3 el Grupo de los 21 en la reuni\u00f3n de la OMC \u201cque protestaba contra los subsidios a la agricultura de los pa\u00edses industrializados\u201d, en la cual se debieron comenzar a negociar los subsidios seg\u00fan lo prometido en Doha, Estados Unidos dijo que no los eliminaba, y Colombia obedeciendo se retiro del G-21 y comenz\u00f3 a negociar el TLC por orden del \u201cSer Supremo\u201d. Ahora nos vienen con la teor\u00eda \u201cde que lo que se trata es de saber negociar y que si los subsidios que da Estados Unidos al final del periodo de transici\u00f3n no se han eliminado, se sostendr\u00e1n las medidas de protecci\u00f3n en frontera\u201d, pero como vemos, para el gobierno saber negociar es \u201cdecir a todo que s\u00ed\u201d, no tenemos ni siquiera la m\u00ednima soberan\u00eda para tomar decisiones o aunque sea discutirlas, se obedece hasta por se\u00f1as, lo cual ha sido denunciado por la SAC en muchas oportunidades, una de ellas \u201cvan a usar el agro como comod\u00edn en las negociaciones del TLC\u201d, palabras de Rafael Mej\u00eda (El Pa\u00eds, julio 11 de 2003).<\/p>\n<p>La explicaci\u00f3n es sencilla para los arroceros, el arroz en Colombia vale 400 d\u00f3lares la tonelada de blanco, contra 200 d\u00f3lares en el mercado internacional; en el primer a\u00f1o de desgravaci\u00f3n quiebran al sector, ya que los subsidios que reciben los agricultores de Estados Unidos en forma individual valen 20 mil d\u00f3lares al a\u00f1o, que llevados a pesos colombianos bordean los 5 millones de pesos mensuales, cifras que nuestros cultivadores jam\u00e1s han contado ni menos recibido de parte del Estado.<\/p>\n<p>No solamente los productores de arroz en su congreso piden la participaci\u00f3n de Cano en las negociaciones y que se excluya al arroz del TLC y del ALCA, pues \u201cLo que no perdamos en el TLC, lo perderemos en el ALCA\u201d. Hace dos semanas en el Congreso de la SAC, Rafael Mej\u00eda pidi\u00f3 tambi\u00e9n a Cano que participara en las negociaciones de dicho tratado comercial y Cano respondi\u00f3 que Uribe por Ley era el que nombraba los negociadores (Portafolio 01 diciembre de 2003). Si lo anterior de por s\u00ed es grave, existen peores cosas como el hecho de que el negociador del TLC por el agro, Jos\u00e9 Leibovich sea de sesgo neoliberal y del equipo intelectual de Rudolf Hommes, lo cual ha sido denunciado por las agremiaciones del sector.<\/p>\n<p>La semana pasada, Jorge Humberto Botero, ministro de Industria y Comercio, es decir el que va a tomar las decisiones del TLC en representaci\u00f3n del gobierno y quien confirm\u00f3 la desgravaci\u00f3n arancelaria diferida para los productos del sector agropecuario, la cual ya ha sido aceptada err\u00f3neamente a cinco, diez, doce o m\u00e1s a\u00f1os, y en la cual queda involucrado el arroz, sencillamente van a rifar qu\u00e9 cultivo se quiebra cada a\u00f1o, qued\u00e1ndonos claro que para esa \u00e9poca, al final de las negociaciones, ya no encontraremos ni Canos, ni Uribes, ni Boteros que nos respondan a los 28 mil productores de arroz por los m\u00e1s de 300 mil empleos directos e indirectos perdidos.<\/p>\n<p>El tiempo por s\u00ed solo no da competitividad ni siquiera en 15 o m\u00e1s a\u00f1os, con incrementos en los insumos del 30 por ciento anual y con presupuestos de Minagricultura de 62 millones de d\u00f3lares para el presente a\u00f1o, inferior al de 1996, cuando el de Estados Unidos, pa\u00eds con el que estamos negociando es de 101 mil millones de d\u00f3lares, y subsidios de 180 mil millones de d\u00f3lares para los pr\u00f3ximos siete a\u00f1os. Pues bien, el se\u00f1or Botero en dicha entrevista con Yamid Amat, (El Tiempo\/ 01 diciembre de 2003), decret\u00f3 la muerte al sector automotr\u00edz y de autopartes diciendo ol\u00edmpicamente \u201ces una insensatez que sigamos fabricando carros en Colombia\u201d , ignorando que son 15 mil empleos directos adem\u00e1s de los indirectos que generan estos sectores.<\/p>\n<p>Por eso damos toda la raz\u00f3n a Ernesto Samper Pizano, expresidente de la Rep\u00fablica cuando afirm\u00f3 el pasado 6 de diciembre en Colprensa, \u201cque este tratado comercial con Estados Unidos es un suicidio\u201d. Todas estas r\u00e9plicas de los arroceros en su Congreso las recogemos como una bandera m\u00e1s de lucha, a la cual nos unimos por la defensa de la producci\u00f3n nacional, y al respecto manifestamos a los incr\u00e9dulos la frase salom\u00f3nica de la historia sagrada que cae como anillo al dedo del gobierno nacional \u201cLa mujer del c\u00e9sar no solamente debe ser, sino parecer\u201d, o sino podr\u00edamos pensar que toda esta encrucijada en que nos tienen, \u201ces un mandato divino que no es accesible a la mayor\u00eda de los mortales\u201d<\/p>\n<p>Por todo lo anterior, podemos vislumbrar que el a\u00f1o 2004 ser\u00e1 de mucha expectativa, pues seg\u00fan el gobierno se debe firmar el TLC con Estados Unidos, lo que generar\u00e1 movilizaciones por parte de todos los agricultores en Colombia para defender nuestra soberan\u00eda alimentaria.<\/p>\n<p>FELIZ NAVIDAD SIN TLC NI ALCA Y UN PROSPERO A\u00d1O NUEVO PARA TODOS USTEDES SON LOS DESEOS DE LA ASOCIACION NACIONAL POR LA SALVACION AGROPECUARIA<\/p>\n<p>A continuaci\u00f3n presentamos el art\u00edculo de Portafolio, de la secci\u00f3n de Agronegocios del 06 de diciembre de 2003, en el Congreso Nacional Arrocero:<\/p>\n<p>&#8216;Minagricultura debe estar en negociaciones del TLC&#8217;: arroceros Preocupados por defender la producci\u00f3n nacional, los arroceros piden que el Ministro de Agricultura haga parte del equipo de negociadores del tratado de libre comercio. El XXIX Congreso Nacional Arrocero que concluy\u00f3 el viernes en Bogot\u00e1, aprob\u00f3 una solicitud expresa en tal sentido, dirigida al presidente Alvaro Uribe V\u00e9lez. Los cultivadores consideran que la presencia del Ministro, es garant\u00eda para defender esa actividad productiva y adem\u00e1s solicitaron que el arroz sea excluido de las negociaciones por ser un producto altamente sensible a las distorsiones del mercado internacional. &#8220;Si nos ponen a competir es mucho el empleo que se va a acabar&#8221;, advirtieron.<\/p>\n<p>La preocupaci\u00f3n de los arroceros es proporcional a la satisfacci\u00f3n generada por el hecho de que Colombia alcanz\u00f3 en el 2003 la mayor \u00e1rea sembrada de arroz y el mayor nivel de productividad en toda la historia. Rafael Hern\u00e1ndez Lozano, gerente general de Fedearroz, dijo que este a\u00f1o se sembraron 490.000 hect\u00e1reas de arroz mecanizado que le han devuelto a la Naci\u00f3n sus niveles de autosuficiencia y 5,8 toneladas de paddy verde por hect\u00e1rea, promedio riego y secano, colocan al pa\u00eds como el de mayor productividad en la zona tropical. El 2003 tambi\u00e9n ha sido el a\u00f1o de m\u00e1s bajas importaciones. Se redujeron en 50 por ciento con relaci\u00f3n a las cantidades que se compraron hace dos a\u00f1os y el Instituto Colombiano Agropecuario acaba de aprobarle a Fedearroz la comercializaci\u00f3n de seis nuevas variedades del cereal, dos para los Llanos Orientales, dos para la Zona Centro y dos para la Costa Atl\u00e1ntica. <\/p>\n","protected":false},"excerpt":{"rendered":"<p>Salvaci\u00f3n Agropecuaria, Ibagu\u00e9; diciembre 10 de 2003 En el mes de octubre cuando nos enteramos que el doctor Rafael Hern\u00e1ndez manifest\u00f3 por un medio de comunicaci\u00f3n local que se iba a excluir el arroz del TLC con Estados Unidos, la verdad sentimos alegr\u00eda, pues cre\u00edamos que era idea de Minagricultura y que el doctor Uribe [&hellip;]<\/p>\n","protected":false},"author":1,"featured_media":0,"comment_status":"open","ping_status":"open","sticky":false,"template":"","format":"standard","meta":{"advanced_seo_description":"","jetpack_seo_html_title":"","jetpack_seo_noindex":false,"_jetpack_memberships_contains_paid_content":false,"footnotes":""},"categories":[7],"tags":[],"class_list":["post-610","post","type-post","status-publish","format-standard","hentry","category-pronunciamientos-de-organizaciones-sociales"],"jetpack_featured_media_url":"","jetpack-related-posts":[{"id":2515,"url":"https:\/\/moir.com.co\/web\/denme-una-sola-razon-de-estado-para-mantener-en-el-cargo-al-ministro-del-interior-y-de-justicia\/","url_meta":{"origin":610,"position":0},"title":"\u201cDENME UNA SOLA RAZ\u00d3N DE ESTADO PARA MANTENER  EN EL CARGO AL MINISTRO DEL INTERIOR Y DE JUSTICIA\u201d","author":"admin","date":"septiembre 23, 2008","format":false,"excerpt":"Intervenci\u00f3n del senador Jorge Enrique Robledo en el debate al ministro del Interior y de Justicia, Fabio Valencia Cossio, plenaria del Senado, 16 de septiembre de 2008 Antes de entrar en el debate, le hago un llamado cordial al gobierno nacional para que tome cartas en el asunto y resuelva\u2026","rel":"","context":"En \u00abJorge Enrique Robledo\u00bb","block_context":{"text":"Jorge Enrique Robledo","link":"https:\/\/moir.com.co\/web\/category\/jorge-enrique-robledo\/"},"img":{"alt_text":"","src":"","width":0,"height":0},"classes":[]},{"id":3589,"url":"https:\/\/moir.com.co\/web\/carlos-gaviria-diaz-en-cuatro-poblaciones-rompieron-propaganda-mia\/","url_meta":{"origin":610,"position":1},"title":"Carlos Gaviria D\u00edaz:  \u201cEn cuatro poblaciones rompieron propaganda m\u00eda\u201d","author":"admin","date":"septiembre 27, 2009","format":false,"excerpt":"Cecilia Orozco Tasc\u00f3n.- Algunos comentaristas de prensa, Petro y el Gobierno tienen dos caballitos de batalla contra usted. Voy con el primero: que hab\u00eda dicho que no quer\u00eda ser candidato y termin\u00f3 si\u00e9ndolo. Eso significar\u00eda, dicen, que le gusta la reelecci\u00f3n para usted pero no para Uribe. Carlos Gaviria D\u00edaz.-\u2026","rel":"","context":"En \u00abPolo Democr\u00e1tico Alternativo\u00bb","block_context":{"text":"Polo Democr\u00e1tico Alternativo","link":"https:\/\/moir.com.co\/web\/category\/polo-democratico-alternativo\/"},"img":{"alt_text":"","src":"","width":0,"height":0},"classes":[]},{"id":5020,"url":"https:\/\/moir.com.co\/web\/santos-y-uribe-no-son-el-doctor-jekyll-y-mister-hyde\/","url_meta":{"origin":610,"position":2},"title":"Santos y Uribe no son el Doctor Jekyll y M\u00edster Hyde","author":"admin","date":"noviembre 16, 2010","format":false,"excerpt":"La interesante inquietud que han tratado de resolver muchos analistas del comportamiento humano, incluso desde antes de que Robert Louis Stevenson hubiese escrito la extraordinaria obra literaria corresponde al eterno dilema de si es posible separar los aspectos perversos de los virtuosos en una misma persona. En la obra del\u2026","rel":"","context":"En \u00abJorge G\u00f3mez Gallego\u00bb","block_context":{"text":"Jorge G\u00f3mez Gallego","link":"https:\/\/moir.com.co\/web\/category\/bitacoras\/jorge-gomez-gallego\/"},"img":{"alt_text":"","src":"","width":0,"height":0},"classes":[]},{"id":2936,"url":"https:\/\/moir.com.co\/web\/debemos-ir-con-candidato-y-programa-propios-a-las-elecciones-del-2010\/","url_meta":{"origin":610,"position":3},"title":"DEBEMOS IR CON CANDIDATO Y PROGRAMA PROPIOS  A LAS ELECCIONES DEL 2010","author":"admin","date":"abril 3, 2009","format":false,"excerpt":"Queridos compa\u00f1eros y compa\u00f1eras: Empecemos por celebrar que nuevamente quedaron mal las fuerzas reaccionarias de Colombia cuando anticiparon que este hermoso evento iba a ser otro fracaso de las fuerzas progresistas. Es natural que haya debate, compa\u00f1eros y compa\u00f1eras. El Polo Democr\u00e1tico Alternativo no es una organizaci\u00f3n de clones y\u2026","rel":"","context":"En \u00abJorge Enrique Robledo\u00bb","block_context":{"text":"Jorge Enrique Robledo","link":"https:\/\/moir.com.co\/web\/category\/jorge-enrique-robledo\/"},"img":{"alt_text":"","src":"","width":0,"height":0},"classes":[]},{"id":1956,"url":"https:\/\/moir.com.co\/web\/que-se-suspenda-el-tramite-del-tlc-hasta-tanto-se-sepa-cuales-son-los-cambios-que-le-haran-al-texto-en-estados-unidos\/","url_meta":{"origin":610,"position":4},"title":"QUE SE SUSPENDA EL TR\u00c1MITE DEL TLC HASTA TANTO SE SEPA CU\u00c1LES SON LOS CAMBIOS QUE LE HAR\u00c1N AL TEXTO EN ESTADOS UNIDOS","author":"admin","date":"mayo 10, 2007","format":false,"excerpt":"Intervenci\u00f3n del senador Jorge Enrique Robledo, vocero del PDA, Plenaria del Senado, 10 de mayo de 2007\u00a0 Se confirma hoy que eran ciertas las advertencias que hicimos el Polo Democr\u00e1tico Alternativo, el Partido Liberal, el MIRA y los ind\u00edgenas en el sentido de que el TLC no se iba a\u2026","rel":"","context":"En \u00abJorge Enrique Robledo\u00bb","block_context":{"text":"Jorge Enrique Robledo","link":"https:\/\/moir.com.co\/web\/category\/jorge-enrique-robledo\/"},"img":{"alt_text":"","src":"","width":0,"height":0},"classes":[]},{"id":2083,"url":"https:\/\/moir.com.co\/web\/el-protocolo-adicional-del-tlc-no-cambia-la-naturaleza-lesiva-del-tratado-afirma-robledo\/","url_meta":{"origin":610,"position":5},"title":"EL PROTOCOLO ADICIONAL DEL TLC NO CAMBIA LA NATURALEZA LESIVA DEL TRATADO, AFIRMA ROBLEDO","author":"admin","date":"octubre 16, 2007","format":false,"excerpt":"Oficina de Prensa del Senador Jorge Enrique Robledo, Bogot\u00e1, octubre 16 de 2007 El llamado \u201cprotocolo adicional\u201d, de 21 p\u00e1ginas, que toca nueve de los 24 cap\u00edtulos del texto original, no cambia la naturaleza lesiva del TLC con Estados Unidos, afirm\u00f3 hoy en la plenaria el senador Jorge Enrique Robledo,\u2026","rel":"","context":"En \u00abJorge Enrique Robledo\u00bb","block_context":{"text":"Jorge Enrique Robledo","link":"https:\/\/moir.com.co\/web\/category\/jorge-enrique-robledo\/"},"img":{"alt_text":"","src":"","width":0,"height":0},"classes":[]}],"jetpack_sharing_enabled":true,"_links":{"self":[{"href":"https:\/\/moir.com.co\/web\/wp-json\/wp\/v2\/posts\/610","targetHints":{"allow":["GET"]}}],"collection":[{"href":"https:\/\/moir.com.co\/web\/wp-json\/wp\/v2\/posts"}],"about":[{"href":"https:\/\/moir.com.co\/web\/wp-json\/wp\/v2\/types\/post"}],"author":[{"embeddable":true,"href":"https:\/\/moir.com.co\/web\/wp-json\/wp\/v2\/users\/1"}],"replies":[{"embeddable":true,"href":"https:\/\/moir.com.co\/web\/wp-json\/wp\/v2\/comments?post=610"}],"version-history":[{"count":0,"href":"https:\/\/moir.com.co\/web\/wp-json\/wp\/v2\/posts\/610\/revisions"}],"wp:attachment":[{"href":"https:\/\/moir.com.co\/web\/wp-json\/wp\/v2\/media?parent=610"}],"wp:term":[{"taxonomy":"category","embeddable":true,"href":"https:\/\/moir.com.co\/web\/wp-json\/wp\/v2\/categories?post=610"},{"taxonomy":"post_tag","embeddable":true,"href":"https:\/\/moir.com.co\/web\/wp-json\/wp\/v2\/tags?post=610"}],"curies":[{"name":"wp","href":"https:\/\/api.w.org\/{rel}","templated":true}]}}