{"id":607,"date":"2004-08-11T07:00:00","date_gmt":"2004-08-11T07:00:00","guid":{"rendered":"https:\/\/moir.org.co\/web\/despidos-masivos-y-arbitrarios-en-el-c-i-tibaitata\/"},"modified":"2004-08-11T07:00:00","modified_gmt":"2004-08-11T07:00:00","slug":"despidos-masivos-y-arbitrarios-en-el-c-i-tibaitata","status":"publish","type":"post","link":"https:\/\/moir.com.co\/web\/despidos-masivos-y-arbitrarios-en-el-c-i-tibaitata\/","title":{"rendered":"DESPIDOS MASIVOS Y ARBITRARIOS EN EL C.I. TIBAITAT\u00c1"},"content":{"rendered":"<p>Por el delito de fortalecer nuestro sindicato de Industria \u2013SUMA-<\/p>\n<p>JUNTA DIRECTIVA SINALTRACORPOICA ANTIOQUIA, Medell\u00edn; diciembre 8 de 2003<\/p>\n<p>El pasado 29 de noviembre, un grupo de 24 compa\u00f1eros sindicalizados del C.I Tibaitat\u00e1 fueron despedidos arbitrariamente luego de notificar a la Administraci\u00f3n de Corpoica la creaci\u00f3n de la subdirectiva del SUMA, sindicato de Industria que recoge a los sectores organizados del sector agropecuario (sindicatos, gremios y asociaciones campesinas, comunidades negras e ind\u00edgenas) Dentro de este grupo se cuentan 18 compa\u00f1eros del Taller de Tibaitat\u00e1, caracterizados por su combatividad y firmeza en la defensa de los intereses de los trabajadores de Corpoica, hasta el punto de convertirse en el permanente dolor de cabeza de una administraci\u00f3n err\u00e1tica y ajena a los sentimientos de los trabajadores y del mismo sector agropecuario<\/p>\n<p>Con su acci\u00f3n consciente y conocedora de sus implicaciones legales, la administraci\u00f3n est\u00e1 no s\u00f3lo atropellando vilmente a los trabajadores, sino violando flagrantemente la legislaci\u00f3n laboral. Igualmente se hab\u00edan atrevido a hablarle al sindicato de un \u201cPacto de caballeros\u201d que han incumplido desde su firma y que evidentemente nunca pensaron cumplir.<\/p>\n<p>La administraci\u00f3n de Corpoica cree que este es un conflicto exclusivamente con Sinaltracorpoica, o mejor, contra Sinaltracorpoica, no se da cuenta, o no quiere darse cuenta, que nos estamos convirtiendo en un movimiento nacional que trasciende el simple marco corporativo y nos estamos preparando para defender el manejo soberano de nuestros recursos naturales, la Investigaci\u00f3n agropecuaria y la soberan\u00eda alimentaria, el respeto de los escasos derechos que tenemos los trabajadores en esta entidad, la autonom\u00eda financiera para CORPOICA, y la defensa del derecho de asociaci\u00f3n sindical y de negociaci\u00f3n colectiva.<\/p>\n<p>Desde el mismo congreso colombiano, ya hay representantes y senadores que exigen al gobierno cumplir los mandatos constitucionales sobre ciencia y tecnolog\u00eda para el sector agropecuario, suficientes recursos para que nuestras entidades puedan funcionar, administradores honestos y eficientes y no simples recomendados de la oligarqu\u00eda o la clase pol\u00edtica tradicional, y ya se preparan proyectos de ley que garanticen la soberan\u00eda alimentaria para nuestro pueblo. Aunados a ellos debemos estar preparando las movilizaciones de todo el sector contra negociaciones como el TLC \u00f3 el ALCA y toda la pol\u00edtica antiagraria que est\u00e1 preparando el gobierno<\/p>\n<p>Hacemos un llamado a cada trabajador de Corpoica para tener clara la dimensi\u00f3n de lo que significa permitir esta masacre laboral, por la prepotencia de administradores que solo piensan en como aprovechar su momento, su cuarto de hora, mientras se desmonta poco a poco la escasa protecci\u00f3n y asistencia que ten\u00edan los productores del agro colombiano.<\/p>\n<p>No debe haber ning\u00fan titubeo, ninguna duda, en el sentido de entender que est\u00e1 en juego la defensa del Agro colombiano, de la Investigaci\u00f3n agropecuaria como compromiso constitucional del gobierno, de los derechos adquiridos y de la soberan\u00eda nacional. Igualmente SINALTRACORPOICA entiende la urgencia de desarrollar las formas organizativas para lo que ya se perfila como un conflicto de otras magnitudes a lo que est\u00e1bamos acostumbrados, entendiendo que el tribunal de arbitramento est\u00e1 vivo y legalmente constituido y que lo reclamaremos hasta que se llegue a un laudo arbitral que solucione definitivamente la situaci\u00f3n de los trabajadores sindicalizados de Corpoica y produzca los efectos que deseamos en beneficio de la totalidad de los trabajadores sindicalizados o no sindicalizados.<\/p>\n<p>Las acciones de los trabajadores deben aplicarse a partir de este momento y deber\u00e1 desembocar con la realizaci\u00f3n de una acci\u00f3n contundente, que sirva de respuesta a las tantas agresiones que hemos recibido de parte de la administraci\u00f3n, debemos declararnos en ANORMALIDAD LABORAL. Estas tareas se pueden desarrollar por medio de m\u00edtines diarios por secciones y programas, Centros de Investigaci\u00f3n y unidades locales, asambleas permanentes, etc. Debemos entenderlo como un proceso progresivo de desarrollo de actividades y sumando fuerzas y sectores, de manera que se garanticen resultados favorables para la los trabajadores. Todos los dirigentes sindicales debemos estar disponibles las 24 horas del d\u00eda, se debe poner al servicio de la organizaci\u00f3n todos los recursos t\u00e9cnicos y humanos con los que contemos para garantizar el desarrollo satisfactorio en la b\u00fasqueda del reintegro de nuestros compa\u00f1eros despedidos y el cumplimiento de la decisi\u00f3n de los trabajadores de convocar el tribunal de arbitramento.<\/p>\n<p>No estamos solos, las fuerzas organizadas y progresistas del sector agropecuario (SUMA, Salvaci\u00f3n Agropecuaria, CUT) est\u00e1n alerta, debemos llamarlos y unirnos activamente en el resto de luchas del pueblo colombiano, que como la nuestra, son producto de la prepotencia del poder que detentan los actuales t\u00edteres del imperio. La tarea es altamente compleja, pero estamos seguros que con nuestra m\u00edstica y disciplina sindical, con la unidad y apoyo de todas las iniciativas nacionales y regionales, esta pelea permitir\u00e1 echar atr\u00e1s la actitud prepotente e intransigente de la administraci\u00f3n, el torpe autoritarismo de corte militarote, deslegitimar la patra\u00f1a de un \u201cacuerdo\u201d enga\u00f1oso y tramposo, que adem\u00e1s de asaltar la buena f\u00e9 de compa\u00f1eros que han pecado por \u201cingenuos\u201d, tampoco lo cumplen, y garantizar la defensa del manejo adecuado de los escasos recursos que la naci\u00f3n entrega a Corpoica, ya que la incompetencia no permite allegar recursos adicionales.<\/p>\n<p>Atentamente,<\/p>\n<p>JUNTA DIRECTIVA SINALTRACORPOICA ANTIOQUIA<\/p>\n<p>Iv\u00e1n de Jes\u00fas Higuita Corrales<br \/>\nPresidente Subdirectiva<\/p>\n<p>Oscar Iv\u00e1n Arbel\u00e1ez Bocan\u00famenth<br \/>\nSecretario Junta Directiva Nacional<\/p>\n","protected":false},"excerpt":{"rendered":"<p>Por el delito de fortalecer nuestro sindicato de Industria \u2013SUMA- JUNTA DIRECTIVA SINALTRACORPOICA ANTIOQUIA, Medell\u00edn; diciembre 8 de 2003 El pasado 29 de noviembre, un grupo de 24 compa\u00f1eros sindicalizados del C.I Tibaitat\u00e1 fueron despedidos arbitrariamente luego de notificar a la Administraci\u00f3n de Corpoica la creaci\u00f3n de la subdirectiva del SUMA, sindicato de Industria que [&hellip;]<\/p>\n","protected":false},"author":1,"featured_media":0,"comment_status":"open","ping_status":"open","sticky":false,"template":"","format":"standard","meta":{"advanced_seo_description":"","jetpack_seo_html_title":"","jetpack_seo_noindex":false,"_jetpack_memberships_contains_paid_content":false,"footnotes":""},"categories":[7],"tags":[],"class_list":["post-607","post","type-post","status-publish","format-standard","hentry","category-pronunciamientos-de-organizaciones-sociales"],"jetpack_featured_media_url":"","jetpack-related-posts":[{"id":588,"url":"https:\/\/moir.com.co\/web\/alerta-sobre-el-inminente-cierre-de-corpoica-eje-fundamental-de-la-investigacion-al-servicio-del-sector-agropecuario\/","url_meta":{"origin":607,"position":0},"title":"ALERTA SOBRE EL INMINENTE CIERRE DE CORPOICA, EJE FUNDAMENTAL DE LA INVESTIGACI\u00d3N AL SERVICIO DEL SECTOR AGROPECUARIO","author":"admin","date":"agosto 11, 2004","format":false,"excerpt":"Salvaci\u00f3n Agropecuaria, medell\u00edn, septiembre 20 de 2003 Desde el pasado mes de agosto, la Corporaci\u00f3n Colombiana de Investigaci\u00f3n Agropecuaria CORPOICA, \u00fanica entidad que desarrolla esa actividad, se encuentra sin recursos para el pago de salarios, compra de insumos y mantenimiento. Los ingresos de la Corporaci\u00f3n dependen en un 98 %\u2026","rel":"","context":"En \u00abPronunciamientos de Organizaciones Sociales\u00bb","block_context":{"text":"Pronunciamientos de Organizaciones Sociales","link":"https:\/\/moir.com.co\/web\/category\/pronunciamientos-de-organizaciones-sociales\/"},"img":{"alt_text":"","src":"","width":0,"height":0},"classes":[]},{"id":19607,"url":"https:\/\/moir.com.co\/web\/avanza-la-lucha-del-proletariado\/","url_meta":{"origin":607,"position":1},"title":"AVANZA LA LUCHA DEL PROLETARIADO","author":"admin","date":"agosto 4, 2004","format":false,"excerpt":"El sindicato y los trabajadores de Pa\u00f1os Vicu\u00f1a de Medell\u00edn lograron una importante victoria al derrotar un arbitrario e ilegal pacto colectivo, despu\u00e9s de casi dos a\u00f1os de lucha abnegada y valerosa. El 26 de junio de 1970, el Ministerio del Trabajo prorrog\u00f3 unilateralmente por dos a\u00f1os el laudo arbitral\u2026","rel":"","context":"En \u00abTribuna Roja N\u00ba 03, noviembre de 1971\u00bb","block_context":{"text":"Tribuna Roja N\u00ba 03, noviembre de 1971","link":"https:\/\/moir.com.co\/web\/category\/tribuna-roja\/ediciones-1971-1974\/tribuna-roja-no-3-noviembre-de-1971\/"},"img":{"alt_text":"","src":"","width":0,"height":0},"classes":[]},{"id":537,"url":"https:\/\/moir.com.co\/web\/viva-la-jornada-civica-de-resistencia-de-barrancabermeja\/","url_meta":{"origin":607,"position":2},"title":"VIVA LA JORNADA C\u00cdVICA DE RESISTENCIA DE BARRANCABERMEJA","author":"admin","date":"agosto 10, 2004","format":false,"excerpt":"Hoy, 24 de Julio, las m\u00e1s diversas formas y expresiones de la sociedad barranque\u00f1a y sus organizaciones, el chancero, el estibador, el pescador, las amas de casa, los estudiantes, la iglesia, las mujeres, los comerciantes, los transportadores, los sindicalistas, las organizaciones de Derechos Humanos, y el pueblo en general, participa\u2026","rel":"","context":"En \u00abPronunciamientos de Organizaciones Sociales\u00bb","block_context":{"text":"Pronunciamientos de Organizaciones Sociales","link":"https:\/\/moir.com.co\/web\/category\/pronunciamientos-de-organizaciones-sociales\/"},"img":{"alt_text":"","src":"","width":0,"height":0},"classes":[]},{"id":1914,"url":"https:\/\/moir.com.co\/web\/carta-a-congresistas-democratas-sobre-el-tlc\/","url_meta":{"origin":607,"position":3},"title":"CARTA A CONGRESISTAS DEM\u00d3CRATAS SOBRE EL TLC","author":"admin","date":"abril 19, 2007","format":false,"excerpt":"Bogot\u00e1, 19 de Abril de 2007 Se\u00f1ores\u00a0 Congresswoman NANCY PELOSI, Speaker of the House of Representatives Congressman RAHM EMMANUEL, Chair, Democratic Caucus, House of Rep. Congressman CHARLES RANGEL, Chair, Ways and Means Committee Congressman SANDER LEVIN, Chair, Trade Subcommittee, Ways and Means Congresswoman LOUISE SLAUGTHTER, Chair, Rules Committee, House of\u2026","rel":"","context":"En \u00ab\u00a1No a los TLC y al ALCA!\u00bb","block_context":{"text":"\u00a1No a los TLC y al ALCA!","link":"https:\/\/moir.com.co\/web\/category\/temas\/no-a-los-tlc-y-al-alca\/"},"img":{"alt_text":"","src":"","width":0,"height":0},"classes":[]},{"id":8445,"url":"https:\/\/moir.com.co\/web\/proyecto-de-ley-facilita-que-multinacionales-se-apropien-del-patrimonio-genetico-de-la-nacion\/","url_meta":{"origin":607,"position":4},"title":"Proyecto de ley facilita que multinacionales se apropien del patrimonio gen\u00e9tico de la naci\u00f3n","author":"admin","date":"mayo 21, 2014","format":false,"excerpt":"Avanza la privatizaci\u00f3n de las colecciones biol\u00f3gicas de la Naci\u00f3n. Multinacionales participan en entidad que administrar\u00eda los recursos gen\u00e9ticos. Tr\u00e1mite del proyecto es ilegal. Conflicto de intereses del ministro Lizarralde. Mediante un proyecto que el Congreso est\u00e1 a punto de aprobar, el presidente Santos pretende entregarle a Corpoica las colecciones\u2026","rel":"","context":"En \u00abJorge Enrique Robledo\u00bb","block_context":{"text":"Jorge Enrique Robledo","link":"https:\/\/moir.com.co\/web\/category\/jorge-enrique-robledo\/"},"img":{"alt_text":"","src":"","width":0,"height":0},"classes":[]},{"id":21288,"url":"https:\/\/moir.com.co\/web\/sigue-detenido-oscar-gutierrez\/","url_meta":{"origin":607,"position":5},"title":"SIGUE DETENIDO OSCAR GUTI\u00c9RREZ","author":"admin","date":"febrero 16, 2009","format":false,"excerpt":"Acusados con cargos falsos, miembros del Sindicato Nacional de Trabajadores Agr\u00edcolas, y varios militantes del MOIR permanecieron arbitrariamente arrestados durante cuatro meses y medio en las c\u00e1rceles de Manizales. S\u00f3lo hasta el 21 de febrero fueron puestos en libertad los compa\u00f1eros Angela Escobar de Guti\u00e9rrez, Pedro Zapata Orozco, Pedro Luis\u2026","rel":"","context":"En \u00abTribuna Roja N\u00ba 33, Bogot\u00e1; febrero-marzo de 1979\u00bb","block_context":{"text":"Tribuna Roja N\u00ba 33, Bogot\u00e1; febrero-marzo de 1979","link":"https:\/\/moir.com.co\/web\/category\/tribuna-roja\/ediciones-1975-1979\/tribuna-roja-n-33-bogota-febrero-marzo-de-1979\/"},"img":{"alt_text":"","src":"","width":0,"height":0},"classes":[]}],"jetpack_sharing_enabled":true,"_links":{"self":[{"href":"https:\/\/moir.com.co\/web\/wp-json\/wp\/v2\/posts\/607","targetHints":{"allow":["GET"]}}],"collection":[{"href":"https:\/\/moir.com.co\/web\/wp-json\/wp\/v2\/posts"}],"about":[{"href":"https:\/\/moir.com.co\/web\/wp-json\/wp\/v2\/types\/post"}],"author":[{"embeddable":true,"href":"https:\/\/moir.com.co\/web\/wp-json\/wp\/v2\/users\/1"}],"replies":[{"embeddable":true,"href":"https:\/\/moir.com.co\/web\/wp-json\/wp\/v2\/comments?post=607"}],"version-history":[{"count":0,"href":"https:\/\/moir.com.co\/web\/wp-json\/wp\/v2\/posts\/607\/revisions"}],"wp:attachment":[{"href":"https:\/\/moir.com.co\/web\/wp-json\/wp\/v2\/media?parent=607"}],"wp:term":[{"taxonomy":"category","embeddable":true,"href":"https:\/\/moir.com.co\/web\/wp-json\/wp\/v2\/categories?post=607"},{"taxonomy":"post_tag","embeddable":true,"href":"https:\/\/moir.com.co\/web\/wp-json\/wp\/v2\/tags?post=607"}],"curies":[{"name":"wp","href":"https:\/\/api.w.org\/{rel}","templated":true}]}}