{"id":606,"date":"2004-08-11T07:00:00","date_gmt":"2004-08-11T07:00:00","guid":{"rendered":"https:\/\/moir.org.co\/web\/unidad-cafetera-asistira-a-encuentro-internacional-del-sector-cafetero-promovido-por-la-onu-en-ginebra-suiza\/"},"modified":"2004-08-11T07:00:00","modified_gmt":"2004-08-11T07:00:00","slug":"unidad-cafetera-asistira-a-encuentro-internacional-del-sector-cafetero-promovido-por-la-onu-en-ginebra-suiza","status":"publish","type":"post","link":"https:\/\/moir.com.co\/web\/unidad-cafetera-asistira-a-encuentro-internacional-del-sector-cafetero-promovido-por-la-onu-en-ginebra-suiza\/","title":{"rendered":"UNIDAD CAFETERA ASISTIR\u00c1 A ENCUENTRO INTERNACIONAL DEL SECTOR CAFETERO PROMOVIDO POR LA ONU EN GINEBRA (SUIZA)"},"content":{"rendered":"<p>Unidad Cafetera Nacional, Pereira, diciembre 4 de 2003.<\/p>\n<p>Los d\u00edas 8 y 9 de diciembre se desarrollar\u00e1 en Ginebra (Suiza) un encuentro internacional del sector cafetero mundial promovido por la ONU, a trav\u00e9s de su Conferencia para el Comercio y el Desarrollo \u2013UNCTAD- y en asocio con el Instituto Internacional para el Desarrollo Sostenible \u2013IISD-.<\/p>\n<p>El prop\u00f3sito de dicho encuentro es promover una \u201cIniciativa de Sostenibilidad para el Caf\u00e9, explorando oportunidades para la Cooperaci\u00f3n Internacional\u201d. Para ello se ha invitado a cerca de 50 personas del mundo entero, representes de la industria procesadora, del comercio al por mayor y al detal, de las agencias de desarrollo, de las instituciones internacionales cafeteras, de las instituciones nacionales y de los productores a participar en las discusiones sobre los principios generales que regir\u00edan tal colaboraci\u00f3n y de las agendas que deber\u00e1n adelantarse para alcanzarla.<\/p>\n<p>Dentro de la delegaci\u00f3n colombiana ir\u00e1n representantes de los exportadores privados, las cooperativas, las instituciones cafeteras y de Unidad Cafetera, que estar\u00e1 representada por su presidente nacional, Aurelio Su\u00e1rez Montoya. Unidad Cafetera insistir\u00e1 en ese evento en que la base de cualquier entendimiento que se pretenda impulsar debe ser la de un precio internacional equitativo, respaldado en especial por los gobiernos de los pa\u00edses consumidores. No es posible ning\u00fan consenso global sin dicha premisa. <\/p>\n","protected":false},"excerpt":{"rendered":"<p>Unidad Cafetera Nacional, Pereira, diciembre 4 de 2003. Los d\u00edas 8 y 9 de diciembre se desarrollar\u00e1 en Ginebra (Suiza) un encuentro internacional del sector cafetero mundial promovido por la ONU, a trav\u00e9s de su Conferencia para el Comercio y el Desarrollo \u2013UNCTAD- y en asocio con el Instituto Internacional para el Desarrollo Sostenible \u2013IISD-. [&hellip;]<\/p>\n","protected":false},"author":1,"featured_media":0,"comment_status":"open","ping_status":"open","sticky":false,"template":"","format":"standard","meta":{"advanced_seo_description":"","jetpack_seo_html_title":"","jetpack_seo_noindex":false,"_jetpack_memberships_contains_paid_content":false,"footnotes":""},"categories":[7],"tags":[],"class_list":["post-606","post","type-post","status-publish","format-standard","hentry","category-pronunciamientos-de-organizaciones-sociales"],"jetpack_featured_media_url":"","jetpack-related-posts":[{"id":467,"url":"https:\/\/moir.com.co\/web\/encuentro-cafetero-en-suiza\/","url_meta":{"origin":606,"position":0},"title":"ENCUENTRO CAFETERO EN SUIZA","author":"admin","date":"agosto 9, 2004","format":false,"excerpt":"Unidad Cafetera Nacional, LA TARDE. Pereira, enero 10 de 2003 Con el fin de llegar a un acuerdo sobre los futuro desarrollo en la tarea de defender a los productores mundiales de caf\u00e9 ante las inicuas iniciativas adelantadas por las multinacionales en su contra, se efectuar\u00e1 entre el 13 y\u2026","rel":"","context":"En \u00abPronunciamientos de Organizaciones Sociales\u00bb","block_context":{"text":"Pronunciamientos de Organizaciones Sociales","link":"https:\/\/moir.com.co\/web\/category\/pronunciamientos-de-organizaciones-sociales\/"},"img":{"alt_text":"","src":"","width":0,"height":0},"classes":[]},{"id":473,"url":"https:\/\/moir.com.co\/web\/alianza-global-por-la-defensa-del-cafe-reclama-un-plan-de-rescate-de-los-cafeteros-del-mundo\/","url_meta":{"origin":606,"position":1},"title":"\u00a1ALIANZA GLOBAL POR LA DEFENSA DEL CAF\u00c9 RECLAMA UN PLAN DE RESCATE DE LOS CAFETEROS DEL MUNDO!","author":"admin","date":"agosto 9, 2004","format":false,"excerpt":"Unidad Cafetera Nacional, Ginebra (Suiza) enero 14 de 2003 La Alianza Global por la defensa del CAF\u00c9, que se constituy\u00f3 en Ginebra (Suiza) el 13 y 14 de enero de 2003, reclam\u00f3 de los poderes econ\u00f3micos y pol\u00edticos del mundo un Plan de Rescate para hacer un mercado cafetero estable\u2026","rel":"","context":"En \u00abPronunciamientos de Organizaciones Sociales\u00bb","block_context":{"text":"Pronunciamientos de Organizaciones Sociales","link":"https:\/\/moir.com.co\/web\/category\/pronunciamientos-de-organizaciones-sociales\/"},"img":{"alt_text":"","src":"","width":0,"height":0},"classes":[]},{"id":469,"url":"https:\/\/moir.com.co\/web\/a-la-reunion-de-la-alianza-global-en-defensa-del-cafe\/","url_meta":{"origin":606,"position":2},"title":"A LA REUNI\u00d3N DE LA ALIANZA GLOBAL EN DEFENSA DEL CAF\u00c9","author":"admin","date":"agosto 9, 2004","format":false,"excerpt":"Aurelio Su\u00e1rez Montoya. Presidente Nacional, Ginebra Suiza,enero 13 de 2003 En primer lugar, quiero expresar los agradecimientos por la invitaci\u00f3n que OXFAM y la Alianza Global por la Defensa del Caf\u00e9 le han hecho a la UNIDAD CAFETERA NACIONAL de Colombia para asistir a este encuentro. As\u00ed mismo, creo que\u2026","rel":"","context":"En \u00abPronunciamientos de Organizaciones Sociales\u00bb","block_context":{"text":"Pronunciamientos de Organizaciones Sociales","link":"https:\/\/moir.com.co\/web\/category\/pronunciamientos-de-organizaciones-sociales\/"},"img":{"alt_text":"","src":"","width":0,"height":0},"classes":[]},{"id":178,"url":"https:\/\/moir.com.co\/web\/el-presidente-lanza-cortina-de-humo\/","url_meta":{"origin":606,"position":3},"title":"EL PRESIDENTE LANZA CORTINA DE HUMO","author":"admin","date":"agosto 7, 2004","format":false,"excerpt":"Unidad Cafetera, septiembre 13 de 2001 Como es sabido, Unidad Cafetera Nacional ha tenido no pocas diferencias con la Federaci\u00f3n de Cafeteros, principalmente en lo que deben ser las relaciones entre los gremios de productores y los gobiernos nacionales. De ah\u00ed que les corresponda a los dirigentes de la Federaci\u00f3n\u2026","rel":"","context":"En \u00abAgro\u00bb","block_context":{"text":"Agro","link":"https:\/\/moir.com.co\/web\/category\/temas\/agro\/"},"img":{"alt_text":"","src":"","width":0,"height":0},"classes":[]},{"id":19835,"url":"https:\/\/moir.com.co\/web\/crisis-cafetera-presidente-pastrana-lanza-cortina-de-humo\/","url_meta":{"origin":606,"position":4},"title":"Crisis cafetera: PRESIDENTE PASTRANA LANZA CORTINA DE HUMO","author":"admin","date":"agosto 10, 2004","format":false,"excerpt":"Es el gobierno el que tiene la principal responsabilidad por los errores cometidos en la orientaci\u00f3n de la caficultura nacional Por la gran importancia que tiene para la comprensi\u00f3n de los principales problemas de la crisis cafetera, publicamos completo el comunicado de Unidad Cafetera Nacional, en referencia a la carta\u2026","rel":"","context":"En \u00abTribuna Roja N\u00ba 85, octubre 11 de 2001\u00bb","block_context":{"text":"Tribuna Roja N\u00ba 85, octubre 11 de 2001","link":"https:\/\/moir.com.co\/web\/category\/tribuna-roja\/ediciones-2000-2004\/tribuna-roja-no-85-octubre-11-de-2001\/"},"img":{"alt_text":"","src":"","width":0,"height":0},"classes":[]},{"id":6588,"url":"https:\/\/moir.com.co\/web\/en-defensa-de-la-dignidad-el-ingreso-y-la-produccion-cafetera-nacional-movilicemonos\/","url_meta":{"origin":606,"position":5},"title":"En defensa de la dignidad, el ingreso y la producci\u00f3n cafetera nacional  \u00a1Movilic\u00e9monos!","author":"admin","date":"junio 6, 2012","format":false,"excerpt":"Realizamos, en medio de la tradicional hospitalidad del pueblo ind\u00edgena y campesino de Riosucio, Caldas, el Encuentro Regional Cafetero del Occidente de Colombia. M\u00e1s de 700 dirigentes provenientes de m\u00e1s de cien Municipios de los departamentos de Antioqu\u00eda, Caldas, Risaralda, Quind\u00edo, Valle del Cauca, Cauca y Tolima y con el\u2026","rel":"","context":"En \u00abPronunciamientos de Organizaciones Sociales\u00bb","block_context":{"text":"Pronunciamientos de Organizaciones Sociales","link":"https:\/\/moir.com.co\/web\/category\/pronunciamientos-de-organizaciones-sociales\/"},"img":{"alt_text":"","src":"","width":0,"height":0},"classes":[]}],"jetpack_sharing_enabled":true,"_links":{"self":[{"href":"https:\/\/moir.com.co\/web\/wp-json\/wp\/v2\/posts\/606","targetHints":{"allow":["GET"]}}],"collection":[{"href":"https:\/\/moir.com.co\/web\/wp-json\/wp\/v2\/posts"}],"about":[{"href":"https:\/\/moir.com.co\/web\/wp-json\/wp\/v2\/types\/post"}],"author":[{"embeddable":true,"href":"https:\/\/moir.com.co\/web\/wp-json\/wp\/v2\/users\/1"}],"replies":[{"embeddable":true,"href":"https:\/\/moir.com.co\/web\/wp-json\/wp\/v2\/comments?post=606"}],"version-history":[{"count":0,"href":"https:\/\/moir.com.co\/web\/wp-json\/wp\/v2\/posts\/606\/revisions"}],"wp:attachment":[{"href":"https:\/\/moir.com.co\/web\/wp-json\/wp\/v2\/media?parent=606"}],"wp:term":[{"taxonomy":"category","embeddable":true,"href":"https:\/\/moir.com.co\/web\/wp-json\/wp\/v2\/categories?post=606"},{"taxonomy":"post_tag","embeddable":true,"href":"https:\/\/moir.com.co\/web\/wp-json\/wp\/v2\/tags?post=606"}],"curies":[{"name":"wp","href":"https:\/\/api.w.org\/{rel}","templated":true}]}}