{"id":604,"date":"2004-08-11T07:00:00","date_gmt":"2004-08-11T07:00:00","guid":{"rendered":"https:\/\/moir.org.co\/web\/no-cesaremos-en-la-lucha-por-implantar-la-democracia-y-erradicar-la-corrupcion-y-la-politiqueria\/"},"modified":"2004-08-11T07:00:00","modified_gmt":"2004-08-11T07:00:00","slug":"no-cesaremos-en-la-lucha-por-implantar-la-democracia-y-erradicar-la-corrupcion-y-la-politiqueria","status":"publish","type":"post","link":"https:\/\/moir.com.co\/web\/no-cesaremos-en-la-lucha-por-implantar-la-democracia-y-erradicar-la-corrupcion-y-la-politiqueria\/","title":{"rendered":"NO CESAREMOS EN LA LUCHA POR IMPLANTAR LA DEMOCRACIA Y ERRADICAR LA CORRUPCI\u00d3N Y LA POLITIQUER\u00cdA"},"content":{"rendered":"<p>Universidad Surcolombiana, Asamblea Permanente de estudiantes, profesores y trabajadores; Neiva, diciembre 1 de 2003<\/p>\n<p>Tras 15 d\u00edas de Asamblea Permanente y airadas protestas de estudiantes, profesores y trabajadores de la Universidad Surcolombiana, el Consejo Superior impone su decisi\u00f3n de nombrar rector sin consultar a la comunidad universitaria que valientemente enarbola la bandera de la elecci\u00f3n democr\u00e1tica directa. A pesar del vehemente rechazo, el Consejo Superior persiste en la autocracia y el autoritarismo sobre las aspiraciones progresistas de una comunidad acad\u00e9mica de m\u00e1s de 10.000 integrantes. Mar\u00eda Moliner define autocracia como el \u201cGobierno desp\u00f3tico ejercido por una sola persona\u201d, en nuestro caso el Consejo Superior; y autoritario t\u00e9rmino \u00abAplicado a personas y gobiernos y a su manera de actuar, inclinado a imponer su voluntad. Se aplica al gobierno o persona que gobierna o dirige sin dejar a otros participar en sus determinaciones. D\u00e9spota\u201d. Pues bien, este es el car\u00e1cter de la determinaci\u00f3n adoptada con la intervenci\u00f3n directa del Ministerio de Educaci\u00f3n a trav\u00e9s de su delegada y del viceministro. Y con los votos de sus peleles: Guillermo Am\u00e9zquita, delegado del gobernador; Armando Ariza, representante del sector productivo; Eduardo Corredor, de los egresados; y Efra\u00edn Jim\u00e9nez Ditta, del Consejo Acad\u00e9mico. Infortunadamente la decisi\u00f3n ha sido refrendada en reuni\u00f3n subsiguiente por Hugo Tovar Marroqu\u00edn, representante del presidente Uribe. Y cayeron en la ingenuidad o en la astucia de avalarla Luis Humberto Alvarado, representante de los ex-rectores, y parad\u00f3jicamente Miguel Cristancho, representante de los profesores. Solo mantiene una posici\u00f3n firme y digna en defensa de la democracia el representante estudiantil William Mart\u00ednez.<\/p>\n<p>El acuerdo expedido establece que \u201cla designaci\u00f3n se realizar\u00e1 con participaci\u00f3n de los estamentos: docente, estudiantil, directivos acad\u00e9micos, egresados, exrectores y sector productivo, cada uno de los cuales presentar\u00e1n m\u00e1ximo dos (2) aspirantes seleccionados democr\u00e1ticamente mediante consulta estamentaria\u201d. Consideramos que este procedimiento aprobado para la designaci\u00f3n de rector, adem\u00e1s de antidemocr\u00e1tico, constituye una farsa. Doce aspirantes presentados bajo el sofisma de la \u2018selecci\u00f3n democr\u00e1tica\u2019, exceptuando al del sector productivo que se deja en plena libertad de escogencia, para que el Consejo Superior seleccione a su ama\u00f1o apelando a los consabidos concili\u00e1bulos y prebendas entre sus miembros para imponer al candidato oficial o de su preferencia. Por tal motivo, convocamos de inmediato a la desobediencia civil y a la abstenci\u00f3n activa. Declaramos que no participaremos en esa artima\u00f1a y desarrollaremos una labor persuasiva para que la comunidad universitaria se abstenga de manera consciente de intervenir en este enga\u00f1o autoritario.<\/p>\n<p>Falazmente el Consejo Superior, en comunicado firmado por el viceministro Javier Botero \u00c1lvarez, se atreve a aseverar que la reforma de los estatutos se efectu\u00f3 \u201ccon la participaci\u00f3n de la comunidad acad\u00e9mica mediante la presentaci\u00f3n de propuestas, las cuales fueron tenidas en cuenta y debatidas ampliamente, de forma tal que en la conclusi\u00f3n final se conjugaron los planteamientos realizados\u201d. Argumento absurdo para desconocer la solicitud de revocatoria del acuerdo, que suspende la participaci\u00f3n democr\u00e1tica para la elecci\u00f3n de rector, respaldada por m\u00e1s de 3.500 firmas y la marcha por las calles de la ciudad que super\u00f3 los 2.500 manifestantes.<\/p>\n<p>La disposici\u00f3n adoptada responde a la pol\u00edtica de recuperaci\u00f3n de la gobernabilidad emprendida por el gobierno autoritario de Uribe. Hace parte de las pol\u00edticas educativas neoliberales que por imposici\u00f3n de los Estados Unidos y de los organismos multilaterales a su servicio \u2013FMI- se vienen implantando en el pa\u00eds. Consiste en tener el control centralizado del gobierno de turno sobre los \u00f3rganos e instancias de direcci\u00f3n de las universidades \u2013excluyendo la participaci\u00f3n democr\u00e1tica de la comunidad acad\u00e9mica por considerarla causante de interferencias- para allanar el camino a la implementaci\u00f3n de medidas tales como: el recorte presupuestal que trae consigo la pol\u00edtica de ajuste fiscal, la imposici\u00f3n de criterios gerenciales y eficientistas para el manejo y racionalizaci\u00f3n de los precarios recursos asignados, la financiaci\u00f3n a la demanda mediante el incremento de matr\u00edculas compensadas con cr\u00e9dito educativo, la ampliaci\u00f3n de coberturas con menores recursos, la negociaci\u00f3n de los servicios educativos bajo los preceptos del ALCA y el TLC que culminar\u00e1 la conversi\u00f3n de la educaci\u00f3n de derecho social y obligaci\u00f3n del Estado en negocio y bien transable en el libre mercado. En fin, todo el paquete de medidas neoliberales que han arrasado con las instituciones del Estado y el patrimonio nacional y que igualmente amenazan con liquidar la educaci\u00f3n p\u00fablica, altamente privatizada ya que apenas cubre el 30% de la demanda educativa como resultado de la liberalizaci\u00f3n y apertura al mercado que estableci\u00f3 la Ley 30\/92.<\/p>\n<p>Los universitarios tambi\u00e9n nos hemos levantado contra la corrupci\u00f3n, el clientelismo y la politiquer\u00eda barata que tiene acad\u00e9micamente postrada a nuestra alma mater. Resultado funesto de las componendas entre miembros del Consejo Superior y el equipo directivo de la USCO durante las \u00faltimas administraciones en las que las \u2018roscas\u2019 se han apoderado de la instituci\u00f3n para despilfarrar y lucrarse de su presupuesto que asciende a 34.000 millones de pesos, para favorecer a sus amigos y clientelas a quienes incorporan a la frondosa burocracia a trav\u00e9s de la creciente n\u00f3mina paralela. Esta situaci\u00f3n ha alcanzado l\u00edmites insospechados en la rector\u00eda de Eduardo Beltr\u00e1n, un advenedizo sin trayectoria ni prestigio acad\u00e9mico, y sus \u00e1ulicos a quienes solo les interesa seguir aferrados al cargo. El actual rector, por ejemplo, ha ejecutado contratos de obras civiles de car\u00e1cter suntuario, de poco o nulo impacto acad\u00e9mico, superior a los 1.200 millones de pesos en un escaso lapso de seis meses, mientras se lo sindica de numerosas irregularidades y presunto enriquecimiento il\u00edcito. Despilfarro, malversaci\u00f3n y favorecimiento constituyen la nota predominante, situaci\u00f3n que revel\u00f3 el debate efectuado al actual rector en la Asamblea Departamental y que puso en evidencia serias irregularidades en el manejo de los recursos que aportamos los contribuyentes.<\/p>\n<p>La designaci\u00f3n de rector con bajo perfil acad\u00e9mico por parte del Consejo Superior no conduce a superar los problemas presentados en este proceso, ni a enderezar la desacertada direcci\u00f3n de la instituci\u00f3n y el ineficiente manejo de sus recursos. Por el contrario, exacerbar\u00e1 la disputa de los politiqueros de turno y de los corruptos que la acechan para lucrarse de su presupuesto y recursos. Contra ello estudiantes, profesores y trabajadores continuaremos desarrollando nuestras expresiones de resistencia civil y persistiremos en la lucha por recuperar la instituci\u00f3n para el desarrollo de su misi\u00f3n acad\u00e9mica y cient\u00edfica al servicio de la regi\u00f3n y del pa\u00eds.<\/p>\n<p>Finalmente reiteramos nuestro categ\u00f3rico rechazo al golpe asestado a la democracia y comunicamos la decisi\u00f3n de continuar en asamblea permanente. Asimismo llamamos a participar de las tareas programadas en defensa de la educaci\u00f3n p\u00fablica, contra las pol\u00edticas educativas neoliberales y la paulatina privatizaci\u00f3n de la educaci\u00f3n superior; a fortalecer las organizaciones, incrementar nuestros esfuerzos y mantenernos vigilantes para afrontar las medidas que se vienen. Seguimos enarbolando, como una aspiraci\u00f3n indeclinable, la bandera de la democracia, que pondremos m\u00e1s en alto hasta recuperarla plenamente para la Universidad Surcolombiana. Estamos convencidos de que el retroceso al autoritarismo y el predominio de la corrupci\u00f3n y la politiquer\u00eda no son perennes.<\/p>\n<p>HERNANDO GUTIERREZ HOYOS<br \/>\nPresidente ASPU-Huila<\/p>\n<p>HECTOR IVAN RAMIREZ<br \/>\nPresidente SINTRAUNICOL<\/p>\n<p>RAFAEL PICON BONILLA<br \/>\nPresidente CSE<\/p>\n<p>JORGE WILLIAM MARTINEZ<br \/>\nRepresentante estudiantil al CSU<\/p>\n","protected":false},"excerpt":{"rendered":"<p>Universidad Surcolombiana, Asamblea Permanente de estudiantes, profesores y trabajadores; Neiva, diciembre 1 de 2003 Tras 15 d\u00edas de Asamblea Permanente y airadas protestas de estudiantes, profesores y trabajadores de la Universidad Surcolombiana, el Consejo Superior impone su decisi\u00f3n de nombrar rector sin consultar a la comunidad universitaria que valientemente enarbola la bandera de la elecci\u00f3n [&hellip;]<\/p>\n","protected":false},"author":1,"featured_media":0,"comment_status":"open","ping_status":"open","sticky":false,"template":"","format":"standard","meta":{"advanced_seo_description":"","jetpack_seo_html_title":"","jetpack_seo_noindex":false,"_jetpack_memberships_contains_paid_content":false,"footnotes":""},"categories":[7],"tags":[],"class_list":["post-604","post","type-post","status-publish","format-standard","hentry","category-pronunciamientos-de-organizaciones-sociales"],"jetpack_featured_media_url":"","jetpack-related-posts":[{"id":3148,"url":"https:\/\/moir.com.co\/web\/la-asamblea-universitaria-en-la-universidad-de-narino-ejerciendo-la-autonomia\/","url_meta":{"origin":604,"position":0},"title":"La ASAMBLEA UNIVERSITARIA en la Universidad de Nari\u00f1o: Ejerciendo la autonom\u00eda","author":"admin","date":"mayo 31, 2009","format":false,"excerpt":"El principio de autonom\u00eda universitaria, consagrado en la Constituci\u00f3n y en las leyes colombianas, en la pr\u00e1ctica no ha dejado de ser un espejismo en los centros p\u00fablicos de educaci\u00f3n superior, puesto que quienes en realidad ejercen autoridad y mando son los Consejos Superiores, organismos en los cuales los estamentos\u2026","rel":"","context":"En \u00abJuventud Patri\u00f3tica\u00bb","block_context":{"text":"Juventud Patri\u00f3tica","link":"https:\/\/moir.com.co\/web\/category\/juventud-patriotica\/"},"img":{"alt_text":"","src":"","width":0,"height":0},"classes":[]},{"id":20506,"url":"https:\/\/moir.com.co\/web\/la-reforma-universitaria-negacion-de-la-democracia-y-de-la-autonomia\/","url_meta":{"origin":604,"position":1},"title":"LA REFORMA UNIVERSITARIA: NEGACI\u00d3N DE LA DEMOCRACIA Y DE LA AUTONOM\u00cdA","author":"admin","date":"enero 23, 2005","format":false,"excerpt":"Haciendo uso de las facultades extraordinarias que le confiere la Ley 8\u00aa de 1979, el Presidente de la Rep\u00fablica expidi\u00f3 el 22 de enero del presente a\u00f1o los decretos leyes n\u00fameros 80, 81 y 82, sobre Reforma Universitaria y reorg\u00e1nicos de la Universidad Nacional y del Instituto Colombiano para el\u2026","rel":"","context":"En \u00abTribuna Roja N\u00b0 36, Bogot\u00e1; febrero-marzo de 1980\u00bb","block_context":{"text":"Tribuna Roja N\u00b0 36, Bogot\u00e1; febrero-marzo de 1980","link":"https:\/\/moir.com.co\/web\/category\/tribuna-roja\/ediciones-1980-1984\/tribuna-roja-n-36-bogota-febrero-marzo-de-1980\/"},"img":{"alt_text":"","src":"","width":0,"height":0},"classes":[]},{"id":5455,"url":"https:\/\/moir.com.co\/web\/la-esencia-antidemocratica-del-acuerdo-01-de-2011-y-las-alzas-hasta-del-333-y-mas-en-las-matriculas-del-u-de-caldas-se-mantienen\/","url_meta":{"origin":604,"position":2},"title":"La esencia antidemocr\u00e1tica (del acuerdo 01 de 2011) y las alzas hasta del 333% y m\u00e1s en las matr\u00edculas del U. de Caldas se mantienen","author":"admin","date":"marzo 29, 2011","format":false,"excerpt":"Informe del Representante Estudiantil al Consejo Superior de la U de Caldas, sobre la sesi\u00f3n del 25 de marzo de 2011, a la Asamblea General de Estudiantes. El pasado viernes 25 de marzo de 2011 se reuni\u00f3 el Consejo Superior de la Universidad de Caldas en el marco de una\u2026","rel":"","context":"Entrada similar","block_context":{"text":"Entrada similar","link":""},"img":{"alt_text":"","src":"","width":0,"height":0},"classes":[]},{"id":15945,"url":"https:\/\/moir.com.co\/web\/sin-ideas-no-hay-cambios\/","url_meta":{"origin":604,"position":3},"title":"Sin ideas no hay cambios","author":"admin","date":"septiembre 17, 2018","format":false,"excerpt":"Libardo G\u00f3mez S\u00e1nchez, Neiva, septiembre 17 de 2018 Las revoluciones no las hacen las armas sino las ideas, sin la convicci\u00f3n de las amplias mayor\u00edas de la necesidad de cambiar a quienes los gobiernan y las pol\u00edticas que practican,\u00a0 no es posible que una sociedad\u00a0 se transforme, pero esas variaciones\u2026","rel":"","context":"Entrada similar","block_context":{"text":"Entrada similar","link":""},"img":{"alt_text":"","src":"","width":0,"height":0},"classes":[]},{"id":584,"url":"https:\/\/moir.com.co\/web\/las-amenazas-del-rector-contra-la-comunidad-universitaria\/","url_meta":{"origin":604,"position":4},"title":"LAS AMENAZAS DEL RECTOR CONTRA LA COMUNIDAD UNIVERSITARIA","author":"admin","date":"agosto 11, 2004","format":false,"excerpt":"Los estudiantes de la Universidad Tecnol\u00f3gica de Pereira, reunidos en asamblea general el lunes 28 de julio, declaramos el paro general indefinido por la soluci\u00f3n favorable del pliego de peticiones, y particularmente en contra de la pol\u00edtica de cr\u00e9dito educativo de Uribe V\u00e9lez, aplicada en la UTP por iniciativa propia\u2026","rel":"","context":"En \u00abJuventud Patri\u00f3tica\u00bb","block_context":{"text":"Juventud Patri\u00f3tica","link":"https:\/\/moir.com.co\/web\/category\/juventud-patriotica\/"},"img":{"alt_text":"","src":"","width":0,"height":0},"classes":[]},{"id":583,"url":"https:\/\/moir.com.co\/web\/el-consejo-superior-nunca-negocio-con-los-estudiantes\/","url_meta":{"origin":604,"position":5},"title":"EL CONSEJO SUPERIOR NUNCA NEGOCIO CON LOS ESTUDIANTES","author":"admin","date":"agosto 11, 2004","format":false,"excerpt":"En la s\u00e9ptima semana de paro de los estudiantes de la UTP se confirma la falta de voluntad de la administraci\u00f3n y del consejo Superior en dar soluci\u00f3n y negociar con los estudiantes el pliego de peticiones. El Consejo Superior en todo este tiempo no ha tomado definiciones, no ha\u2026","rel":"","context":"En \u00abJuventud Patri\u00f3tica\u00bb","block_context":{"text":"Juventud Patri\u00f3tica","link":"https:\/\/moir.com.co\/web\/category\/juventud-patriotica\/"},"img":{"alt_text":"","src":"","width":0,"height":0},"classes":[]}],"jetpack_sharing_enabled":true,"_links":{"self":[{"href":"https:\/\/moir.com.co\/web\/wp-json\/wp\/v2\/posts\/604","targetHints":{"allow":["GET"]}}],"collection":[{"href":"https:\/\/moir.com.co\/web\/wp-json\/wp\/v2\/posts"}],"about":[{"href":"https:\/\/moir.com.co\/web\/wp-json\/wp\/v2\/types\/post"}],"author":[{"embeddable":true,"href":"https:\/\/moir.com.co\/web\/wp-json\/wp\/v2\/users\/1"}],"replies":[{"embeddable":true,"href":"https:\/\/moir.com.co\/web\/wp-json\/wp\/v2\/comments?post=604"}],"version-history":[{"count":0,"href":"https:\/\/moir.com.co\/web\/wp-json\/wp\/v2\/posts\/604\/revisions"}],"wp:attachment":[{"href":"https:\/\/moir.com.co\/web\/wp-json\/wp\/v2\/media?parent=604"}],"wp:term":[{"taxonomy":"category","embeddable":true,"href":"https:\/\/moir.com.co\/web\/wp-json\/wp\/v2\/categories?post=604"},{"taxonomy":"post_tag","embeddable":true,"href":"https:\/\/moir.com.co\/web\/wp-json\/wp\/v2\/tags?post=604"}],"curies":[{"name":"wp","href":"https:\/\/api.w.org\/{rel}","templated":true}]}}