{"id":599,"date":"2004-08-11T07:00:00","date_gmt":"2004-08-11T07:00:00","guid":{"rendered":"https:\/\/moir.org.co\/web\/ahora-a-derrotar-el-paquetazo-fiscal\/"},"modified":"2004-08-11T07:00:00","modified_gmt":"2004-08-11T07:00:00","slug":"ahora-a-derrotar-el-paquetazo-fiscal","status":"publish","type":"post","link":"https:\/\/moir.com.co\/web\/ahora-a-derrotar-el-paquetazo-fiscal\/","title":{"rendered":"\u00a1AHORA A DERROTAR EL PAQUETAZO FISCAL!"},"content":{"rendered":"<p>Comando Regional Unitario del Magdalena, Santa Marta, noviembre 4 de 2003<\/p>\n<p>Importantes ense\u00f1anzas y repercusiones se desprenden de la derrota propinada por las mayor\u00edas nacionales al referendo expoliador y autoritario de la administraci\u00f3n Uribe V\u00e9lez. La Gran Coalici\u00f3n por la Abstenci\u00f3n Activa, integrada por las centrales obreras, organizaciones de pensionados, movimientos y partidos democr\u00e1ticos, un grupo importante de parlamentarios y una abigarrada red de fuerzas sociales, alcanzaron una gran victoria al enterrar el engendro neoliberal. Un balance aproximado es el siguiente.<\/p>\n<p>&#8211; El gobierno de Uribe V\u00e9lez y el F.M.I. sufrieron un serio rev\u00e9s que no esperaban, saliendo debilitados.<\/p>\n<p>&#8211; El pueblo colombiano con su victoria toma un aire fresco y se fortalece el proceso de acumulaci\u00f3n de fuerzas para las futuras luchas.<\/p>\n<p>&#8211; La Costa Atl\u00e1ntica jug\u00f3 un papel de primer orden en el hundimiento del referendo por obtener la m\u00e1s alta abstenci\u00f3n del pa\u00eds.<\/p>\n<p>&#8211; Los resultados electorales del 26 de noviembre representan otro golpe en seguidilla para el gobierno al perder sus principales candidatos.<\/p>\n<p>&#8211; El archivo del proyecto de reelecci\u00f3n en la plenaria del senado el 27 de octubre es otra victoria de las fuerzas democr\u00e1ticas.<\/p>\n<p>&#8211; La sentencia de la Corte Constitucional del 29 de octubre fijando los par\u00e1metros para los incrementos salariales del sector estatal superan los criterios expuestos por el Ministerio de Hacienda.<\/p>\n<p>La respuesta de Uribe a su derrota la ha denominado plan B, que no es otra cosa que la reforma tributaria m\u00e1s draconiana y lesiva de que se tenga noticia. Veamos. Establecer una tarifa general del IVA del 17% para todos los bienes y servicios. Impuesto a las pensiones mayores a 4 salarios m\u00ednimos entre el 6% y el 20%. Los pensionados que reciben mesada 14 (m\u00e1s de 500 mil de los Seguros Sociales) tendr\u00edan un impuesto del 25%. Destinar parte de las transferencias territoriales y de las regal\u00edas mineras al pago de pensiones, extiende la sobretasa al impuesto de renta, m\u00e1s asalariados a pagar retenci\u00f3n en la fuente. Incrementar el 3 por mil al 4 por mil. Y como si fuera poco, utilizar las reservas internacionales del Banco de la Rep\u00fablica, que son de todos los colombianos, para pagar deuda externa en forma anticipada. De concretarse tan da\u00f1ino paquetazo fiscal, el empobrecimiento de la poblaci\u00f3n se acentuar\u00eda, los salarios ser\u00edan envilecidos, la econom\u00eda nacional se hundir\u00eda a\u00fan m\u00e1s en una recesi\u00f3n espantable. Solo ganar\u00edan los banqueros internacionales, el F.M.I. y la peque\u00f1\u00edsima capa de intermediarios del imperialismo norteamericano.<\/p>\n<p>El Comando Regional Unitario del Magdalena llama a toda la poblaci\u00f3n a tomar aire y salirle al paso a este zarpazo a trav\u00e9s de la m\u00e1s amplia y decidida resistencia civil de los sectores mayoritarios de la sociedad colombiana en defensa de la soberan\u00eda, los derechos de los trabajadores y la producci\u00f3n interna.<\/p>\n<p>COMANDO REGIONAL UNITARIO DEL MAGDALENA<\/p>\n<p>\u00c1NGEL MANJARR\u00c9S CORREA<br \/>\nPresidente<\/p>\n<p>LAUREANO C\u00c1EZ TURIZO<br \/>\nSecretario<\/p>\n","protected":false},"excerpt":{"rendered":"<p>Comando Regional Unitario del Magdalena, Santa Marta, noviembre 4 de 2003 Importantes ense\u00f1anzas y repercusiones se desprenden de la derrota propinada por las mayor\u00edas nacionales al referendo expoliador y autoritario de la administraci\u00f3n Uribe V\u00e9lez. La Gran Coalici\u00f3n por la Abstenci\u00f3n Activa, integrada por las centrales obreras, organizaciones de pensionados, movimientos y partidos democr\u00e1ticos, un [&hellip;]<\/p>\n","protected":false},"author":1,"featured_media":0,"comment_status":"open","ping_status":"open","sticky":false,"template":"","format":"standard","meta":{"advanced_seo_description":"","jetpack_seo_html_title":"","jetpack_seo_noindex":false,"_jetpack_memberships_contains_paid_content":false,"footnotes":""},"categories":[7],"tags":[],"class_list":["post-599","post","type-post","status-publish","format-standard","hentry","category-pronunciamientos-de-organizaciones-sociales"],"jetpack_featured_media_url":"","jetpack-related-posts":[{"id":657,"url":"https:\/\/moir.com.co\/web\/alca-y-tlc-en-la-picota-publica\/","url_meta":{"origin":599,"position":0},"title":"\u00a1ALCA Y TLC EN LA PICOTA P\u00daBLICA!","author":"admin","date":"agosto 11, 2004","format":false,"excerpt":"Comando Regional Unitario del Magdalena, Santa Marta, mayo 28 de 2004 Las movilizaciones realizadas el pasado 18 de mayo en todo el pa\u00eds contra el ALCA y el tratado de libre comercio con Estados Unidos han tenido importantes repercusiones y ense\u00f1anzas. Dos posiciones antag\u00f3nicas han quedado expuestas a la luz\u2026","rel":"","context":"En \u00abPronunciamientos de Organizaciones Sociales\u00bb","block_context":{"text":"Pronunciamientos de Organizaciones Sociales","link":"https:\/\/moir.com.co\/web\/category\/pronunciamientos-de-organizaciones-sociales\/"},"img":{"alt_text":"","src":"","width":0,"height":0},"classes":[]},{"id":1041,"url":"https:\/\/moir.com.co\/web\/avanza-gran-coalicion-democratica-del-magdalena\/","url_meta":{"origin":599,"position":1},"title":"AVANZA GRAN COALICI\u00d3N DEMOCR\u00c1TICA DEL MAGDALENA","author":"admin","date":"octubre 11, 2004","format":false,"excerpt":"Las actividades desarrolladas en el departamento del Magdalena y en el distrito de Santa Marta, encaminadas a defender la soberan\u00eda nacional y los derechos de los trabajadores y el pueblo; a rechazar el TLC, el ALCA, la reelecci\u00f3n de Uribe y su paquetazo de reformas neoliberales, como la tributaria y\u2026","rel":"","context":"En \u00abPronunciamientos de Organizaciones Sociales\u00bb","block_context":{"text":"Pronunciamientos de Organizaciones Sociales","link":"https:\/\/moir.com.co\/web\/category\/pronunciamientos-de-organizaciones-sociales\/"},"img":{"alt_text":"","src":"","width":0,"height":0},"classes":[]},{"id":594,"url":"https:\/\/moir.com.co\/web\/declaracion-del-frente-comun-por-la-defensa-de-los-organismos-de-control-ante-la-derrota-del-referendo-uribista\/","url_meta":{"origin":599,"position":2},"title":"DECLARACI\u00d3N DEL FRENTE COM\u00daN POR LA DEFENSA DE LOS ORGANISMOS DE CONTROL ANTE LA DERROTA DEL REFERENDO URIBISTA","author":"admin","date":"agosto 11, 2004","format":false,"excerpt":"Frente Com\u00fan por la Defensa de los Organismos de Control, Bogot\u00e1; octubre 28 de 2003 Ante los resultados del referendo del 25 de octubre de 2003, el Frente Com\u00fan por la defensa de los organismos de control y todos los trabajadores de la contralor\u00eda de Bogot\u00e1. DECLARAMOS: 1. Que gracias\u2026","rel":"","context":"En \u00abPronunciamientos de Organizaciones Sociales\u00bb","block_context":{"text":"Pronunciamientos de Organizaciones Sociales","link":"https:\/\/moir.com.co\/web\/category\/pronunciamientos-de-organizaciones-sociales\/"},"img":{"alt_text":"","src":"","width":0,"height":0},"classes":[]},{"id":19566,"url":"https:\/\/moir.com.co\/web\/encuentro-nacional-de-organizaciones-politicas-y-sociales\/","url_meta":{"origin":599,"position":3},"title":"ENCUENTRO NACIONAL DE ORGANIZACIONES POL\u00cdTICAS Y SOCIALES","author":"admin","date":"julio 28, 2004","format":false,"excerpt":"La Gran Coalici\u00f3n Democr\u00e1tica es la coordinaci\u00f3n de un importante n\u00famero de fuerzas pol\u00edticas, sindicales y sociales que se aglutinaron a comienzos del a\u00f1o pasado con el objetivo de enfrentar la pol\u00edtica oficial plasmada en la propuesta del Referendo, como parte de los acuerdos de esta administraci\u00f3n con el gobierno\u2026","rel":"","context":"En \u00abTribuna Roja N\u00ba 95; abril 27 de 2004\u00bb","block_context":{"text":"Tribuna Roja N\u00ba 95; abril 27 de 2004","link":"https:\/\/moir.com.co\/web\/category\/tribuna-roja\/ediciones-2000-2004\/tribuna-roja-no-95-abril-27-de-2004\/"},"img":{"alt_text":"","src":"","width":0,"height":0},"classes":[]},{"id":19557,"url":"https:\/\/moir.com.co\/web\/avanza-alternativa-democratica\/","url_meta":{"origin":599,"position":4},"title":"AVANZA ALTERNATIVA DEMOCR\u00c1TICA","author":"admin","date":"agosto 4, 2004","format":false,"excerpt":"Importante seminario pol\u00edtico e ideol\u00f3gico Los d\u00edas 5 y 6 del pasado mes de junio, se realiz\u00f3 en el Hotel Sochagota de Paipa un importante evento de Alternativa Democr\u00e1tica, con la participaci\u00f3n de ocho parlamentarios de la bancada y dirigentes de los partidos y organizaciones que la integran. En las\u2026","rel":"","context":"En \u00abTribuna Roja N\u00ba 96; Julio 23 de 2004\u00bb","block_context":{"text":"Tribuna Roja N\u00ba 96; Julio 23 de 2004","link":"https:\/\/moir.com.co\/web\/category\/tribuna-roja\/ediciones-2000-2004\/tribuna-roja-no-96-julio-23-de-2004\/"},"img":{"alt_text":"","src":"","width":0,"height":0},"classes":[]},{"id":631,"url":"https:\/\/moir.com.co\/web\/convocatoria-al-encuentro-nacional-de-organizaciones-sociales-y-politicas\/","url_meta":{"origin":599,"position":5},"title":"CONVOCATORIA AL ENCUENTRO NACIONAL DE ORGANIZACIONES SOCIALES Y POL\u00cdTICAS","author":"admin","date":"agosto 11, 2004","format":false,"excerpt":"Las fuerzas pol\u00edticas, sindicales y sociales que conforman la GRAN COALICION DEMOCRATICA, enfrentaron la pol\u00edtica oficial plasmada en la propuesta del Referendo, que forma parte de los acuerdos con el Fondo Monetario Internacional y fue derrotado el pasado 25 de octubre. Tales pol\u00edticas son profundamente antinacionales, por lo que la\u2026","rel":"","context":"En \u00abPronunciamientos de Organizaciones Sociales\u00bb","block_context":{"text":"Pronunciamientos de Organizaciones Sociales","link":"https:\/\/moir.com.co\/web\/category\/pronunciamientos-de-organizaciones-sociales\/"},"img":{"alt_text":"","src":"","width":0,"height":0},"classes":[]}],"jetpack_sharing_enabled":true,"_links":{"self":[{"href":"https:\/\/moir.com.co\/web\/wp-json\/wp\/v2\/posts\/599","targetHints":{"allow":["GET"]}}],"collection":[{"href":"https:\/\/moir.com.co\/web\/wp-json\/wp\/v2\/posts"}],"about":[{"href":"https:\/\/moir.com.co\/web\/wp-json\/wp\/v2\/types\/post"}],"author":[{"embeddable":true,"href":"https:\/\/moir.com.co\/web\/wp-json\/wp\/v2\/users\/1"}],"replies":[{"embeddable":true,"href":"https:\/\/moir.com.co\/web\/wp-json\/wp\/v2\/comments?post=599"}],"version-history":[{"count":0,"href":"https:\/\/moir.com.co\/web\/wp-json\/wp\/v2\/posts\/599\/revisions"}],"wp:attachment":[{"href":"https:\/\/moir.com.co\/web\/wp-json\/wp\/v2\/media?parent=599"}],"wp:term":[{"taxonomy":"category","embeddable":true,"href":"https:\/\/moir.com.co\/web\/wp-json\/wp\/v2\/categories?post=599"},{"taxonomy":"post_tag","embeddable":true,"href":"https:\/\/moir.com.co\/web\/wp-json\/wp\/v2\/tags?post=599"}],"curies":[{"name":"wp","href":"https:\/\/api.w.org\/{rel}","templated":true}]}}