{"id":598,"date":"2004-08-11T07:00:00","date_gmt":"2004-08-11T07:00:00","guid":{"rendered":"https:\/\/moir.org.co\/web\/homenaje-a-la-agronomia\/"},"modified":"2004-08-11T07:00:00","modified_gmt":"2004-08-11T07:00:00","slug":"homenaje-a-la-agronomia","status":"publish","type":"post","link":"https:\/\/moir.com.co\/web\/homenaje-a-la-agronomia\/","title":{"rendered":"HOMENAJE A LA AGRONOMIA"},"content":{"rendered":"<p>La Asamblea de la Asociaci\u00f3n de Ingenieros Agr\u00f3nomos del Magdalena, ASIAMAG, realizada el 31 de octubre pasado, al designar nuevos cuadros directivos, decidi\u00f3 realizar un homenaje a la AGRONOMIA, haciendo un reconocimiento al m\u00e9rito de los profesores reci\u00e9n pensionados de la U. del Magdalena que han contribuido con su trabajo a la formaci\u00f3n de mas de 3.200 egresados impulsores de la modernizaci\u00f3n y desarrollo de la producci\u00f3n en el pa\u00eds.<\/p>\n<p>La directiva de ASIAMAG fue integrada con Alfredo El\u00edas, como presidente; Armando De Le\u00f3n,vicepresidente; Andres Granados, secretario general; Zeyder Cruz, tesorero; Jes\u00fas Montoya y Jose V\u00e1squez,fiscales; Germ\u00e4n Barbosa, Luis<br \/>\nAtencia y Germ\u00e1n Caro como vocales.<\/p>\n<p>El homenaje a los docentes se realiza \u00e9ste viernes 28  de noviembre en la sede del Alma Mater con invitaci\u00f3n a directivos, profesores, estudiantes, egresados y gremios agropecuarios, dentro de las actividades conmemorativas<br \/>\ndel D\u00eda Nacional del Ingeniero Agr\u00f3nomo.<\/p>\n<p>A los profesores Jos\u00e9 Espa\u00f1a Caro, Luis Cabrales Mart\u00ednez, Betty Nobman de Orozco, M\u00e1ximo Gallardo, Antonio Orozco Lubo, Walter Donado, Rafael Roca, Juan Ethelberto Sep\u00falveda, Eli\u00e9cer Canchano Niebles, Nelson Cortina Tovar, Alfredo Linero, Rafael Bonilla, Marina Orozco de Canchano, entre otros, as\u00ed como Sigifredo Quintero y Adalberto G\u00f3mez Joly, posmortem,  se les har\u00e1 un reconocimiento p\u00fablico al MERITO AGRONOMICO, por sus esfuerzos ejemplares por mas de 20 a\u00f1os de docencia e investigaci\u00f3n relacionados con la formaci\u00f3n de los ingenieros agr\u00f3nomos y profesionales afines.<\/p>\n<p>ASIAMAG participa igualmente en la realizaci\u00f3n de un FORO por la defensa de la producci\u00f3n bananera y agropecuaria que se reune el 5 de diciembre en Santa Marta, ante las amenazas del Area de Libre Comercio de las Americas, ALCA y\/o el Tratado de Libre Comercio, TLC, con las imposiciones  ampliamente desventajosas para Colombia que hacen los E.U.<\/p>\n<p>Con la vinculaci\u00f3n de Colombia a esos acuerdos internacionales se impulsa la superproducci\u00f3n de productos tropicales como el pl\u00e1tano y banano y erradicar la producci\u00f3n de alimentos con el incremento de las importaciones de los excedentes altamente subsidiados en Estados Unidos y en otros pa\u00edses.<\/p>\n<p>El Foro por la defensa de la producci\u00f3n bananera y agropecuaria es impulsado por la Asociaci\u00f3n Nacional por la Salvaci\u00f3n Agropecuaria en cooperaci\u00f3n con  la Secreataria de Desarrollo Agropecuario del Departamento del Magdalena. Contar\u00e1 con la presencia de los productores y dirigentes de los trabajadores y profesionales vinculados a gremios como la SAC, Asbama, Augura, Asoproban, las Cooperativas, los distritos de riego y productores individuales.<\/p>\n<p>El homenaje a los profesores de agronom\u00eda y el Foro por la defensa de la producci\u00f3n bananera y agropecuaria se constituyen en positivas actividades al conmemorar el D\u00eda Nacional del Ingeniero Agr\u00f3nomos, al completarse 89 de existencia de la carrera que tantas contribuciones ha hecho por el desarrollo de la producci\u00f3n y la seguridad alimentaria autobastecida de Colombia.<\/p>\n<p>* Presidente Asociaci\u00f3n Colombiana de Ingenieros Agr\u00f3nomos, ACIA, filial de la Asociaci\u00f3n Nacional por la Salvaci\u00f3n Agropecuaria<\/p>\n","protected":false},"excerpt":{"rendered":"<p>La Asamblea de la Asociaci\u00f3n de Ingenieros Agr\u00f3nomos del Magdalena, ASIAMAG, realizada el 31 de octubre pasado, al designar nuevos cuadros directivos, decidi\u00f3 realizar un homenaje a la AGRONOMIA, haciendo un reconocimiento al m\u00e9rito de los profesores reci\u00e9n pensionados de la U. del Magdalena que han contribuido con su trabajo a la formaci\u00f3n de mas [&hellip;]<\/p>\n","protected":false},"author":1,"featured_media":0,"comment_status":"open","ping_status":"open","sticky":false,"template":"","format":"standard","meta":{"advanced_seo_description":"","jetpack_seo_html_title":"","jetpack_seo_noindex":false,"_jetpack_memberships_contains_paid_content":false,"footnotes":""},"categories":[7],"tags":[],"class_list":["post-598","post","type-post","status-publish","format-standard","hentry","category-pronunciamientos-de-organizaciones-sociales"],"jetpack_featured_media_url":"","jetpack-related-posts":[{"id":23952,"url":"https:\/\/moir.com.co\/web\/en-homenaje-a-la-memoria-de-carlos-julio-mateus\/","url_meta":{"origin":598,"position":0},"title":"En homenaje a la memoria de Carlos Julio Mateus","author":"admin","date":"julio 23, 2025","format":false,"excerpt":"Muri\u00f3 Carlos Julio Mateus en Land\u00e1zuri, Santander, fue un l\u00edder sindical y agrario. En la d\u00e9cada de los 70, hizo posible con un grupo de mineros, la organizaci\u00f3n del Sindicato de Trabajadores de Carbones del Carare, propiciando de inmediato la vinculaci\u00f3n al Bloque Sindical Independiente de Santander, germen de la\u2026","rel":"","context":"Entrada similar","block_context":{"text":"Entrada similar","link":""},"img":{"alt_text":"","src":"https:\/\/i0.wp.com\/moir.com.co\/web\/wp-content\/uploads\/2025\/07\/Proyecto-nuevo.webp?fit=1200%2C675&ssl=1&resize=350%2C200","width":350,"height":200,"srcset":"https:\/\/i0.wp.com\/moir.com.co\/web\/wp-content\/uploads\/2025\/07\/Proyecto-nuevo.webp?fit=1200%2C675&ssl=1&resize=350%2C200 1x, https:\/\/i0.wp.com\/moir.com.co\/web\/wp-content\/uploads\/2025\/07\/Proyecto-nuevo.webp?fit=1200%2C675&ssl=1&resize=525%2C300 1.5x, https:\/\/i0.wp.com\/moir.com.co\/web\/wp-content\/uploads\/2025\/07\/Proyecto-nuevo.webp?fit=1200%2C675&ssl=1&resize=700%2C400 2x, https:\/\/i0.wp.com\/moir.com.co\/web\/wp-content\/uploads\/2025\/07\/Proyecto-nuevo.webp?fit=1200%2C675&ssl=1&resize=1050%2C600 3x"},"classes":[]},{"id":3799,"url":"https:\/\/moir.com.co\/web\/homenaje-a-jorge-enrique-robledo-castillo-y-german-navas-talero\/","url_meta":{"origin":598,"position":1},"title":"Homenaje a Jorge Enrique Robledo Castillo y Germ\u00e1n Navas Talero","author":"admin","date":"noviembre 24, 2009","format":false,"excerpt":"","rel":"","context":"En \u00abGaler\u00edas\u00bb","block_context":{"text":"Galer\u00edas","link":"https:\/\/moir.com.co\/web\/category\/multimedia\/galerias\/"},"img":{"alt_text":"","src":"","width":0,"height":0},"classes":[]},{"id":3818,"url":"https:\/\/moir.com.co\/web\/homenaje-a-jorge-enrique-robledo-y-german-navas-talero-un-acto-de-unidad\/","url_meta":{"origin":598,"position":2},"title":"Homenaje a Jorge Enrique Robledo y German Navas Talero un Acto de Unidad","author":"admin","date":"noviembre 29, 2009","format":false,"excerpt":"El jueves 26 de noviembre se realiz\u00f3 en Bogot\u00e1 el homenaje a Jorge Enrique Robledo y German Navas Talero. Este fue un acto de reconocimiento a la excelsa labor que adelantan estos dos parlamentarios en el Congreso de la Rep\u00fablica por hacer de Colombia un pa\u00eds aut\u00e9nticamente soberano y democr\u00e1tico.\u2026","rel":"","context":"En \u00abTemas\u00bb","block_context":{"text":"Temas","link":"https:\/\/moir.com.co\/web\/category\/temas\/"},"img":{"alt_text":"","src":"","width":0,"height":0},"classes":[]},{"id":3813,"url":"https:\/\/moir.com.co\/web\/homenaje-a-jorge-enrique-robledo-castillo-y-german-navas-talero-el-jueves-26-de-noviembre-de-2009-en-bogota\/","url_meta":{"origin":598,"position":3},"title":"Homenaje a Jorge Enrique Robledo Castillo y Germ\u00e1n Navas Talero el Jueves 26 de Noviembre de 2009 en Bogot\u00e1","author":"admin","date":"noviembre 28, 2009","format":false,"excerpt":"","rel":"","context":"En \u00abGaler\u00edas\u00bb","block_context":{"text":"Galer\u00edas","link":"https:\/\/moir.com.co\/web\/category\/multimedia\/galerias\/"},"img":{"alt_text":"","src":"","width":0,"height":0},"classes":[]},{"id":3814,"url":"https:\/\/moir.com.co\/web\/homenaje-a-jorge-enrique-robledo-castillo-y-german-navas-talero-el-jueves-26-de-noviembre-de-2009-en-bogota-2\/","url_meta":{"origin":598,"position":4},"title":"Homenaje a Jorge Enrique Robledo Castillo y Germ\u00e1n Navas Talero el Jueves 26 de Noviembre de 2009 en Bogot\u00e1","author":"admin","date":"noviembre 28, 2009","format":false,"excerpt":"","rel":"","context":"En \u00abGaler\u00edas\u00bb","block_context":{"text":"Galer\u00edas","link":"https:\/\/moir.com.co\/web\/category\/multimedia\/galerias\/"},"img":{"alt_text":"","src":"","width":0,"height":0},"classes":[]},{"id":3815,"url":"https:\/\/moir.com.co\/web\/homenaje-a-jorge-enrique-robledo-castillo-y-german-navas-talero-el-jueves-26-de-noviembre-de-2009-en-bogota-3\/","url_meta":{"origin":598,"position":5},"title":"Homenaje a Jorge Enrique Robledo Castillo y Germ\u00e1n Navas Talero el Jueves 26 de Noviembre de 2009 en Bogot\u00e1","author":"admin","date":"noviembre 28, 2009","format":false,"excerpt":"","rel":"","context":"En \u00abGaler\u00edas\u00bb","block_context":{"text":"Galer\u00edas","link":"https:\/\/moir.com.co\/web\/category\/multimedia\/galerias\/"},"img":{"alt_text":"","src":"","width":0,"height":0},"classes":[]}],"jetpack_sharing_enabled":true,"_links":{"self":[{"href":"https:\/\/moir.com.co\/web\/wp-json\/wp\/v2\/posts\/598","targetHints":{"allow":["GET"]}}],"collection":[{"href":"https:\/\/moir.com.co\/web\/wp-json\/wp\/v2\/posts"}],"about":[{"href":"https:\/\/moir.com.co\/web\/wp-json\/wp\/v2\/types\/post"}],"author":[{"embeddable":true,"href":"https:\/\/moir.com.co\/web\/wp-json\/wp\/v2\/users\/1"}],"replies":[{"embeddable":true,"href":"https:\/\/moir.com.co\/web\/wp-json\/wp\/v2\/comments?post=598"}],"version-history":[{"count":0,"href":"https:\/\/moir.com.co\/web\/wp-json\/wp\/v2\/posts\/598\/revisions"}],"wp:attachment":[{"href":"https:\/\/moir.com.co\/web\/wp-json\/wp\/v2\/media?parent=598"}],"wp:term":[{"taxonomy":"category","embeddable":true,"href":"https:\/\/moir.com.co\/web\/wp-json\/wp\/v2\/categories?post=598"},{"taxonomy":"post_tag","embeddable":true,"href":"https:\/\/moir.com.co\/web\/wp-json\/wp\/v2\/tags?post=598"}],"curies":[{"name":"wp","href":"https:\/\/api.w.org\/{rel}","templated":true}]}}