{"id":597,"date":"2004-08-11T07:00:00","date_gmt":"2004-08-11T07:00:00","guid":{"rendered":"https:\/\/moir.org.co\/web\/de-la-perdida-de-panama-al-alca\/"},"modified":"2004-08-11T07:00:00","modified_gmt":"2004-08-11T07:00:00","slug":"de-la-perdida-de-panama-al-alca","status":"publish","type":"post","link":"https:\/\/moir.com.co\/web\/de-la-perdida-de-panama-al-alca\/","title":{"rendered":"DE LA P\u00c9RDIDA DE PANAM\u00c1 AL ALCA"},"content":{"rendered":"<p>Comando Regional Unitario del Magdalena, Santa Marta; noviembre 13 de 2003<\/p>\n<p>Organizado por el Comando Regional Unitario del Magdalena y ante una calificada y nutrida asistencia se realiz\u00f3 el panel sobre los cien a\u00f1os de la p\u00e9rdida de Panam\u00e1 en el sal\u00f3n de actos de la Caja de Compensaci\u00f3n Familiar del Magdalena (Cajamag) en Santa Marta el mi\u00e9rcoles 12 de noviembre. Los panelistas fueron los siguientes: Alberto Hinestroza Llanos, periodista e historiador; Miguel Castro Robles, licenciado y magister en Historia de Colombia; Carlos Payares Gonz\u00e1lez, odont\u00f3logo y soci\u00f3logo y Norman Alarc\u00f3n Rodas, periodista econ\u00f3mico. Los moderadores fueron Hern\u00e1n P\u00e9rez Zapata, presidente de la Asociaci\u00f3n Colombiana de Ingenieros Agr\u00f3nomos, y \u00c1ngel Manjarr\u00e9s Correa, presidente de la CUT, seccional Magdalena, y del Comando Regional Unitario del Magdalena.<\/p>\n<p>En las exposiciones se trataron asuntos como el contexto hist\u00f3rico de fines del siglo XIX y principios del siglo XX, caracterizado por el paso del capitalismo de la fase de libre competencia al monopolio y predominio del capital financiero. Las principales potencias europeas como Inglaterra, Francia y Alemania, acicateadas por la revoluci\u00f3n industrial, expand\u00edan sus dominios a nivel mundial. Estados Unidos, con un r\u00e1pido desarrollo de sus fuerzas productivas principalmente a partir del triunfo de la guerra civil de 1865, pas\u00f3 de la doctrina Monroe \u201cAm\u00e9rica para los americanos\u201d a la pol\u00edtica del gran garrote, enarbolada por el presidente Teodoro Roosevelt.<\/p>\n<p>En el campo interno Colombia manten\u00eda una econom\u00eda atrasada, artesanal, sin mercado interno, con unas instituciones estatales signadas por la \u201cregeneraci\u00f3n\u201d de Rafael N\u00fa\u00f1ez. Agreg\u00e1ndose a esto la Guerra de los Mil D\u00edas en la que fue derrotado el Partido Liberal. En este panorama prevalec\u00eda la actitud de Estados Unidos que hab\u00eda puesto lo ojos sobre Panam\u00e1 para controlar la construcci\u00f3n del canal interoce\u00e1nico, que le servir\u00eda para acortar distancias de sus costas y, sobre todo, como un instrumento de supremac\u00eda mundial. Jug\u00f3 negativamente la actitud servil de las clases dominantes del pa\u00eds, la falta de patriotismo y de valor, que es h\u00e1lito vital en las empresas desbrozadoras del progreso humano. No hay que olvidar que hubo resistencia a este zarpazo norteamericano por parte de algunos intelectuales y sectores populares, pero que no alcanz\u00f3 para echar atr\u00e1s la afrenta. Tambi\u00e9n se hizo un detallado an\u00e1lisis de las relaciones que existieron entre el estado colombiano y el istmo de Panam\u00e1, los diferentes tratados que fueron firmados, la importancia del canal para la econom\u00eda mundial, las consecuencias de la Guerra de los Mil D\u00edas, los gobernantes de la \u00e9poca, etc.<\/p>\n<p>Finalmente se extrajeron las lecciones del pasado para que nos sirvan en la \u00e9poca actual, cuando Estados Unidos se ha convertido en una superpotencia que quiere imponer su supremac\u00eda a todo el orbe, prevalido de su poder\u00edo econ\u00f3mico y militar. Particularmente en Am\u00e9rica quiere hacerse a un mercado de 800 millones de personas con libertad absoluta para mover sus mercanc\u00edas y capitales sin ninguna cortapisa, con lo cual arrasar\u00eda las econom\u00edas de los pa\u00edses latinoamericanos y sus sistemas sociales. Por esto es necesario participar en la resistencia civil contra el Alca y el tratado bilateral con Estados Unidos como lo vienen haciendo amplios sectores de trabajadores, intelectuales y productores en defensa de la soberan\u00eda, el trabajo y la producci\u00f3n nacional.<\/p>\n<p>COMANDO REGIONAL UNITARIO DEL MAGDALENA<\/p>\n<p>ANGEL MANJARRES CORREA LAUREANO C\u00c1EZ TURIZO<br \/>\nPresidente Secretario <\/p>\n","protected":false},"excerpt":{"rendered":"<p>Comando Regional Unitario del Magdalena, Santa Marta; noviembre 13 de 2003 Organizado por el Comando Regional Unitario del Magdalena y ante una calificada y nutrida asistencia se realiz\u00f3 el panel sobre los cien a\u00f1os de la p\u00e9rdida de Panam\u00e1 en el sal\u00f3n de actos de la Caja de Compensaci\u00f3n Familiar del Magdalena (Cajamag) en Santa [&hellip;]<\/p>\n","protected":false},"author":1,"featured_media":0,"comment_status":"open","ping_status":"open","sticky":false,"template":"","format":"standard","meta":{"advanced_seo_description":"","jetpack_seo_html_title":"","jetpack_seo_noindex":false,"_jetpack_memberships_contains_paid_content":false,"footnotes":""},"categories":[7],"tags":[],"class_list":["post-597","post","type-post","status-publish","format-standard","hentry","category-pronunciamientos-de-organizaciones-sociales"],"jetpack_featured_media_url":"","jetpack-related-posts":[{"id":600,"url":"https:\/\/moir.com.co\/web\/homenaje-a-los-obreros-de-las-bananeras-75-anos-despues\/","url_meta":{"origin":597,"position":0},"title":"\u00a1HOMENAJE A LOS OBREROS DE LAS BANANERAS 75 A\u00d1OS DESPU\u00c9S !","author":"admin","date":"agosto 11, 2004","format":false,"excerpt":"En las primeras d\u00e9cadas del siglo XX se sucedieron hechos que marcaron la \u00e9poca y dejaron profundas huellas. La p\u00e9rdida del istmo de Panam\u00e1 auspiciada por Estados Unidos, pa\u00eds que inauguraba su asunci\u00f3n a la condici\u00f3n de potencia imperialista. Al mismo tiempo la compa\u00f1\u00eda United Fruit Company establec\u00eda un enclave\u2026","rel":"","context":"En \u00abPronunciamientos de Organizaciones Sociales\u00bb","block_context":{"text":"Pronunciamientos de Organizaciones Sociales","link":"https:\/\/moir.com.co\/web\/category\/pronunciamientos-de-organizaciones-sociales\/"},"img":{"alt_text":"","src":"","width":0,"height":0},"classes":[]},{"id":639,"url":"https:\/\/moir.com.co\/web\/masiva-movilizacion-contra-el-tlc-y-el-alca\/","url_meta":{"origin":597,"position":1},"title":"MASIVA MOVILIZACI\u00d3N CONTRA EL TLC Y EL ALCA","author":"admin","date":"agosto 11, 2004","format":false,"excerpt":"En el sitio La Frutera, situado en la estrat\u00e9gica Troncal del Caribe a un kil\u00f3metro del casco urbano de Ci\u00e9naga, Magdalena, a las ocho de la ma\u00f1ana del 15 de abril confluyeron las delegaciones de trabajadores, maestros, campesinos, estudiantes, pescadores, productores de banano, caf\u00e9, frutas y pensionados, quienes proven\u00edan de\u2026","rel":"","context":"En \u00abPronunciamientos de Organizaciones Sociales\u00bb","block_context":{"text":"Pronunciamientos de Organizaciones Sociales","link":"https:\/\/moir.com.co\/web\/category\/pronunciamientos-de-organizaciones-sociales\/"},"img":{"alt_text":"","src":"","width":0,"height":0},"classes":[]},{"id":532,"url":"https:\/\/moir.com.co\/web\/comando-regional-unitario-del-magdalena-adelanta-resistencia-contra-medidas-uribistas\/","url_meta":{"origin":597,"position":2},"title":"COMANDO REGIONAL UNITARIO DEL MAGDALENA ADELANTA RESISTENCIA CONTRA MEDIDAS URIBISTAS","author":"admin","date":"agosto 10, 2004","format":false,"excerpt":"Comando Regional Unitario del Magdalena, Santa Marta, julio 3 de 2003 Desde que se conocieron los primeros decretos de la administraci\u00f3n Uribe V\u00e9lez liquidando a Telecom y a las trece teleasociadas, entre ellas Telesantamarta, el Comando Regional Unitario del Magdalena manifest\u00f3 su rechazo categ\u00f3rico a estas medidas antiobreras y antinacionales.\u2026","rel":"","context":"En \u00abPronunciamientos de Organizaciones Sociales\u00bb","block_context":{"text":"Pronunciamientos de Organizaciones Sociales","link":"https:\/\/moir.com.co\/web\/category\/pronunciamientos-de-organizaciones-sociales\/"},"img":{"alt_text":"","src":"","width":0,"height":0},"classes":[]},{"id":611,"url":"https:\/\/moir.com.co\/web\/exitoso-acto-por-una-colombia-libre-en-cienaga-magdalena\/","url_meta":{"origin":597,"position":3},"title":"\u00a1EXITOSO ACTO POR UNA COLOMBIA LIBRE EN CI\u00c9NAGA, MAGDALENA!","author":"admin","date":"agosto 11, 2004","format":false,"excerpt":"Comando Regional Unitario de Trabajadores y Organizaciones Sociales, Santa Marta, diciembre 10 de 2003 Organizado por el Comando Regional Unitario de Trabajadores y Organizaciones Sociales del Magdalena y la Secretar\u00eda de Cultura Municipal se cumpli\u00f3 en Ci\u00e9naga, Magdalena, el acto de homenaje a los m\u00e1rtires de las bananeras asesinados el\u2026","rel":"","context":"En \u00abPronunciamientos de Organizaciones Sociales\u00bb","block_context":{"text":"Pronunciamientos de Organizaciones Sociales","link":"https:\/\/moir.com.co\/web\/category\/pronunciamientos-de-organizaciones-sociales\/"},"img":{"alt_text":"","src":"","width":0,"height":0},"classes":[]},{"id":508,"url":"https:\/\/moir.com.co\/web\/el-comando-regional-unitario-del-magdalena-se-une-a-jornada-nacional-de-protesta-paro-nacional-y-primero-de-mayo\/","url_meta":{"origin":597,"position":4},"title":"EL COMANDO REGIONAL UNITARIO DEL MAGDALENA SE UNE A JORNADA NACIONAL DE PROTESTA, PARO NACIONAL Y PRIMERO DE MAYO","author":"admin","date":"agosto 9, 2004","format":false,"excerpt":"Comando Regional Unitario del Magdalena, Santa Marta, abril 25 de 2003 Siguiendo las orientaciones aprobadas por las centrales obreras, FECODE, Uso, sindicatos nacionales, Asociaci\u00f3n por la Salvaci\u00f3n Agropecuaria y federaciones de pensionados, el Comando Regional Unitario del Departamento del Magdalena ha decidido participar activamente en la jornada nacional de protesta\u2026","rel":"","context":"En \u00abPronunciamientos de Organizaciones Sociales\u00bb","block_context":{"text":"Pronunciamientos de Organizaciones Sociales","link":"https:\/\/moir.com.co\/web\/category\/pronunciamientos-de-organizaciones-sociales\/"},"img":{"alt_text":"","src":"","width":0,"height":0},"classes":[]},{"id":657,"url":"https:\/\/moir.com.co\/web\/alca-y-tlc-en-la-picota-publica\/","url_meta":{"origin":597,"position":5},"title":"\u00a1ALCA Y TLC EN LA PICOTA P\u00daBLICA!","author":"admin","date":"agosto 11, 2004","format":false,"excerpt":"Comando Regional Unitario del Magdalena, Santa Marta, mayo 28 de 2004 Las movilizaciones realizadas el pasado 18 de mayo en todo el pa\u00eds contra el ALCA y el tratado de libre comercio con Estados Unidos han tenido importantes repercusiones y ense\u00f1anzas. Dos posiciones antag\u00f3nicas han quedado expuestas a la luz\u2026","rel":"","context":"En \u00abPronunciamientos de Organizaciones Sociales\u00bb","block_context":{"text":"Pronunciamientos de Organizaciones Sociales","link":"https:\/\/moir.com.co\/web\/category\/pronunciamientos-de-organizaciones-sociales\/"},"img":{"alt_text":"","src":"","width":0,"height":0},"classes":[]}],"jetpack_sharing_enabled":true,"_links":{"self":[{"href":"https:\/\/moir.com.co\/web\/wp-json\/wp\/v2\/posts\/597","targetHints":{"allow":["GET"]}}],"collection":[{"href":"https:\/\/moir.com.co\/web\/wp-json\/wp\/v2\/posts"}],"about":[{"href":"https:\/\/moir.com.co\/web\/wp-json\/wp\/v2\/types\/post"}],"author":[{"embeddable":true,"href":"https:\/\/moir.com.co\/web\/wp-json\/wp\/v2\/users\/1"}],"replies":[{"embeddable":true,"href":"https:\/\/moir.com.co\/web\/wp-json\/wp\/v2\/comments?post=597"}],"version-history":[{"count":0,"href":"https:\/\/moir.com.co\/web\/wp-json\/wp\/v2\/posts\/597\/revisions"}],"wp:attachment":[{"href":"https:\/\/moir.com.co\/web\/wp-json\/wp\/v2\/media?parent=597"}],"wp:term":[{"taxonomy":"category","embeddable":true,"href":"https:\/\/moir.com.co\/web\/wp-json\/wp\/v2\/categories?post=597"},{"taxonomy":"post_tag","embeddable":true,"href":"https:\/\/moir.com.co\/web\/wp-json\/wp\/v2\/tags?post=597"}],"curies":[{"name":"wp","href":"https:\/\/api.w.org\/{rel}","templated":true}]}}