{"id":596,"date":"2004-08-11T07:00:00","date_gmt":"2004-08-11T07:00:00","guid":{"rendered":"https:\/\/moir.org.co\/web\/contra-las-impagables-tarifas-de-los-servicios-publicos-domiciliarios-unidad-y-resistencia-civil\/"},"modified":"2004-08-11T07:00:00","modified_gmt":"2004-08-11T07:00:00","slug":"contra-las-impagables-tarifas-de-los-servicios-publicos-domiciliarios-unidad-y-resistencia-civil","status":"publish","type":"post","link":"https:\/\/moir.com.co\/web\/contra-las-impagables-tarifas-de-los-servicios-publicos-domiciliarios-unidad-y-resistencia-civil\/","title":{"rendered":"CONTRA LAS IMPAGABLES TARIFAS DE LOS SERVICIOS P\u00daBLICOS DOMICILIARIOS, UNIDAD Y RESISTENCIA CIVIL."},"content":{"rendered":"<p>octubre de 2003<\/p>\n<p>La ASOCIACION NACIONAL DE COMIT\u00c9S DE DESARROLLO Y CONTROL SOCIAL Y DE VOCALES DE CONTROL DE SERVICIOS PUBLICOS DOMICILIARIOS \u201cLOS COMUNEROS\u201d, la ASOCIACI\u00d3N DISTRITAL DE COMIT\u00c9S DE DESARROLLO Y CONTROL SOCIAL Y VOCALES DE CONTROL DE SERVICIOS PUBLICOS DOMICILIARIOS \u201cASODIC\u201d Y la LIGA DE USUARIOS DE SERVICIOS PUBLICOS DOMICILIARIOS \u201cLIGA USPD\u201d, acordaron en el marco de la segunda Asamblea Nacional de Vocales de Control llevada acabo los d\u00edas 3, 4 y 5 de octubre de 2003 en el Hotel Dann de la ciudad de Bogot\u00e1, llamar a los usuarios de servicios p\u00fablicos domiciliarios y a las distintas organizaciones sociales a la uni\u00f3n contra las impagables tarifas y el car\u00e1cter mercantilista y comercial imperante en la prestaci\u00f3n de los SPD.<\/p>\n<p>En Colombia, al igual que en el resto de los pa\u00edses bajo la \u00f3rbita de la pol\u00edtica de globalizaci\u00f3n imperante, los usuarios de los servicios p\u00fablicos domiciliarios se ven empobrecerse progresivamente por culpa de las tarifas, pues \u00e9stas, el capital financiero las dise\u00f1\u00f3 para que se rijan por la m\u00e1xima ganancia.<\/p>\n<p>En la constituci\u00f3n del 1991 qued\u00f3 un boquete por donde entro las privatizaciones que con la ley 142, 143 y su correspondiente reglamentaci\u00f3n han permitido que:<\/p>\n<p>A. Los monopolios p\u00fablicos se convirtieran en monopolios privados<\/p>\n<p>B. El patrimonio de los colombianos se vendi\u00f3 a menos precio<\/p>\n<p>C. Sectores estrat\u00e9gicos se entregaron al capital extranjero<\/p>\n<p>D. La riqueza que se hab\u00eda acumulado desapareci\u00f3 de las cuentas nacionales.<\/p>\n<p>E. Se ha generado millares de despidos<\/p>\n<p>F. Las tarifas de los servicios p\u00fablicos domiciliarios sean Impagables.<\/p>\n<p>En la actualidad la situaci\u00f3n para los usuarios es grave, pero si miramos el plan de desarrollo aprobado este a\u00f1o por la mayor\u00eda de los congresistas, donde manifiesta \u201cactualizar tarifas s\u00f3lo bajo criterios econ\u00f3micos\u201d y lo previsto en el ALCA o un acuerdo bilateral con el gobierno de los Estados Unidos el panorama es aterrador.<\/p>\n<p>Por lo anterior, es necesario trabajar por la unidad, educaci\u00f3n, organizaci\u00f3n y movilizaci\u00f3n de la mayor\u00eda de los usuarios del pa\u00eds y el mundo entero y en consecuencia proponemos a nuestras bases, a todos los usuarios y sus correspondientes organizaciones el siguiente programa y m\u00e9todos de lucha para que mediante su discusi\u00f3n y enriquecimiento, nos permita alg\u00fan d\u00eda no lejano comenzar por conseguir que el agua, liquido vital para el ser humano, vuelva a ser prestado sin animo de lucro.<\/p>\n<p>Programa de lucha:<\/p>\n<p>1. Por la defensa de la propiedad y el car\u00e1cter estatal de las empresas de servicios p\u00fablicos y contra la privatizaci\u00f3n parcial o total de las mismas. Porque cese de manera inmediata el proceso de concesiones, subcontrataci\u00f3n, endeudamiento oneroso y desmembraci\u00f3n de las empresas de servicios p\u00fablicos y por la revisi\u00f3n de las privatizaciones realizadas.<\/p>\n<p>2. Contra las altas tarifas de los servicios p\u00fablicos y por el mantenimiento y desarrollo de fuertes subsidios oficiales para su sostenimiento, ampliaci\u00f3n y mejoramiento.<\/p>\n<p>3. Contra el sistema de estratificaci\u00f3n del Departamento Nacional de Planeaci\u00f3n para los sectores residenciales, urbanos y rurales; contra la reestratificaci\u00f3n de las poblaciones mayores de 4 mil habitantes aprobada en el plan de Desarrollo; y por la elaboraci\u00f3n de una pol\u00edtica tarifar\u00eda acorde con la realidad socioecon\u00f3mica de las gentes.<\/p>\n<p>4. Por un sistema tarifario que proteja a los usuarios comerciales, industriales y agropecuarios, diferenciando entre peque\u00f1os, medianos y grandes.<\/p>\n<p>5. Por tarifas diferenciales que protejan a las instituciones sin \u00e1nimo de lucro, tales como escuelas, hospitales, asociaciones comunales, sindicatos, restaurantes comunitarios, ancianatos, jardines comunitarios y hogares de bienestar Familiar, entre otros.<\/p>\n<p>6. Por la eliminaci\u00f3n del Consumo B\u00e1sico Obligatorio y del Cargo fijo para todos los usuarios, limitando los cobros a lo estrictamente consumido.<\/p>\n<p>7. Porque el gobierno nacional asuma la prestaci\u00f3n del servicio de alumbrado p\u00fablicos sin costo para los municipios, sin factura para los usuarios y que las empresas no inflen los costos, ni cobren ganancias por este servicio.<\/p>\n<p>8. Por revertir los procesos de privatizaci\u00f3n de ECOPETROL, TELECOM, SEGURO SOCIAL. Etc.<\/p>\n<p>9. Porque no se utilice la estratificaci\u00f3n como un pretexto para elevar los cobros en salud, Educaci\u00f3n e impuesto predial.<\/p>\n<p>10. Porque los peque\u00f1os comercios e industrias caseras paguen tarifas de sector residencial, de acuerdo con el estrato en el que se encuentren dichas viviendas.<\/p>\n<p>11. Porque la estratificaci\u00f3n de los predios rurales dedicados a la producci\u00f3n no sea superior al estrato 3.<\/p>\n<p>12. Por la eliminaci\u00f3n de los pagos m\u00ednimos en los beneficiaderos de caf\u00e9, trapiches paneleros, y dem\u00e1s actividades agroindustriales limitando el cobro a lo estrictamente consumido.<\/p>\n<p>13. Por la derogatoria de las leyes 142 y 143 de 1994, y porque la pol\u00edtica estatal de servicios p\u00fablicos se defina de manera soberana y libre de las imposiciones del Fondo Monetario Internacional.<\/p>\n<p>14. Por una legislaci\u00f3n nacional que defina a las empresas de servicios p\u00fablicos como entidades sociales sin \u00e1nimo de lucro, cuya funci\u00f3n sea la prestaci\u00f3n, con calidad y cobertura total, barata eficiente, estatal y subsidiada de tales servicios.<\/p>\n<p>M\u00e9todos de lucha<\/p>\n<p>1. Las organizaciones deben ser democr\u00e1ticas, que luchen por la defensa de los intereses y derechos de la poblaci\u00f3n contra la arremetida privatizadora oficial y de los monopolios extranjeros.<\/p>\n<p>2. Para desarrollar con \u00e9xito las tareas y alcanzar los objetivos propuestos en el programa, tendr\u00e1 que organizar y movilizar a la casi totalidad de los usuarios del pa\u00eds, y rebatir los argumentos de quienes se dedican a repetir las falsas afirmaciones de la banca internacional.<\/p>\n<p>3. Advertir que todas las actividades que desarrolle en procura del bien com\u00fan, las realizar\u00e1 sobre la base del apoyo, absolutamente voluntario, que le brinde la poblaci\u00f3n nacional.<\/p>\n<p>4. Las organizaciones, para alcanzar sus objetivos, no apelar\u00e1n de ninguna manera y por ning\u00fan motivo a m\u00e9todos diferentes a los de la organizaci\u00f3n y movilizaci\u00f3n de las masas, y proscribir\u00e1 toda acci\u00f3n al margen de sus decisiones democr\u00e1ticas.<\/p>\n<p>Firmado:<\/p>\n<p>Roberto Antonio Parra Hoyos, presidente Asociaci\u00f3n Nacional de Comit\u00e9s de Desarrollo y Control Social de los Servicios P\u00fablicos Domiciliarios &#8220;Los Comuneros&#8221;<\/p>\n<p>Rafael Espinel P\u00e1ez, presidente de la Liga de Usuarios de Servicios P\u00fablicos Domiciliarios, LIGA USPD<\/p>\n<p>Omar E. Benavides Prado, presidente de las Asociaci\u00f3n Distrital de CDCS y Vocales de Control SPD.<\/p>\n","protected":false},"excerpt":{"rendered":"<p>octubre de 2003 La ASOCIACION NACIONAL DE COMIT\u00c9S DE DESARROLLO Y CONTROL SOCIAL Y DE VOCALES DE CONTROL DE SERVICIOS PUBLICOS DOMICILIARIOS \u201cLOS COMUNEROS\u201d, la ASOCIACI\u00d3N DISTRITAL DE COMIT\u00c9S DE DESARROLLO Y CONTROL SOCIAL Y VOCALES DE CONTROL DE SERVICIOS PUBLICOS DOMICILIARIOS \u201cASODIC\u201d Y la LIGA DE USUARIOS DE SERVICIOS PUBLICOS DOMICILIARIOS \u201cLIGA USPD\u201d, acordaron [&hellip;]<\/p>\n","protected":false},"author":1,"featured_media":0,"comment_status":"open","ping_status":"open","sticky":false,"template":"","format":"standard","meta":{"advanced_seo_description":"","jetpack_seo_html_title":"","jetpack_seo_noindex":false,"_jetpack_memberships_contains_paid_content":false,"footnotes":""},"categories":[7],"tags":[],"class_list":["post-596","post","type-post","status-publish","format-standard","hentry","category-pronunciamientos-de-organizaciones-sociales"],"jetpack_featured_media_url":"","jetpack-related-posts":[{"id":613,"url":"https:\/\/moir.com.co\/web\/sobre-el-negocio-de-los-servicios-publicos-domiciliarios\/","url_meta":{"origin":596,"position":0},"title":"SOBRE EL NEGOCIO DE LOS SERVICIOS PUBLICOS DOMICILIARIOS","author":"admin","date":"agosto 11, 2004","format":false,"excerpt":"Rafael Espinel P\u00e1ez, Presidente de la LIGA USPD, Comisi\u00f3n Sexta del Senado, diciembre 9 de 2003. Se\u00f1or presidente Edgar Artunduaga S\u00e1nchez, se\u00f1or vicepresidente Luis Emilio Sierra Grajales, honorables congresistas, Invitados especiales, se\u00f1oras y se\u00f1ores: Como presidente de la Liga DE USUARIOS DE LOS SERVICIOS P\u00daBLICOS DOMICILIARIOS reciban un cordial y\u2026","rel":"","context":"En \u00abPronunciamientos de Organizaciones Sociales\u00bb","block_context":{"text":"Pronunciamientos de Organizaciones Sociales","link":"https:\/\/moir.com.co\/web\/category\/pronunciamientos-de-organizaciones-sociales\/"},"img":{"alt_text":"","src":"","width":0,"height":0},"classes":[]},{"id":1714,"url":"https:\/\/moir.com.co\/web\/creada-la-liga-de-usuarios-de-santa-marta\/","url_meta":{"origin":596,"position":1},"title":"CREADA LA LIGA DE USUARIOS DE SANTA MARTA","author":"admin","date":"agosto 22, 2004","format":false,"excerpt":"Norman Alarc\u00f3n, Miembro Liga SPD de Santa Marta Con el respaldo de la CUT y del Comando Re gional Unitario del Magdalena fue creada la Liga de Usuarios de Servicios P\u00fablicos de Santa Marta en el 2003, en cuya creaci\u00f3n participaron m\u00e1s de cien l\u00edderes sindicales, comunales, barriales, pensionados, vocales\u2026","rel":"","context":"En \u00abEL USUARIO N\u00ba8 MARZO-ABRIL 2004\u00bb","block_context":{"text":"EL USUARIO N\u00ba8 MARZO-ABRIL 2004","link":"https:\/\/moir.com.co\/web\/category\/temas\/servicios-publicos-articulos-de-actualidad\/el-usuario\/el-usuario-no8-marzo-abril-2004\/"},"img":{"alt_text":"","src":"","width":0,"height":0},"classes":[]},{"id":1185,"url":"https:\/\/moir.com.co\/web\/convocatoria-del-congreso-nacional-de-usuarios-y-defensores-de-los-servicios-publicos-domiciliarios\/","url_meta":{"origin":596,"position":2},"title":"CONVOCATORIA DEL CONGRESO NACIONAL DE USUARIOS Y DEFENSORES DE LOS SERVICIOS PUBLICOS DOMICILIARIOS","author":"admin","date":"mayo 26, 2005","format":false,"excerpt":"Bogot\u00e1, junio 4 de 2005 CONGRESO NACIONAL DE USUARIOS Y DEFENSORES DE LOS SERVICIOS PUBLICOS DOMICILIARIOS CORREOS: congresosp@yahoo.com, ligausuarios@telecom.com.co, presidencia@cut.org.co BOGOTA, 21 \u2013 22 JULIO DE 2005 1. JUSTIFICACI\u00d3N: Durante los d\u00edas 21 y 22 de julio de 2005, se llevar\u00e1 a cabo en Bogot\u00e1 D.C., el Primer Congreso Nacional\u2026","rel":"","context":"En \u00abPronunciamientos de Organizaciones Sociales\u00bb","block_context":{"text":"Pronunciamientos de Organizaciones Sociales","link":"https:\/\/moir.com.co\/web\/category\/pronunciamientos-de-organizaciones-sociales\/"},"img":{"alt_text":"","src":"","width":0,"height":0},"classes":[]},{"id":1727,"url":"https:\/\/moir.com.co\/web\/avanzan-las-ligas-de-usuarios-de-servicios-publicos\/","url_meta":{"origin":596,"position":3},"title":"AVANZAN, LAS LIGAS DE USUARIOS DE SERVICIOS P\u00daBLICOS","author":"admin","date":"agosto 25, 2004","format":false,"excerpt":"En los primeros d\u00edas del mes de junio de 2004 se realizaron una serie de foros y reuniones en la Costa Atl\u00e1ntica sobre la problem\u00e1tica de los servicios p\u00fablicos domiciliarios, que contaron con la presencia de \u00d3scar Guti\u00e9rrez Reyes, Diputado de Caldas y dirigente nacional de las ligas de usuarios\u2026","rel":"","context":"En \u00abEL USUARIO N\u00ba9 JULIO-AGOSTO 2004\u00bb","block_context":{"text":"EL USUARIO N\u00ba9 JULIO-AGOSTO 2004","link":"https:\/\/moir.com.co\/web\/category\/temas\/servicios-publicos-articulos-de-actualidad\/el-usuario\/el-usuario-no9-julio-agosto-2004\/"},"img":{"alt_text":"","src":"","width":0,"height":0},"classes":[]},{"id":1690,"url":"https:\/\/moir.com.co\/web\/editorial-hacia-un-congreso-nacional-de-usuarios\/","url_meta":{"origin":596,"position":4},"title":"EDITORIAL: HACIA UN CONGRESO NACIONAL DE USUARIOS","author":"admin","date":"agosto 22, 2004","format":false,"excerpt":"El Congreso deber\u00e1 estar precedido de encuentros departamentales, municipales y de todo tipo de reuniones, asambleas y tareas, que nos permitan unir la mayor cantidad posible de ligas, comit\u00e9s y vocales de control. ------------------------------------------------------------------------ Concluidas las modificaciones constitucionales de 1991, para permitir y facilitar la aplicaci\u00f3n del modelo neoliberal en\u2026","rel":"","context":"Entrada similar","block_context":{"text":"Entrada similar","link":""},"img":{"alt_text":"","src":"","width":0,"height":0},"classes":[]},{"id":1721,"url":"https:\/\/moir.com.co\/web\/editorial-trabajar-con-ahinco-estudiar-con-denuedo-y-fortalecer-las-ligas-de-usuarios\/","url_meta":{"origin":596,"position":5},"title":"EDITORIAL: TRABAJAR CON AHINCO, ESTUDIAR CON DENUEDO Y FORTALECER LAS LIGAS DE USUARIOS","author":"admin","date":"agosto 25, 2004","format":false,"excerpt":"Las ligas de usuarios de los servicios p\u00fablicos domiciliarios, que le dieron vida a este peri\u00f3dico y las que, a la luz de la experiencia, se han ido formando y consolidando en estos a\u00f1os, desde la expedici\u00f3n de las leyes 142 y 143 de 1994, tienen unas tareas y responsabilidades\u2026","rel":"","context":"En \u00abEL USUARIO N\u00ba9 JULIO-AGOSTO 2004\u00bb","block_context":{"text":"EL USUARIO N\u00ba9 JULIO-AGOSTO 2004","link":"https:\/\/moir.com.co\/web\/category\/temas\/servicios-publicos-articulos-de-actualidad\/el-usuario\/el-usuario-no9-julio-agosto-2004\/"},"img":{"alt_text":"","src":"","width":0,"height":0},"classes":[]}],"jetpack_sharing_enabled":true,"_links":{"self":[{"href":"https:\/\/moir.com.co\/web\/wp-json\/wp\/v2\/posts\/596","targetHints":{"allow":["GET"]}}],"collection":[{"href":"https:\/\/moir.com.co\/web\/wp-json\/wp\/v2\/posts"}],"about":[{"href":"https:\/\/moir.com.co\/web\/wp-json\/wp\/v2\/types\/post"}],"author":[{"embeddable":true,"href":"https:\/\/moir.com.co\/web\/wp-json\/wp\/v2\/users\/1"}],"replies":[{"embeddable":true,"href":"https:\/\/moir.com.co\/web\/wp-json\/wp\/v2\/comments?post=596"}],"version-history":[{"count":0,"href":"https:\/\/moir.com.co\/web\/wp-json\/wp\/v2\/posts\/596\/revisions"}],"wp:attachment":[{"href":"https:\/\/moir.com.co\/web\/wp-json\/wp\/v2\/media?parent=596"}],"wp:term":[{"taxonomy":"category","embeddable":true,"href":"https:\/\/moir.com.co\/web\/wp-json\/wp\/v2\/categories?post=596"},{"taxonomy":"post_tag","embeddable":true,"href":"https:\/\/moir.com.co\/web\/wp-json\/wp\/v2\/tags?post=596"}],"curies":[{"name":"wp","href":"https:\/\/api.w.org\/{rel}","templated":true}]}}