{"id":595,"date":"2004-08-11T07:00:00","date_gmt":"2004-08-11T07:00:00","guid":{"rendered":"https:\/\/moir.org.co\/web\/carta-de-federriego-a-uribe-velez-frente-al-tratado-bilateral-y-el-alca\/"},"modified":"2004-08-11T07:00:00","modified_gmt":"2004-08-11T07:00:00","slug":"carta-de-federriego-a-uribe-velez-frente-al-tratado-bilateral-y-el-alca","status":"publish","type":"post","link":"https:\/\/moir.com.co\/web\/carta-de-federriego-a-uribe-velez-frente-al-tratado-bilateral-y-el-alca\/","title":{"rendered":"CARTA DE FEDERRIEGO A URIBE V\u00c9LEZ FRENTE AL TRATADO BILATERAL Y EL ALCA"},"content":{"rendered":"<p>Bogot\u00e1, 31 de octubre de 2003 <\/p>\n<p>Doctor<br \/>\n\u00c1LVARO URIBE V\u00c9LEZ<br \/>\nPresidente de la Rep\u00fablica<br \/>\nE.            S.         D. <\/p>\n<p>Se\u00f1or Presidente: <\/p>\n<p>Con gran preocupaci\u00f3n hemos escuchado y le\u00eddo pronunciamientos suyos y de algunos altos funcionarios sobre los compromisos de su gobierno con el ALCA o con la firma de un Tratado Bilateral de Libre Comercio con Estados Unidos.  <\/p>\n<p>En nombre de la FEDERACI\u00d3N NACIONAL DE USUARIOS DE LOS DISTRITOS DE ADECUACI\u00d3N DE TIERRAS- FEDERRIEGO, que agremia 19 asociaciones de usuarios que producen arroz, algod\u00f3n, banano, palma de aceite, papa, hortalizas, frutales y pastos, y ocupan m\u00e1s de treinta millones de jornales al a\u00f1o, adem\u00e1s de los empleos directos e indirectos generados en la administraci\u00f3n, operaci\u00f3n y conservaci\u00f3n de los Distritos le expresamos respetuosa pero enf\u00e1ticamente nuestra posici\u00f3n de rechazo a tales acuerdos e incluso al equipo de negociadores del tema agropecuario, designados por el gobierno, que coincidencialmente son los mismos que negociaron la apertura econ\u00f3mica en el gobierno del doctor C\u00e9sar Gaviria y adem\u00e1s han demostrado un marcado sesgo antiagrario. <\/p>\n<p>Ninguno de los productos agropecuarios de la canasta b\u00e1sica que se producen en Colombia, desde los c\u00e1rneos y l\u00e1cteos, las hortalizas, las oleaginosas, los cereales, pasando por el arroz, podr\u00e1n competir internacionalmente ni mantenerse en el mercado interno si Estados Unidos y Europa siguen subsidiando sus empresas agropecuarias productoras y exportadoras, otorg\u00e1ndoles toda clase de apoyos, tales como: econ\u00f3micos, mercadeo, investigaci\u00f3n cient\u00edfica, desarrollo tecnol\u00f3gico, protecci\u00f3n legal, en infraestructura de producci\u00f3n, comercializaci\u00f3n y comunicaciones, condiciones de las cuales nosotros carecemos; pol\u00edticas que en la reciente reuni\u00f3n de Canc\u00fan los Estados Unidos y Europa manifestaron no estar dispuestos a abandonar.    <\/p>\n<p>Nuestra agricultura en cambio carece de subsidios y no cuenta, entre otras, con pol\u00edticas de control de precios y calidad en los insumos. Necesitamos saber porqu\u00e9 los insumos agr\u00edcolas han tenido alzas promedio de 32% en los \u00faltimos doce meses (50% en los fertilizantes y 22% en los pesticidas) mientras los precios de nuestra producci\u00f3n decrecen y pierden rentabilidad; o porqu\u00e9 esos insumos valen dos o tres veces m\u00e1s en Colombia que en Brasil y Argentina, Uruguay y Estados Unidos, pa\u00edses con los cuales tendremos competir en el ALCA o en el TLC. Por eso no creemos que la desgravaci\u00f3n a largo plazo sea una soluci\u00f3n, pues lo \u00fanico que se consigue con ella es prolongar la agon\u00eda del sector rural. El tiempo por s\u00ed solo no da competitividad, la cual ser\u00eda cada vez m\u00e1s dif\u00edcil de lograr si la esper\u00e1ramos de acuerdo con las pol\u00edticas oficiales actuales y el decreciente presupuesto del mismo Ministerio de Agricultura y Desarrollo Rural. <\/p>\n<p>Tampoco compartimos que nuestro futuro sea la especializaci\u00f3n en cultivos tropicales, aunque estos deben recibir el apoyo de las pol\u00edticas oficiales. No podemos aceptar que nuestra econom\u00eda dependa exclusivamente de ellos; ser\u00eda entregarle a Estados Unidos nuestro mercado interno para los productos de la dieta b\u00e1sica, mientras nos ponen a competir el mercado de los productos tropicales con decenas de pa\u00edses pobres. <\/p>\n<p>Esperamos que usted atienda nuestro clamor y antes de negociar cualquier tratado  asuma una pol\u00edtica de defensa de la producci\u00f3n agropecuaria nacional, actividad fundamental para el desarrollo del pa\u00eds y para la construcci\u00f3n de unas m\u00ednimas condiciones de convivencia y de paz entre los colombianos.  <\/p>\n<p>Del se\u00f1or Presidente, <\/p>\n<p>Federaci\u00f3n Nacional de Usuarios de Distritos de Adecuaci\u00f3n de Tierras-, -FEDERRIEGO-: ASOJUNCAL, ASOLEBRIJA, ASONORTE, ASOPORVENIR, ASOPRADO, ASORIOFRIO, ASORRECIO, ASOSEVILLA, ASOTUCURINCA, ASOZULIA, ASUSA, USOALFONSO, USOARACATACA, USOCOELLO, USOCHICAMOCHA, USOGOLONDRINAS, USOGUAMO, USOSALDA\u00d1A, USOSANTANA. <\/p>\n<p>ARMANDO G\u00d3MEZ ARANA<br \/>\nPresidente  <\/p>\n<p>JOS\u00c9 DE JES\u00daS PERDOMO OSPINA<br \/>\nVicepresidente<\/p>\n<p>JOS\u00c9 DAGOBERTO BONILLA ORTIZ<br \/>\nDirector Ejecutivo<\/p>\n<p>ANGEL MAR\u00cdA CABALLERO LIAN<br \/>\nPresidente Asociaci\u00f3n Nacional por la Salvaci\u00f3n Agropecuaria<\/p>\n","protected":false},"excerpt":{"rendered":"<p>Bogot\u00e1, 31 de octubre de 2003 Doctor \u00c1LVARO URIBE V\u00c9LEZ Presidente de la Rep\u00fablica E. S. D. Se\u00f1or Presidente: Con gran preocupaci\u00f3n hemos escuchado y le\u00eddo pronunciamientos suyos y de algunos altos funcionarios sobre los compromisos de su gobierno con el ALCA o con la firma de un Tratado Bilateral de Libre Comercio con Estados [&hellip;]<\/p>\n","protected":false},"author":1,"featured_media":0,"comment_status":"open","ping_status":"open","sticky":false,"template":"","format":"standard","meta":{"advanced_seo_description":"","jetpack_seo_html_title":"","jetpack_seo_noindex":false,"_jetpack_memberships_contains_paid_content":false,"footnotes":""},"categories":[7],"tags":[],"class_list":["post-595","post","type-post","status-publish","format-standard","hentry","category-pronunciamientos-de-organizaciones-sociales"],"jetpack_featured_media_url":"","jetpack-related-posts":[{"id":487,"url":"https:\/\/moir.com.co\/web\/convocatoria-de-la-vii-junta-directiva-nacional-de-la-asociacion-nacional-por-la-salvacion-agropecuaria\/","url_meta":{"origin":595,"position":0},"title":"CONVOCATORIA DE LA VII JUNTA DIRECTIVA NACIONAL DE LA ASOCIACI\u00d3N NACIONAL POR LA SALVACI\u00d3N AGROPECUARIA","author":"admin","date":"agosto 9, 2004","format":false,"excerpt":"Asociaci\u00f3n Nacional por la Salvaci\u00f3n Agropecuaria, Ibagu\u00e9, marzo 11 de 2003 Despu\u00e9s de transcurridos m\u00e1s de ocho meses de la posesi\u00f3n de Alvaro Uribe V\u00e9lez en la Presidencia de la Rep\u00fablica, el sector agropecuario colombiano debe hacer un balance de las medidas que han emanado del gobierno en este periodo\u2026","rel":"","context":"En \u00abPronunciamientos de Organizaciones Sociales\u00bb","block_context":{"text":"Pronunciamientos de Organizaciones Sociales","link":"https:\/\/moir.com.co\/web\/category\/pronunciamientos-de-organizaciones-sociales\/"},"img":{"alt_text":"","src":"","width":0,"height":0},"classes":[]},{"id":611,"url":"https:\/\/moir.com.co\/web\/exitoso-acto-por-una-colombia-libre-en-cienaga-magdalena\/","url_meta":{"origin":595,"position":1},"title":"\u00a1EXITOSO ACTO POR UNA COLOMBIA LIBRE EN CI\u00c9NAGA, MAGDALENA!","author":"admin","date":"agosto 11, 2004","format":false,"excerpt":"Comando Regional Unitario de Trabajadores y Organizaciones Sociales, Santa Marta, diciembre 10 de 2003 Organizado por el Comando Regional Unitario de Trabajadores y Organizaciones Sociales del Magdalena y la Secretar\u00eda de Cultura Municipal se cumpli\u00f3 en Ci\u00e9naga, Magdalena, el acto de homenaje a los m\u00e1rtires de las bananeras asesinados el\u2026","rel":"","context":"En \u00abPronunciamientos de Organizaciones Sociales\u00bb","block_context":{"text":"Pronunciamientos de Organizaciones Sociales","link":"https:\/\/moir.com.co\/web\/category\/pronunciamientos-de-organizaciones-sociales\/"},"img":{"alt_text":"","src":"","width":0,"height":0},"classes":[]},{"id":629,"url":"https:\/\/moir.com.co\/web\/la-viii-junta-nacional-respalda-la-movilizacion-andina-contra-el-alca-y-los-tratados-bilaterales-de-libre-comercio-con-estados\/","url_meta":{"origin":595,"position":2},"title":"LA VIII JUNTA NACIONAL RESPALDA LA MOVILIZACI\u00d3N ANDINA CONTRA EL ALCA Y LOS TRATADOS BILATERALES DE LIBRE COMERCIO CON ESTADOS","author":"admin","date":"agosto 11, 2004","format":false,"excerpt":"La Asociaci\u00f3n Nacional por la Salvaci\u00f3n Agropecuaria considerando: Que en el a\u00f1o 2004 se iniciar\u00e1n las negociaciones de acuerdos bilaterales de los pa\u00edses andinos, entre los que se incluye a Colombia, y adem\u00e1s se tiene fijado el final del proceso de construcci\u00f3n del ALCA, Que los estudios y an\u00e1lisis, incluidos\u2026","rel":"","context":"En \u00abPronunciamientos de Organizaciones Sociales\u00bb","block_context":{"text":"Pronunciamientos de Organizaciones Sociales","link":"https:\/\/moir.com.co\/web\/category\/pronunciamientos-de-organizaciones-sociales\/"},"img":{"alt_text":"","src":"","width":0,"height":0},"classes":[]},{"id":657,"url":"https:\/\/moir.com.co\/web\/alca-y-tlc-en-la-picota-publica\/","url_meta":{"origin":595,"position":3},"title":"\u00a1ALCA Y TLC EN LA PICOTA P\u00daBLICA!","author":"admin","date":"agosto 11, 2004","format":false,"excerpt":"Comando Regional Unitario del Magdalena, Santa Marta, mayo 28 de 2004 Las movilizaciones realizadas el pasado 18 de mayo en todo el pa\u00eds contra el ALCA y el tratado de libre comercio con Estados Unidos han tenido importantes repercusiones y ense\u00f1anzas. Dos posiciones antag\u00f3nicas han quedado expuestas a la luz\u2026","rel":"","context":"En \u00abPronunciamientos de Organizaciones Sociales\u00bb","block_context":{"text":"Pronunciamientos de Organizaciones Sociales","link":"https:\/\/moir.com.co\/web\/category\/pronunciamientos-de-organizaciones-sociales\/"},"img":{"alt_text":"","src":"","width":0,"height":0},"classes":[]},{"id":633,"url":"https:\/\/moir.com.co\/web\/movilizacion-en-rechazo-al-tratado-de-libre-comercio-al-alca-y-a-las-fumigaciones-en-la-sierra-nevada\/","url_meta":{"origin":595,"position":4},"title":"MOVILIZACI\u00d3N EN RECHAZO AL TRATADO DE LIBRE COMERCIO, AL ALCA Y A LAS FUMIGACIONES EN LA SIERRA NEVADA","author":"admin","date":"agosto 11, 2004","format":false,"excerpt":"La Red Colombiana de Acci\u00f3n Frente al Tratado de Libre Comercio y el Alca (Recalca), cap\u00edtulo Magdalena, acogiendo el Llamamiento de Los Andes y la Declaraci\u00f3n de Quito aprobados por centenares de organizaciones sociales, gremiales, sindicales, productivas, agropecuarias, ambientalistas, ONGs de Colombia, Ecuador, Per\u00fa y Bolivia, convoca a las fuerzas\u2026","rel":"","context":"En \u00abPronunciamientos de Organizaciones Sociales\u00bb","block_context":{"text":"Pronunciamientos de Organizaciones Sociales","link":"https:\/\/moir.com.co\/web\/category\/pronunciamientos-de-organizaciones-sociales\/"},"img":{"alt_text":"","src":"","width":0,"height":0},"classes":[]},{"id":19729,"url":"https:\/\/moir.com.co\/web\/dos-articulos-del-senador-robledo-sobre-el-alca-y-el-tratado-bilateral\/","url_meta":{"origin":595,"position":5},"title":"DOS ART\u00cdCULOS DEL SENADOR ROBLEDO SOBRE EL ALCA Y EL TRATADO BILATERAL","author":"admin","date":"agosto 9, 2004","format":false,"excerpt":"Jorge Enrique Robledo EL LISTADO DE LOS QUE VAN A QUEBRAR Aumentan las preocupaciones entre los empresarios del campo y las ciudades frente a la decisi\u00f3n del gobierno de \u00c1lvaro Uribe V\u00e9lez de meter a Colombia en el Alca o en un acuerdo bilateral con Estados Unidos. Y no es\u2026","rel":"","context":"En \u00abTribuna Roja N\u00ba 93, octubre 8 de 2003\u00bb","block_context":{"text":"Tribuna Roja N\u00ba 93, octubre 8 de 2003","link":"https:\/\/moir.com.co\/web\/category\/tribuna-roja\/ediciones-2000-2004\/tribuna-roja-no-93-octubre-8-de-2003\/"},"img":{"alt_text":"","src":"","width":0,"height":0},"classes":[]}],"jetpack_sharing_enabled":true,"_links":{"self":[{"href":"https:\/\/moir.com.co\/web\/wp-json\/wp\/v2\/posts\/595","targetHints":{"allow":["GET"]}}],"collection":[{"href":"https:\/\/moir.com.co\/web\/wp-json\/wp\/v2\/posts"}],"about":[{"href":"https:\/\/moir.com.co\/web\/wp-json\/wp\/v2\/types\/post"}],"author":[{"embeddable":true,"href":"https:\/\/moir.com.co\/web\/wp-json\/wp\/v2\/users\/1"}],"replies":[{"embeddable":true,"href":"https:\/\/moir.com.co\/web\/wp-json\/wp\/v2\/comments?post=595"}],"version-history":[{"count":0,"href":"https:\/\/moir.com.co\/web\/wp-json\/wp\/v2\/posts\/595\/revisions"}],"wp:attachment":[{"href":"https:\/\/moir.com.co\/web\/wp-json\/wp\/v2\/media?parent=595"}],"wp:term":[{"taxonomy":"category","embeddable":true,"href":"https:\/\/moir.com.co\/web\/wp-json\/wp\/v2\/categories?post=595"},{"taxonomy":"post_tag","embeddable":true,"href":"https:\/\/moir.com.co\/web\/wp-json\/wp\/v2\/tags?post=595"}],"curies":[{"name":"wp","href":"https:\/\/api.w.org\/{rel}","templated":true}]}}