{"id":594,"date":"2004-08-11T07:00:00","date_gmt":"2004-08-11T07:00:00","guid":{"rendered":"https:\/\/moir.org.co\/web\/declaracion-del-frente-comun-por-la-defensa-de-los-organismos-de-control-ante-la-derrota-del-referendo-uribista\/"},"modified":"2004-08-11T07:00:00","modified_gmt":"2004-08-11T07:00:00","slug":"declaracion-del-frente-comun-por-la-defensa-de-los-organismos-de-control-ante-la-derrota-del-referendo-uribista","status":"publish","type":"post","link":"https:\/\/moir.com.co\/web\/declaracion-del-frente-comun-por-la-defensa-de-los-organismos-de-control-ante-la-derrota-del-referendo-uribista\/","title":{"rendered":"DECLARACI\u00d3N DEL FRENTE COM\u00daN POR LA DEFENSA DE LOS ORGANISMOS DE CONTROL ANTE LA DERROTA DEL REFERENDO URIBISTA"},"content":{"rendered":"<p>Frente Com\u00fan por la Defensa de los Organismos de Control, Bogot\u00e1; octubre 28 de 2003<\/p>\n<p>Ante los resultados del referendo del 25 de octubre de 2003, el Frente Com\u00fan por la defensa de los organismos de control y todos los trabajadores de la contralor\u00eda de Bogot\u00e1.<\/p>\n<p>DECLARAMOS:<\/p>\n<p>1. Que gracias a la campa\u00f1a de la Gran Coalici\u00f3n de la Abstenci\u00f3n Activa contra el Referendo, promovida por organizaciones sociales, pol\u00edticas, c\u00edvicas, populares, sindicales y acad\u00e9micas, entre las cuales se encuentra nuestro Frente Com\u00fan, FRACAS\u00d3 ESTRUENDOSAMENTE el referendo del autoritario Alvaro Uribe V\u00e9lez y su s\u00e9quito al servicio del capital transnacional.<\/p>\n<p>2. Que sin embargo, imbuido por la prepotencia, la desfachatez y el descaro este gobierno autoritario que utiliz\u00f3 hasta el cansancio los medios de comunicaci\u00f3n para promover el SI al referendo, se ha escondido dando muestras de su debilidad y su derrota.<\/p>\n<p>3. Que el presidente Uribe a trav\u00e9s de su derrotado ministro Londo\u00f1o pretende dar UN GOLPE DE ESTADO CONSTITUCIONAL, al proponer descaradamente bajar el censo electoral e insinuar que los tarjetones no marcados se tomen como validos para lograr el umbral del referendo.<\/p>\n<p>4. Que los descarados prop\u00f3sitos de ajustar las finanzas publicas con el sacrificio del pueblo trabajador y de los humildes, han sido derrotados en las urnas y que es hora de vigilar las pretensiones del llamado plan B que viniendo de este gobierno, tratar\u00e1 inequ\u00edvocamente de golpear nuevamente a los trabajadores y a las capas mas empobrecidas de nuestra patria.<\/p>\n<p>5. Que la crisis fiscal se pague como determin\u00f3 el resultado del referendo en las urnas. Que quienes perdieron en esta consulta a saber Suramericana, Legis, AT&#038;T, Colpatria, Nacional de Chocolates, De Lima, Coca Cola, Porvenir, Avantel, Colombia M\u00f3vil, as\u00ed como los gremios econ\u00f3micos, especialmente Anif, Andi, Fenalco, Fedegan y Acopi y otros representantes del gran capital asuman el pago de la crisis fiscal del estado de la que no somos culpables ni los trabajadores ni los pobres de Colombia.<\/p>\n<p>6. Que igualmente una vez derrotado por el pueblo colombiano el humillante acuerdo establecido entre gobierno de Uribe V\u00e9lez y el Fondo Monetario Internacional, se debe replantear democr\u00e1ticamente la forma del repago de la onerosa deuda p\u00fablica tanto externa como interna.<\/p>\n<p>7. Que deben ser aquellos que mostraron gran capacidad de pago y que hicieron derroche de recursos econ\u00f3micos financiando la campa\u00f1a del SI al referendo, quienes asuman el pago de esa deuda p\u00fablica y no los trabajadores de por s\u00ed ya castigados por la desigualdad econ\u00f3mica, social y pol\u00edtica.<\/p>\n<p>8. Que el pueblo colombiano debe permanecer en estado de m\u00e1xima alerta contra el fraude electoral que se cocina desde palacio. Recordemos que la misma noche del s\u00e1bado 25 de octubre la registradora Almabeatriz Rengifo, con alma de pitonisa, pronostic\u00f3 que las mesas que faltaban por escrutar ten\u00edan muchos mas votos que las escrutadas hasta ese momento, tratando en vano de confundir al pueblo colombiano con los conceptos de lo aritm\u00e9tico y lo logar\u00edtmico. Y dicho y hecho los boletines promulgados con posterioridad a sus predicciones, incrementaron m\u00e1s que proporcionalmente el numero de votos para el umbral del referendo. Creyeron la registradora y el nuevo \u201cTIGRILLO NORIEGA\u201d que est\u00e1bamos en la noche del 19 de abril de 1970 y que el pueblo colombiano no ten\u00eda memoria hist\u00f3rica.<\/p>\n<p>9. Que hechos todos los c\u00e1lculos, con el a\u00fan faltante 2.06%, no existe posibilidad alguna para que ninguna de las preguntas del referendo supere el umbral de 6.267.444 votos.<\/p>\n<p>10. Que por todo lo anterior reclamamos como nuestro y del pueblo colombiano el triunfo contra toda la pol\u00edtica neoliberal contenida en el referendo, por lo que exigimos total transparencia en el proceso de escrutinio por cuanto y como lo dijimos en la campa\u00f1a abstencionista, ser\u00e1n los magistrados del Consejo Nacional Electoral los que se pronuncien al respecto. El pueblo colombiano que obtiene \u00ednfimos ingresos con su trabajo no olvida que sospechosamente a estos magistrados se les aumento su sueldo mensual en cinco millones de pesos a partir del 1 de octubre de 2003.<\/p>\n<p>11. Que nos debemos movilizar masivamente hacia cada una de las delegaciones de la registradur\u00eda, en todo el pa\u00eds, para evitar con marchas verdaderamente populares el fraude contra el pueblo<\/p>\n<p>12. FINALMENTE, AGRADECEMOS AL PUEBLO COLOMBIANO LA DEFENSA HECHA EN LAS URNAS DE SU LEGITIMO DERECHO A EJERCER EL CONTROL FISCAL EN CABEZA DE LO PUBLICO<\/p>\n<p>Atentamente,<\/p>\n<p>FRENTE COM\u00daN POR LA DEFENSA DE LOS ORGANISMOS DE CONTROL<\/p>\n","protected":false},"excerpt":{"rendered":"<p>Frente Com\u00fan por la Defensa de los Organismos de Control, Bogot\u00e1; octubre 28 de 2003 Ante los resultados del referendo del 25 de octubre de 2003, el Frente Com\u00fan por la defensa de los organismos de control y todos los trabajadores de la contralor\u00eda de Bogot\u00e1. DECLARAMOS: 1. Que gracias a la campa\u00f1a de la [&hellip;]<\/p>\n","protected":false},"author":1,"featured_media":0,"comment_status":"open","ping_status":"open","sticky":false,"template":"","format":"standard","meta":{"advanced_seo_description":"","jetpack_seo_html_title":"","jetpack_seo_noindex":false,"_jetpack_memberships_contains_paid_content":false,"footnotes":""},"categories":[7],"tags":[],"class_list":["post-594","post","type-post","status-publish","format-standard","hentry","category-pronunciamientos-de-organizaciones-sociales"],"jetpack_featured_media_url":"","jetpack-related-posts":[{"id":339,"url":"https:\/\/moir.com.co\/web\/cuales-nuevos-recursos-para-educacion-traeria-el-referendo-fiscalista-y-autoritario\/","url_meta":{"origin":594,"position":0},"title":"\u00bfCU\u00c1LES NUEVOS RECURSOS PARA EDUCACI\u00d3N TRAER\u00cdA EL REFERENDO FISCALISTA Y AUTORITARIO?","author":"admin","date":"agosto 7, 2004","format":false,"excerpt":"Bien se ha dicho que el referendo que se votar\u00e1 el pr\u00f3ximo s\u00e1bado 25 de octubre tiene preguntas carnada y preguntas anzuelo. Ya se sabe de fuente oficial, como lo es Planeaci\u00f3n Nacional, que el gobierno piensa hacerse a un ahorro fiscal superior a los 20 billones de pesos del\u2026","rel":"","context":"En \u00abTemas\u00bb","block_context":{"text":"Temas","link":"https:\/\/moir.com.co\/web\/category\/temas\/"},"img":{"alt_text":"","src":"","width":0,"height":0},"classes":[]},{"id":475,"url":"https:\/\/moir.com.co\/web\/por-la-defensa-de-los-usuarios-abstencion-al-referendo\/","url_meta":{"origin":594,"position":1},"title":"POR LA DEFENSA DE  LOS USUARIOS: ABSTENCI\u00d3N AL REFERENDO","author":"admin","date":"agosto 9, 2004","format":false,"excerpt":"El referendo de Uribe V\u00e9lez en nada resuelve los problemas fundamentales de los usuarios de servicios p\u00fablicos, quienes se ven abocados al chantaje tarifario mensual. En el referendo no existen preguntas que conduzcan a liberar de los grav\u00e1menes al grueso de la poblaci\u00f3n. Ni advierte sobre el rechazo que genera\u2026","rel":"","context":"En \u00abPronunciamientos de Organizaciones Sociales\u00bb","block_context":{"text":"Pronunciamientos de Organizaciones Sociales","link":"https:\/\/moir.com.co\/web\/category\/pronunciamientos-de-organizaciones-sociales\/"},"img":{"alt_text":"","src":"","width":0,"height":0},"classes":[]},{"id":472,"url":"https:\/\/moir.com.co\/web\/viernes-7-de-febrero-lanzamiento-de-campana-contra-el-referendo-en-el-magdalena-medio\/","url_meta":{"origin":594,"position":2},"title":"VIERNES 7 DE FEBRERO: LANZAMIENTO DE CAMPA\u00d1A CONTRA EL REFERENDO EN EL MAGDALENA MEDIO","author":"admin","date":"agosto 9, 2004","format":false,"excerpt":"Organizaciones sindicales, gremiales, asociaciones de padres de familia, partidos pol\u00edticos, concejales, diputados, movimientos sociales, personalidades democr\u00e1ticas y progresistas y gentes del com\u00fan de La Dorada y oriente de Caldas; Puerto Salgar, Cundinamarca; Puerto Boyac\u00e1, Boyac\u00e1 y Norte del Tolima har\u00e1n el lanzamiento oficial de la campa\u00f1a contra el referendo en\u2026","rel":"","context":"En \u00abPronunciamientos de Organizaciones Sociales\u00bb","block_context":{"text":"Pronunciamientos de Organizaciones Sociales","link":"https:\/\/moir.com.co\/web\/category\/pronunciamientos-de-organizaciones-sociales\/"},"img":{"alt_text":"","src":"","width":0,"height":0},"classes":[]},{"id":19740,"url":"https:\/\/moir.com.co\/web\/sectores-sociales-y-politicos-ratifican-campana-de-abstencion-activa-contra-el-referendo-respaldan-realizacion-del-paro-civico\/","url_meta":{"origin":594,"position":3},"title":"SECTORES SOCIALES Y POL\u00edTICOS RATIFICAN CAMPA\u00d1A DE ABSTENCI\u00f3N ACTIVA CONTRA EL REFERENDO, RESPALDAN REALIZACI\u00d3N DEL PARO C\u00cdVICO","author":"admin","date":"agosto 9, 2004","format":false,"excerpt":"Agosto 1 de 2003 Amplios sectores de colombianos, organizados en partidos pol\u00edticos y movimientos sociales, preocupados por el agravamiento de la situaci\u00f3n nacional, hemos convenido desplegar un proceso de acci\u00f3n pol\u00edtica conjunta, en torno a la campa\u00f1a nacional de ABSTENCI\u00d3N ACTIVA contra el referendo del gobierno de \u00c1lvaro Uribe V\u00e9lez;\u2026","rel":"","context":"En \u00abTribuna Roja N\u00ba 92, agosto 6 de 2003\u00bb","block_context":{"text":"Tribuna Roja N\u00ba 92, agosto 6 de 2003","link":"https:\/\/moir.com.co\/web\/category\/tribuna-roja\/ediciones-2000-2004\/tribuna-roja-no-92-agosto-6-de-2003\/"},"img":{"alt_text":"","src":"","width":0,"height":0},"classes":[]},{"id":593,"url":"https:\/\/moir.com.co\/web\/alianza-fsp-moir-en-antioquia-corrobora-abstencion-activa-al-referendo\/","url_meta":{"origin":594,"position":4},"title":"ALIANZA FSP -MOIR EN ANTIOQUIA CORROBORA ABSTENCI\u00d3N ACTIVA AL REFERENDO","author":"admin","date":"agosto 11, 2004","format":false,"excerpt":"Senadores reafirman su posici\u00f3n de izquierda democr\u00e1tica Comit\u00e9 de Prensa y Comunicaciones, Medell\u00edn, septiembre 30 de 2003 En acto masivo que desarroll\u00f3 ayer en la ciudad de Medell\u00edn, la alianza en Antioquia del Frente Social y Pol\u00edtico FSP \u2013 Unidad C\u00edvica y Agraria MOIR, los senadores Carlos Gaviria D\u00edaz y\u2026","rel":"","context":"En \u00abPronunciamientos de Organizaciones Sociales\u00bb","block_context":{"text":"Pronunciamientos de Organizaciones Sociales","link":"https:\/\/moir.com.co\/web\/category\/pronunciamientos-de-organizaciones-sociales\/"},"img":{"alt_text":"","src":"","width":0,"height":0},"classes":[]},{"id":549,"url":"https:\/\/moir.com.co\/web\/sectores-sociales-y-politicos-ratifican-campana-de-abstencion-activa-contra-el-referendo-respaldan-la-realizacion-del-paro\/","url_meta":{"origin":594,"position":5},"title":"SECTORES SOCIALES Y POL\u00cdTICOS RATIFICAN CAMPA\u00d1A DE ABSTENCI\u00d3N ACTIVA CONTRA EL REFERENDO, RESPALDAN LA REALIZACI\u00d3N DEL PARO","author":"admin","date":"agosto 10, 2004","format":false,"excerpt":"Bogot\u00e1, D.C., Agosto 1 de 2003 Amplios sectores de colombianos, organizados en partidos pol\u00edticos y movimientos sociales, preocupados por el agravamiento de la situaci\u00f3n nacional, hemos convenido desplegar un proceso de acci\u00f3n pol\u00edtica conjunta, en torno a la campa\u00f1a nacional de ABSTENCI\u00d3N ACTIVA contra el referendo del gobierno de \u00c1lvaro\u2026","rel":"","context":"En \u00abPronunciamientos de Organizaciones Sociales\u00bb","block_context":{"text":"Pronunciamientos de Organizaciones Sociales","link":"https:\/\/moir.com.co\/web\/category\/pronunciamientos-de-organizaciones-sociales\/"},"img":{"alt_text":"","src":"","width":0,"height":0},"classes":[]}],"jetpack_sharing_enabled":true,"_links":{"self":[{"href":"https:\/\/moir.com.co\/web\/wp-json\/wp\/v2\/posts\/594","targetHints":{"allow":["GET"]}}],"collection":[{"href":"https:\/\/moir.com.co\/web\/wp-json\/wp\/v2\/posts"}],"about":[{"href":"https:\/\/moir.com.co\/web\/wp-json\/wp\/v2\/types\/post"}],"author":[{"embeddable":true,"href":"https:\/\/moir.com.co\/web\/wp-json\/wp\/v2\/users\/1"}],"replies":[{"embeddable":true,"href":"https:\/\/moir.com.co\/web\/wp-json\/wp\/v2\/comments?post=594"}],"version-history":[{"count":0,"href":"https:\/\/moir.com.co\/web\/wp-json\/wp\/v2\/posts\/594\/revisions"}],"wp:attachment":[{"href":"https:\/\/moir.com.co\/web\/wp-json\/wp\/v2\/media?parent=594"}],"wp:term":[{"taxonomy":"category","embeddable":true,"href":"https:\/\/moir.com.co\/web\/wp-json\/wp\/v2\/categories?post=594"},{"taxonomy":"post_tag","embeddable":true,"href":"https:\/\/moir.com.co\/web\/wp-json\/wp\/v2\/tags?post=594"}],"curies":[{"name":"wp","href":"https:\/\/api.w.org\/{rel}","templated":true}]}}