{"id":593,"date":"2004-08-11T07:00:00","date_gmt":"2004-08-11T07:00:00","guid":{"rendered":"https:\/\/moir.org.co\/web\/alianza-fsp-moir-en-antioquia-corrobora-abstencion-activa-al-referendo\/"},"modified":"2004-08-11T07:00:00","modified_gmt":"2004-08-11T07:00:00","slug":"alianza-fsp-moir-en-antioquia-corrobora-abstencion-activa-al-referendo","status":"publish","type":"post","link":"https:\/\/moir.com.co\/web\/alianza-fsp-moir-en-antioquia-corrobora-abstencion-activa-al-referendo\/","title":{"rendered":"ALIANZA FSP -MOIR EN ANTIOQUIA CORROBORA ABSTENCI\u00d3N ACTIVA AL REFERENDO"},"content":{"rendered":"<p>Senadores reafirman su posici\u00f3n de izquierda democr\u00e1tica<\/p>\n<p>Comit\u00e9 de Prensa y Comunicaciones, Medell\u00edn, septiembre 30 de 2003<\/p>\n<p>En acto masivo que desarroll\u00f3 ayer en la ciudad de Medell\u00edn, la alianza en Antioquia del Frente Social y Pol\u00edtico FSP \u2013 Unidad C\u00edvica y Agraria MOIR, los senadores Carlos Gaviria D\u00edaz y Jorge Enrique Robledo Castillo reafirmaron su posici\u00f3n de abstencionismo total al Referendo y asintieron la importancia de la tarea que vienen desarrollando los diferentes movimientos sociales en contra de las pol\u00edticas del gobierno all\u00ed plasmadas. Manifestaron, adem\u00e1s, su apoyo a los candidatos Manuel Antonio Mu\u00f1oz Uribe, en la lista Nro. 24 al Concejo de Medell\u00edn, y de Jorge Alberto G\u00f3mez Gallego, en la lista Nro. 47 a la Asamblea Departamental. Tambi\u00e9n estuvo presente durante la jornada la Ex Alcaldesa de Apartad\u00f3 y actual Dirigente Nacional del Frente Social y Pol\u00edtico Gloria Cuartas.<\/p>\n<p>Gaviria y Robledo ratificaron la importancia de hacer pedagog\u00eda alrededor de un tema crucial para el futuro del pa\u00eds como es el Referendo. \u201cEn el Gobierno se advierten dos pol\u00edticas muy bien articuladas, la una al servicio de la otra: en el campo econ\u00f3mico, una pol\u00edtica neoliberal que se traduce en la aceptaci\u00f3n sumisa de las directrices del Fondo Monetario Internacional, por lo que se est\u00e1 llamando al pueblo a que vote, a que avale dichas pol\u00edticas a trav\u00e9s de enga\u00f1os y mentiras. Posteriormente, cuando se aprueben esas medidas, que producir\u00e1n efectos desastrosos, nocivos, devastadores, se presentar\u00e1 sin duda alguna la protesta social y el Gobierno se lavar\u00e1 las manos pregunt\u00e1ndole al pueblo por qu\u00e9 se queja si fue el pueblo mismo quien vot\u00f3 el referendo, para lo cual se viene instrumentando una pol\u00edtica completamente autoritaria necesaria para sofocar dicha a protesta social\u201d, aseguraron los congresistas.<\/p>\n<p>De otro lado, en la Universidad de Antioquia, tambi\u00e9n se reunieron los senadores y los candidatos por el FSP y MOIR, y se discuti\u00f3 la tem\u00e1tica de la educaci\u00f3n p\u00fablica como un derecho fundamental de la poblaci\u00f3n y una obligaci\u00f3n m\u00e1s de un Estado social de derecho, as\u00ed como el tema \u201cAutonom\u00eda Universitaria, ALCA y Referendo\u201d. Por primera vez en muchos a\u00f1os, hubo lleno total en el Teatro Universitario Camilo Torres, en donde se reunieron m\u00e1s de dos mil personas, entre profesores y estudiantes, para escuchar los conceptos y opiniones de los senadores y candidatos.<\/p>\n<p>En horas de la tarde, la Dirigente Nacional del Frente Social y Pol\u00edtico Gloria Cuartas particip\u00f3 de un encuentro con las mujeres de Medell\u00edn, en donde se trat\u00f3 la situaci\u00f3n actual de la mujer como madre y cabeza de familia, sus derechos, su participaci\u00f3n y retos en la construcci\u00f3n de una sociedad que hoy por hoy exige m\u00e1s de su intervenci\u00f3n activa.<\/p>\n<p>La Jornada concluy\u00f3 con un Acto masivo en el auditorio de ADIDA, a donde concurrieron m\u00e1s de mil personas de la ciudad de Medell\u00edn y de diferentes municipios del departamento de Antioquia que apoyan la abstenci\u00f3n activa al referendo y que, entre aplausos, vivas, alegr\u00eda y m\u00fasica, escucharon atentas las propuestas en materia de social, pol\u00edtica y econ\u00f3mica, de los candidatos a Concejo y Asamblea, y de los Senadores. Al final de su intervenci\u00f3n, el Senador Gaviria enfatiz\u00f3: \u201cSomos de izquierda democr\u00e1tica, y lo decimos con orgullo y sin ning\u00fan temor\u201d, y expres\u00f3, adem\u00e1s: \u201cComo lo dijo Fausto: \u2018Mi mayor sue\u00f1o es vivir en un pa\u00eds libre, con un pueblo libre\u201d.<\/p>\n<p>COMIT\u00c9 DE PRENSA Y COMUNICACIONES<\/p>\n","protected":false},"excerpt":{"rendered":"<p>Senadores reafirman su posici\u00f3n de izquierda democr\u00e1tica Comit\u00e9 de Prensa y Comunicaciones, Medell\u00edn, septiembre 30 de 2003 En acto masivo que desarroll\u00f3 ayer en la ciudad de Medell\u00edn, la alianza en Antioquia del Frente Social y Pol\u00edtico FSP \u2013 Unidad C\u00edvica y Agraria MOIR, los senadores Carlos Gaviria D\u00edaz y Jorge Enrique Robledo Castillo reafirmaron [&hellip;]<\/p>\n","protected":false},"author":1,"featured_media":0,"comment_status":"open","ping_status":"open","sticky":false,"template":"","format":"standard","meta":{"advanced_seo_description":"","jetpack_seo_html_title":"","jetpack_seo_noindex":false,"_jetpack_memberships_contains_paid_content":false,"footnotes":""},"categories":[7],"tags":[],"class_list":["post-593","post","type-post","status-publish","format-standard","hentry","category-pronunciamientos-de-organizaciones-sociales"],"jetpack_featured_media_url":"","jetpack-related-posts":[{"id":590,"url":"https:\/\/moir.com.co\/web\/senadores-gaviria-y-robledo-avalan-candidaturas-a-alcaldias-asamblea-y-concejos-en-antioquia-por-la-alianza-fsp-moir\/","url_meta":{"origin":593,"position":0},"title":"SENADORES GAVIRIA Y ROBLEDO AVALAN CANDIDATURAS A ALCALD\u00cdAS, ASAMBLEA Y CONCEJOS EN ANTIOQUIA POR LA ALIANZA FSP &#8211; MOIR","author":"admin","date":"agosto 11, 2004","format":false,"excerpt":"FSP - MOIR, Medell\u00edn, septiembre 17 de 2003 El lunes 29 de septiembre, en la ciudad de Medell\u00edn, los senadores Carlos Gaviria D\u00edaz -Presidente del Frente Social y Pol\u00edtico- y Jorge Enrique Robledo Castillo -Vocero de la Unidad C\u00edvica y Agraria MOIR- presidir\u00e1n varios actos en cumplimiento de una amplia\u2026","rel":"","context":"En \u00abPronunciamientos de Organizaciones Sociales\u00bb","block_context":{"text":"Pronunciamientos de Organizaciones Sociales","link":"https:\/\/moir.com.co\/web\/category\/pronunciamientos-de-organizaciones-sociales\/"},"img":{"alt_text":"","src":"","width":0,"height":0},"classes":[]},{"id":572,"url":"https:\/\/moir.com.co\/web\/moir-fsp-ptc-y-movimiento-comunal-y-comunitario-pactaron-alianzas-en-el-huila-en-torno-a-listas-para-asamblea-y-alcaldia\/","url_meta":{"origin":593,"position":1},"title":"MOIR, FSP, PTC Y MOVIMIENTO COMUNAL Y COMUNITARIO PACTARON ALIANZAS EN EL HUILA EN TORNO A LISTAS PARA ASAMBLEA Y ALCALD\u00cdA","author":"admin","date":"agosto 11, 2004","format":false,"excerpt":"El senador por la Unidad C\u00edvica y Agraria Moir- Jorge Enrique Robledo, vaticin\u00f3 que el Referendo del presidente Uribe ser\u00e1 derrotado, al celebrar la decisi\u00f3n del Partido Liberal de sumarse a la abstenci\u00f3n activa. El dirigente de la izquierda, quien particip\u00f3 ayer en esta ciudad en importantes conferencias sobre el\u2026","rel":"","context":"En \u00abPronunciamientos de Organizaciones Sociales\u00bb","block_context":{"text":"Pronunciamientos de Organizaciones Sociales","link":"https:\/\/moir.com.co\/web\/category\/pronunciamientos-de-organizaciones-sociales\/"},"img":{"alt_text":"","src":"","width":0,"height":0},"classes":[]},{"id":548,"url":"https:\/\/moir.com.co\/web\/los-equipos-politicos-que-en-antioquia-siguen-las-orientaciones-de-los-senadores-carlos-gaviria-diaz-y-jorge-enrique-robledo-c\/","url_meta":{"origin":593,"position":2},"title":"LOS EQUIPOS POL\u00cdTICOS QUE EN ANTIOQUIA SIGUEN LAS ORIENTACIONES DE LOS SENADORES CARLOS GAVIRIA D\u00cdAZ Y JORGE ENRIQUE ROBLEDO C","author":"admin","date":"agosto 10, 2004","format":false,"excerpt":"Frente Social y Pol\u00edtico-Unidad C\u00edvica y Agraria \u2013 MOIR, Medell\u00edn, Agosto 5 de 2003 Se protocoliz\u00f3 el acuerdo pol\u00edtico mediante el cual, el Frente Social y Pol\u00edtico, organizaci\u00f3n que sigue las orientaciones del abogado, ex presidente de la Corte Constitucional, y actual Senador antioque\u00f1o Carlos Gaviria D\u00edaz, y Unidad C\u00edvica\u2026","rel":"","context":"En \u00abPronunciamientos de Organizaciones Sociales\u00bb","block_context":{"text":"Pronunciamientos de Organizaciones Sociales","link":"https:\/\/moir.com.co\/web\/category\/pronunciamientos-de-organizaciones-sociales\/"},"img":{"alt_text":"","src":"","width":0,"height":0},"classes":[]},{"id":846,"url":"https:\/\/moir.com.co\/web\/con-los-independientes-pero-de-verdad\/","url_meta":{"origin":593,"position":3},"title":"CON LOS INDEPENDIENTES PERO DE VERDAD","author":"admin","date":"agosto 12, 2004","format":false,"excerpt":"Los Senadores Carlos Gaviria y Jorge Enrique Robledo, que se identifican como \"Los independientes, pero de verdad\" participar\u00e1n \u00e9ste lunes 29 de septiembre en tres eventos en los que sustentar\u00e1n ante amplios sectores de intelectuales y dirigentes populares sus posiciones por la abstenci\u00f3n activa al referendo, las denuncias contra la\u2026","rel":"","context":"En \u00abRevista de Prensa\u00bb","block_context":{"text":"Revista de Prensa","link":"https:\/\/moir.com.co\/web\/category\/prensa\/revista-de-prensa\/"},"img":{"alt_text":"","src":"","width":0,"height":0},"classes":[]},{"id":463,"url":"https:\/\/moir.com.co\/web\/conformada-comision-nacional-contra-el-referendo\/","url_meta":{"origin":593,"position":4},"title":"CONFORMADA COMISI\u00d3N NACIONAL CONTRA EL REFERENDO","author":"admin","date":"agosto 9, 2004","format":false,"excerpt":"Gran Encuentro Nacional de Lucha Contra el Referendo, Bogot\u00e1, D.C. diciembre 18 de 2002. En el d\u00eda de hoy, despu\u00e9s de varias sesiones preparatorias, se instal\u00f3 formalmente la Comisi\u00f3n Nacional de Lucha Contra el Referendo, integrada por las Centrales Obreras, CUT - CTC - CGTD y CPC, decenas de sindicatos\u2026","rel":"","context":"En \u00abPronunciamientos de Organizaciones Sociales\u00bb","block_context":{"text":"Pronunciamientos de Organizaciones Sociales","link":"https:\/\/moir.com.co\/web\/category\/pronunciamientos-de-organizaciones-sociales\/"},"img":{"alt_text":"","src":"","width":0,"height":0},"classes":[]},{"id":492,"url":"https:\/\/moir.com.co\/web\/por-la-abstencion-activa-contra-el-referendo\/","url_meta":{"origin":593,"position":5},"title":"POR LA ABSTENCI\u00d3N ACTIVA CONTRA EL REFERENDO.","author":"admin","date":"agosto 9, 2004","format":false,"excerpt":"Los dirigentes, organizaciones y partidos pol\u00edticos de Manizales y Caldas, una vez analizada la grave situaci\u00f3n econ\u00f3mica y social que atraviesa nuestra patria y la propuesta del Gobierno del Presidente Uribe V\u00e9lez, aprobada por sus mayor\u00edas en el Congreso de la Rep\u00fablica, de realizar un Referendo, declaramos: El gobierno, a\u2026","rel":"","context":"En \u00abPronunciamientos de Organizaciones Sociales\u00bb","block_context":{"text":"Pronunciamientos de Organizaciones Sociales","link":"https:\/\/moir.com.co\/web\/category\/pronunciamientos-de-organizaciones-sociales\/"},"img":{"alt_text":"","src":"","width":0,"height":0},"classes":[]}],"jetpack_sharing_enabled":true,"_links":{"self":[{"href":"https:\/\/moir.com.co\/web\/wp-json\/wp\/v2\/posts\/593","targetHints":{"allow":["GET"]}}],"collection":[{"href":"https:\/\/moir.com.co\/web\/wp-json\/wp\/v2\/posts"}],"about":[{"href":"https:\/\/moir.com.co\/web\/wp-json\/wp\/v2\/types\/post"}],"author":[{"embeddable":true,"href":"https:\/\/moir.com.co\/web\/wp-json\/wp\/v2\/users\/1"}],"replies":[{"embeddable":true,"href":"https:\/\/moir.com.co\/web\/wp-json\/wp\/v2\/comments?post=593"}],"version-history":[{"count":0,"href":"https:\/\/moir.com.co\/web\/wp-json\/wp\/v2\/posts\/593\/revisions"}],"wp:attachment":[{"href":"https:\/\/moir.com.co\/web\/wp-json\/wp\/v2\/media?parent=593"}],"wp:term":[{"taxonomy":"category","embeddable":true,"href":"https:\/\/moir.com.co\/web\/wp-json\/wp\/v2\/categories?post=593"},{"taxonomy":"post_tag","embeddable":true,"href":"https:\/\/moir.com.co\/web\/wp-json\/wp\/v2\/tags?post=593"}],"curies":[{"name":"wp","href":"https:\/\/api.w.org\/{rel}","templated":true}]}}