{"id":591,"date":"2004-08-11T07:00:00","date_gmt":"2004-08-11T07:00:00","guid":{"rendered":"https:\/\/moir.org.co\/web\/acuerdo-democratico-y-patriotico-para-corporaciones-publicas-de-santa-marta-y-el-magdalena\/"},"modified":"2004-08-11T07:00:00","modified_gmt":"2004-08-11T07:00:00","slug":"acuerdo-democratico-y-patriotico-para-corporaciones-publicas-de-santa-marta-y-el-magdalena","status":"publish","type":"post","link":"https:\/\/moir.com.co\/web\/acuerdo-democratico-y-patriotico-para-corporaciones-publicas-de-santa-marta-y-el-magdalena\/","title":{"rendered":"ACUERDO DEMOCR\u00c1TICO Y PATRI\u00d3TICO PARA CORPORACIONES P\u00daBLICAS DE SANTA MARTA Y EL MAGDALENA"},"content":{"rendered":"<p>Los integrantes de las listas de la Anapo, abajo firmantes, y la direcci\u00f3n del Movimiento Obrero Independiente y Revolucionario (MOIR) del departamento del Magdalena hemos logrado un acuerdo program\u00e1tico de principios para la participaci\u00f3n en la actual contienda electoral , bajo los siguientes criterios. <\/p>\n<p>1.     El rechazo al modelo de apertura econ\u00f3mica impuesto al pa\u00eds por el gobierno de Estados Unidos, el cual, luego de m\u00e1s de trece a\u00f1os de aplicaci\u00f3n, ha tra\u00eddo lesivas consecuencias a Colombia, tales como: la peor recesi\u00f3n econ\u00f3mica de los \u00faltimos cien a\u00f1os, quiebra de vastos sectores del agro y la industria, deuda p\u00fablica asfixiante e impagable, privatizaci\u00f3n de la salud, la educaci\u00f3n y los servicios p\u00fablicos, desempleo persistente, niveles de pobreza e indigencia nunca vistos, descomposici\u00f3n social, entre otros.<\/p>\n<p>2.     El rechazo a la inclusi\u00f3n de Colombia en el \u00c1rea de Libre Comercio de las Am\u00e9ricas (ALCA), o en un Tratado de Libre Comercio Bilateral con la potencia del Norte, por cuantos estos son instrumentos de recolonizaci\u00f3n de toda Am\u00e9rica Latina a trav\u00e9s del libre flujo de mercanc\u00edas sin aranceles de importaci\u00f3n y libertad de movimiento a los capitales especulativos, acabando de liquidar lo poco que queda de las actividades agrarias e industriales; como tambi\u00e9n sufrir\u00edan un colapso muy grave los sectores de la educaci\u00f3n, los servicios p\u00fablicos, el comercio, las comunicaciones, etc. Hasta las compras del sector estatal quedar\u00edan a merced de las multinacionales y los conflictos de intereses entre estados y empresas extranjeras ser\u00edan dirimidos en tribunales de arbitramentos privados, sin tener en cuenta la legislaci\u00f3n interna ni la Constituci\u00f3n de cada naci\u00f3n.<\/p>\n<p>3.     El asunto m\u00e1s vital de nuestro pa\u00eds es la defensa de la soberan\u00eda nacional, que los asuntos internos sean manejados y controlados por los colombianos al servicio del pa\u00eds y no por potencias extranjeras ni por organismos del capital financiero internacional. La autodeterminaci\u00f3n nacional es la base insustituible para el desarrollo econ\u00f3mico y el progreso social.<\/p>\n<p>4.     La defensa de los derechos de los trabajadores y del pueblo y de la producci\u00f3n nacional son cuestiones de trascendental importancia para salir de la grave crisis en que nos ha hundido el modelo neoliberal.<\/p>\n<p>5.     La defensa de la educaci\u00f3n y la salud p\u00fablicas que han estado sometidas a un recorte sistem\u00e1tico a trav\u00e9s del subsidio a la demanda y la municipalizaci\u00f3n, perjudicando a la poblaci\u00f3n, al personal docente, administrativo, m\u00e9dico y dem\u00e1s empleados y profesionales.<\/p>\n<p>6.     La defensa de los usuarios de los servicios p\u00fablicos domiciliarios, exigiendo que las empresas prestadoras privatizadas vuelvan a ser manejadas por el Estado de manera eficiente y correcta y dejen de ser un jugoso negocio de unas cuantas multinacionales extranjeras, como Electricaribe y Metroagua, que arruinan a diario a los usuarios residenciales, urbanos, rurales, comerciales e industriales con tarifas onerosas, p\u00e9sima prestaci\u00f3n de los servicios, cortes permanentes y trato insoportable.<\/p>\n<p>7.     Consideramos que las controversias internas del pa\u00eds deben ser resueltas de manera democr\u00e1tica y civilizada. Nos oponemos  a la penalizaci\u00f3n de la protesta social y a las formas autoritarias que est\u00e1 tomando el gobierno de turno.<\/p>\n<p>8.     Propugnamos por una urgente soluci\u00f3n a los problemas de las crecientes deudas del sector agropecuario del departamento del Magdalena, las cuales deben ser condonadas por el gobierno nacional, ya que por medio de las refinanciaciones no se llega a soluciones verdaderas sino que se prolonga la agon\u00eda de las gentes de bien que trabajan en condiciones dif\u00edciles por el progreso de la regi\u00f3n y del pa\u00eds.<\/p>\n<p>9.     Llamamos a la abstenci\u00f3n activa del referendo fiscalista y autoritario de Uribe V\u00e9lez, por cuanto a trav\u00e9s del mismo se pretende descargar la crisis del pa\u00eds en los hombros de los trabajadores y del pueblo rebajando los salarios y las pensiones, recortando m\u00e1s la precaria democracia existente con el antidemocr\u00e1tico umbral y la cifra repartidora en las corporaciones p\u00fablicas, aumentando el desempleo y la corrupci\u00f3n con la eliminaci\u00f3n de las contralor\u00edas territoriales y tratando de obtener un cheque en blanco para continuar aplicando el recetario del Fondo Monetario Internacional que ha arruinado a los pa\u00edses dominados del tercer mundo.<\/p>\n<p>10. Apoyar las justas luchas populares por mejores condiciones de vida y de trabajo.<\/p>\n<p>11. Este acuerdo cuenta con el respaldo del senador de la Rep\u00fablica por la Unidad C\u00edvica y Agraria-MOIR Jorge Enrique Robledo Castillo.  <\/p>\n<p>Con estas banderas esclarecedoras participamos en esta contienda electoral que culminar\u00e1 el pr\u00f3ximo 26 de octubre invitando a los diversos sectores sociales a respaldarlas, votando para el concejo distrital de Santa Marta por JUAN CARLOS SIERRA, lista de la Anapo, n\u00famero 72, rengl\u00f3n n\u00famero 1; y para la asamblea del departamento del Magdalena por MAX PONZ\u00d3N, lista de la Anapo, n\u00famero 72, rengl\u00f3n n\u00famero 1. <\/p>\n<p>POR LOS CANDIDATOS:<br \/>\nJUAN CARLOS SIERRA<br \/>\nCandidato al concejo distrital <\/p>\n<p>MAX PONZ\u00d3N<br \/>\nCandidato a la asamblea departamental<\/p>\n<p>POR EL MOVIMIENTO OBRERO INDEPENDIENTE Y REVOLUCIONARIO, MOIR:<br \/>\nNORMAN ALARC\u00d3N RODAS<br \/>\nSecretario Regional del Magdalena<\/p>\n<p>LAUREANO C\u00c1EZ TURIZO<br \/>\nSecretario Comisi\u00f3n Pol\u00edtica<\/p>\n<p>JOS\u00c9 ANTONIO LOBO PAB\u00d3N<br \/>\nMiembro Comit\u00e9 Regional<\/p>\n<p>Santa Marta, DTCH, septiembre 29 de 2003<\/p>\n","protected":false},"excerpt":{"rendered":"<p>Los integrantes de las listas de la Anapo, abajo firmantes, y la direcci\u00f3n del Movimiento Obrero Independiente y Revolucionario (MOIR) del departamento del Magdalena hemos logrado un acuerdo program\u00e1tico de principios para la participaci\u00f3n en la actual contienda electoral , bajo los siguientes criterios. 1. El rechazo al modelo de apertura econ\u00f3mica impuesto al pa\u00eds [&hellip;]<\/p>\n","protected":false},"author":1,"featured_media":0,"comment_status":"open","ping_status":"open","sticky":false,"template":"","format":"standard","meta":{"advanced_seo_description":"","jetpack_seo_html_title":"","jetpack_seo_noindex":false,"_jetpack_memberships_contains_paid_content":false,"footnotes":""},"categories":[7],"tags":[],"class_list":["post-591","post","type-post","status-publish","format-standard","hentry","category-pronunciamientos-de-organizaciones-sociales"],"jetpack_featured_media_url":"","jetpack-related-posts":[{"id":674,"url":"https:\/\/moir.com.co\/web\/lanzamiento-de-la-gran-coalicion-democratica-del-magdalena\/","url_meta":{"origin":591,"position":0},"title":"LANZAMIENTO DE LA GRAN COALICI\u00d3N DEMOCR\u00c1TICA DEL MAGDALENA","author":"admin","date":"agosto 11, 2004","format":false,"excerpt":"El Mi\u00e9rcoles 4 de agosto de 2004 se constituy\u00f3 la Gran Coalici\u00f3n Democr\u00e1tica del Magdalena con la participaci\u00f3n de las organizaciones pol\u00edticas, gremiales, sindicales y comunitarias abajo firmantes, las cuales est\u00e1n de acuerdo con los siguientes objetivos de lucha de car\u00e1cter nacional, regional y distrital. OBJETIVOS NACIONALES 1. Rechazo al\u2026","rel":"","context":"En \u00abPronunciamientos de Organizaciones Sociales\u00bb","block_context":{"text":"Pronunciamientos de Organizaciones Sociales","link":"https:\/\/moir.com.co\/web\/category\/pronunciamientos-de-organizaciones-sociales\/"},"img":{"alt_text":"","src":"","width":0,"height":0},"classes":[]},{"id":6909,"url":"https:\/\/moir.com.co\/web\/enajenacion-del-rio-magdalena-una-tragedia-nacional\/","url_meta":{"origin":591,"position":1},"title":"Enajenaci\u00f3n del r\u00edo Magdalena una tragedia nacional","author":"admin","date":"octubre 9, 2012","format":false,"excerpt":"Una de las pol\u00edticas emanadas del Consenso de Washington fue la de la privatizaci\u00f3n del patrimonio p\u00fablico aplicada desde hace m\u00e1s de veinte a\u00f1os en nuestro pa\u00eds y ya se pueden ver sus resultados altamente negativos. La salud p\u00fablica en cuidados intensivos por la ley 100, que casi nadie se\u2026","rel":"","context":"En \u00abTemas\u00bb","block_context":{"text":"Temas","link":"https:\/\/moir.com.co\/web\/category\/temas\/"},"img":{"alt_text":"","src":"","width":0,"height":0},"classes":[]},{"id":980,"url":"https:\/\/moir.com.co\/web\/foro-sobre-la-crisis-de-la-salud-la-red-p__blica-hospitalaria-y-por-la-salvaci__n-del-hospital-central-de-santa-marta\/","url_meta":{"origin":591,"position":2},"title":"FORO SOBRE LA CRISIS DE LA SALUD, LA RED P__BLICA HOSPITALARIA Y POR LA SALVACI__N DEL HOSPITAL CENTRAL DE SANTA MARTA","author":"admin","date":"agosto 25, 2004","format":false,"excerpt":"Uno de los problemas m\u00e1s delicados de la poblaci\u00f3n colombiana es el de la salud y la red p\u00fablica hospitalaria ya que lesiona la existencia de millones de ni\u00f1os, j\u00f3venes, adultos y ancianos. El grave deterioro en la atenci\u00f3n de la salud y la prevenci\u00f3n de enfermedades atenta contra el\u2026","rel":"","context":"En \u00abPronunciamientos de Organizaciones Sociales\u00bb","block_context":{"text":"Pronunciamientos de Organizaciones Sociales","link":"https:\/\/moir.com.co\/web\/category\/pronunciamientos-de-organizaciones-sociales\/"},"img":{"alt_text":"","src":"","width":0,"height":0},"classes":[]},{"id":508,"url":"https:\/\/moir.com.co\/web\/el-comando-regional-unitario-del-magdalena-se-une-a-jornada-nacional-de-protesta-paro-nacional-y-primero-de-mayo\/","url_meta":{"origin":591,"position":3},"title":"EL COMANDO REGIONAL UNITARIO DEL MAGDALENA SE UNE A JORNADA NACIONAL DE PROTESTA, PARO NACIONAL Y PRIMERO DE MAYO","author":"admin","date":"agosto 9, 2004","format":false,"excerpt":"Comando Regional Unitario del Magdalena, Santa Marta, abril 25 de 2003 Siguiendo las orientaciones aprobadas por las centrales obreras, FECODE, Uso, sindicatos nacionales, Asociaci\u00f3n por la Salvaci\u00f3n Agropecuaria y federaciones de pensionados, el Comando Regional Unitario del Departamento del Magdalena ha decidido participar activamente en la jornada nacional de protesta\u2026","rel":"","context":"En \u00abPronunciamientos de Organizaciones Sociales\u00bb","block_context":{"text":"Pronunciamientos de Organizaciones Sociales","link":"https:\/\/moir.com.co\/web\/category\/pronunciamientos-de-organizaciones-sociales\/"},"img":{"alt_text":"","src":"","width":0,"height":0},"classes":[]},{"id":7959,"url":"https:\/\/moir.com.co\/web\/conclusiones-sobre-el-proyecto-pot-barranquilla-2013-2033\/","url_meta":{"origin":591,"position":4},"title":"Conclusiones sobre el proyecto POT barranquilla 2013-2033","author":"admin","date":"octubre 1, 2013","format":false,"excerpt":"1. El POT comprende un conjunto de acciones pol\u00edtico administrativas relacionadas con el desarrollo del territorio, la utilizaci\u00f3n del espacio con estrategias socioecon\u00f3micas y ambientales que afectan a todos los habitantes del distrito de Barranquilla. 2. Este proyecto tiene dos falencias protuberantes: no hubo concertaci\u00f3n con la mayor\u00eda de sectores\u2026","rel":"","context":"En \u00abTemas\u00bb","block_context":{"text":"Temas","link":"https:\/\/moir.com.co\/web\/category\/temas\/"},"img":{"alt_text":"","src":"","width":0,"height":0},"classes":[]},{"id":20797,"url":"https:\/\/moir.com.co\/web\/si-no-hay-acuerdo-sobre-estratificacion-y-tarifas-desobediencia-civil-en-el-magdalena-medio\/","url_meta":{"origin":591,"position":5},"title":"Si no hay acuerdo sobre estratificaci\u00f3n y tarifas: DESOBEDIENCIA CIVIL EN EL MAGDALENA MEDIO","author":"admin","date":"abril 11, 2005","format":false,"excerpt":"Por Norman Alarc\u00f3n Rodas El 6 de noviembre, en el auditorio de la C\u00e1mara de Comercio de La Dorada, se realiz\u00f3 el Foro sobre Estratificaci\u00f3n, Tarifas y Desmonte de Subsidios, convocado por el Comit\u00e9 Intergremial del Magdalena Medio. Asistieron delegados de trece municipios: La Dorada, Marquetalia, Saman\u00e1, Victoria y Manzanares,\u2026","rel":"","context":"En \u00abTribuna Roja N\u00b0 68, Bogot\u00e1; noviembre 13 de 1996\u00bb","block_context":{"text":"Tribuna Roja N\u00b0 68, Bogot\u00e1; noviembre 13 de 1996","link":"https:\/\/moir.com.co\/web\/category\/tribuna-roja\/ediciones-1995-1999\/tribuna-roja-n-68-bogota-noviembre-13-de-1996\/"},"img":{"alt_text":"","src":"","width":0,"height":0},"classes":[]}],"jetpack_sharing_enabled":true,"_links":{"self":[{"href":"https:\/\/moir.com.co\/web\/wp-json\/wp\/v2\/posts\/591","targetHints":{"allow":["GET"]}}],"collection":[{"href":"https:\/\/moir.com.co\/web\/wp-json\/wp\/v2\/posts"}],"about":[{"href":"https:\/\/moir.com.co\/web\/wp-json\/wp\/v2\/types\/post"}],"author":[{"embeddable":true,"href":"https:\/\/moir.com.co\/web\/wp-json\/wp\/v2\/users\/1"}],"replies":[{"embeddable":true,"href":"https:\/\/moir.com.co\/web\/wp-json\/wp\/v2\/comments?post=591"}],"version-history":[{"count":0,"href":"https:\/\/moir.com.co\/web\/wp-json\/wp\/v2\/posts\/591\/revisions"}],"wp:attachment":[{"href":"https:\/\/moir.com.co\/web\/wp-json\/wp\/v2\/media?parent=591"}],"wp:term":[{"taxonomy":"category","embeddable":true,"href":"https:\/\/moir.com.co\/web\/wp-json\/wp\/v2\/categories?post=591"},{"taxonomy":"post_tag","embeddable":true,"href":"https:\/\/moir.com.co\/web\/wp-json\/wp\/v2\/tags?post=591"}],"curies":[{"name":"wp","href":"https:\/\/api.w.org\/{rel}","templated":true}]}}