{"id":590,"date":"2004-08-11T07:00:00","date_gmt":"2004-08-11T07:00:00","guid":{"rendered":"https:\/\/moir.org.co\/web\/senadores-gaviria-y-robledo-avalan-candidaturas-a-alcaldias-asamblea-y-concejos-en-antioquia-por-la-alianza-fsp-moir\/"},"modified":"2004-08-11T07:00:00","modified_gmt":"2004-08-11T07:00:00","slug":"senadores-gaviria-y-robledo-avalan-candidaturas-a-alcaldias-asamblea-y-concejos-en-antioquia-por-la-alianza-fsp-moir","status":"publish","type":"post","link":"https:\/\/moir.com.co\/web\/senadores-gaviria-y-robledo-avalan-candidaturas-a-alcaldias-asamblea-y-concejos-en-antioquia-por-la-alianza-fsp-moir\/","title":{"rendered":"SENADORES GAVIRIA Y ROBLEDO AVALAN CANDIDATURAS A ALCALD\u00cdAS, ASAMBLEA Y CONCEJOS EN ANTIOQUIA POR LA ALIANZA FSP &#8211; MOIR"},"content":{"rendered":"<p>FSP &#8211; MOIR, Medell\u00edn, septiembre 17 de 2003<\/p>\n<p>El lunes 29 de septiembre, en la ciudad de Medell\u00edn, los senadores Carlos Gaviria D\u00edaz -Presidente del Frente Social y Pol\u00edtico- y Jorge Enrique Robledo Castillo -Vocero de la Unidad C\u00edvica y Agraria MOIR- presidir\u00e1n varios actos en cumplimiento de una amplia programaci\u00f3n de car\u00e1cter pol\u00edtico que iniciar\u00e1 con una Rueda de Prensa y finalizar\u00e1 con el Lanzamiento Oficial de la Campa\u00f1a.<\/p>\n<p>La programaci\u00f3n hace parte del conjunto de actividades que la alianza entre estos movimientos viene desarrollando desde que se firm\u00f3 el acuerdo basado en la coincidencia que las dos organizaciones han tenido en los \u00faltimos tiempos en su actividad de promover la abstenci\u00f3n activa en el referendo, la defensa del patrimonio p\u00fablico, la soberan\u00eda nacional, los derechos democr\u00e1ticos de la poblaci\u00f3n y la denuncia y oposici\u00f3n al conjunto de medidas adoptadas por el actual gobierno, consideradas por ambos movimientos como fruto de las imposiciones del Fondo Monetario Internacional y del gobierno de los Estados Unidos en contra de la naci\u00f3n.<\/p>\n<p>La Programaci\u00f3n:<\/p>\n<p>8:00 a.m.: Rueda de Prensa: Por qu\u00e9 Abstenci\u00f3n al Referendo. Propuestas. Estar\u00e1n presentes los senadores Carlos Gaviria y Jorge Robledo. Adem\u00e1s: Manuel Antonio Mu\u00f1oz Uribe, Candidato al Concejo de Medell\u00edn, Nro. 24. Jorge Alberto G\u00f3mez Gallego, Candidato a la Asamblea, Nro 47. Carlos Fernando Mu\u00f1oz Castrill\u00f3n, Candidato a la Alcald\u00eda de Itag\u00fc\u00ed. R\u00f3mulo Narv\u00e1ez Hern\u00e1ndez, Candidato al Concejo del Carmen de Viboral. Otros candidatos a Concejos municipales del Departamento. Sede de ASMEDAS Antioquia, carrera 50 62-5, barrio Prado Centro.<\/p>\n<p>10:00 a.m.: Foro Autonom\u00eda Universitaria, ALCA y Referendo. Convocan: Asociaci\u00f3n de Profesores de la Universidad de Antioquia, organizaciones estudiantiles del Alma M\u00e1ter, Asociaci\u00f3n M\u00e9dica de Antioquia ASMEDAS y Asociaci\u00f3n Nacional de Enfermeras de Colombia ANEC Seccional Antioquia. Ponentes: Senadores Carlos Gaviria D\u00edaz y Jorge Enrique Robledo Castillo; candidato al Concejo de Medell\u00edn Manuel Antonio Mu\u00f1oz Uribe, y candidato a la Asamblea Departamental Jorge Alberto G\u00f3mez Gallego.<\/p>\n<p>12:30 p.m.: Homenaje a los Senadores Carlos Gaviria D\u00edaz y Jorge Enrique Robledo Castillo. Hotel Nutibara. Almuerzo. Donaci\u00f3n $30.000 (recaudaci\u00f3n de fondos para la Campa\u00f1a).<\/p>\n<p>6:00 p.m.: Lanzamiento Oficial de la Campa\u00f1a Frente Social y Pol\u00edtico \u2013 Unidad C\u00edvica y Agraria MOIR. Auditorio Luis Felipe V\u00e9lez de ADIDA, Calle 57 42-70.<\/p>\n<p>Invitamos a todos los medios y, a trav\u00e9s de ellos, a la comunidad en general, para que nos acompa\u00f1en durante esta programaci\u00f3n, y sean part\u00edcipes de una opci\u00f3n que propende por un futuro con mejores condiciones de vida.<\/p>\n<p>COMIT\u00c9 DE PRENSA Y COMUNICACIONES<\/p>\n","protected":false},"excerpt":{"rendered":"<p>FSP &#8211; MOIR, Medell\u00edn, septiembre 17 de 2003 El lunes 29 de septiembre, en la ciudad de Medell\u00edn, los senadores Carlos Gaviria D\u00edaz -Presidente del Frente Social y Pol\u00edtico- y Jorge Enrique Robledo Castillo -Vocero de la Unidad C\u00edvica y Agraria MOIR- presidir\u00e1n varios actos en cumplimiento de una amplia programaci\u00f3n de car\u00e1cter pol\u00edtico que [&hellip;]<\/p>\n","protected":false},"author":1,"featured_media":0,"comment_status":"open","ping_status":"open","sticky":false,"template":"","format":"standard","meta":{"advanced_seo_description":"","jetpack_seo_html_title":"","jetpack_seo_noindex":false,"_jetpack_memberships_contains_paid_content":false,"footnotes":""},"categories":[7],"tags":[],"class_list":["post-590","post","type-post","status-publish","format-standard","hentry","category-pronunciamientos-de-organizaciones-sociales"],"jetpack_featured_media_url":"","jetpack-related-posts":[{"id":593,"url":"https:\/\/moir.com.co\/web\/alianza-fsp-moir-en-antioquia-corrobora-abstencion-activa-al-referendo\/","url_meta":{"origin":590,"position":0},"title":"ALIANZA FSP -MOIR EN ANTIOQUIA CORROBORA ABSTENCI\u00d3N ACTIVA AL REFERENDO","author":"admin","date":"agosto 11, 2004","format":false,"excerpt":"Senadores reafirman su posici\u00f3n de izquierda democr\u00e1tica Comit\u00e9 de Prensa y Comunicaciones, Medell\u00edn, septiembre 30 de 2003 En acto masivo que desarroll\u00f3 ayer en la ciudad de Medell\u00edn, la alianza en Antioquia del Frente Social y Pol\u00edtico FSP \u2013 Unidad C\u00edvica y Agraria MOIR, los senadores Carlos Gaviria D\u00edaz y\u2026","rel":"","context":"En \u00abPronunciamientos de Organizaciones Sociales\u00bb","block_context":{"text":"Pronunciamientos de Organizaciones Sociales","link":"https:\/\/moir.com.co\/web\/category\/pronunciamientos-de-organizaciones-sociales\/"},"img":{"alt_text":"","src":"","width":0,"height":0},"classes":[]},{"id":572,"url":"https:\/\/moir.com.co\/web\/moir-fsp-ptc-y-movimiento-comunal-y-comunitario-pactaron-alianzas-en-el-huila-en-torno-a-listas-para-asamblea-y-alcaldia\/","url_meta":{"origin":590,"position":1},"title":"MOIR, FSP, PTC Y MOVIMIENTO COMUNAL Y COMUNITARIO PACTARON ALIANZAS EN EL HUILA EN TORNO A LISTAS PARA ASAMBLEA Y ALCALD\u00cdA","author":"admin","date":"agosto 11, 2004","format":false,"excerpt":"El senador por la Unidad C\u00edvica y Agraria Moir- Jorge Enrique Robledo, vaticin\u00f3 que el Referendo del presidente Uribe ser\u00e1 derrotado, al celebrar la decisi\u00f3n del Partido Liberal de sumarse a la abstenci\u00f3n activa. El dirigente de la izquierda, quien particip\u00f3 ayer en esta ciudad en importantes conferencias sobre el\u2026","rel":"","context":"En \u00abPronunciamientos de Organizaciones Sociales\u00bb","block_context":{"text":"Pronunciamientos de Organizaciones Sociales","link":"https:\/\/moir.com.co\/web\/category\/pronunciamientos-de-organizaciones-sociales\/"},"img":{"alt_text":"","src":"","width":0,"height":0},"classes":[]},{"id":548,"url":"https:\/\/moir.com.co\/web\/los-equipos-politicos-que-en-antioquia-siguen-las-orientaciones-de-los-senadores-carlos-gaviria-diaz-y-jorge-enrique-robledo-c\/","url_meta":{"origin":590,"position":2},"title":"LOS EQUIPOS POL\u00cdTICOS QUE EN ANTIOQUIA SIGUEN LAS ORIENTACIONES DE LOS SENADORES CARLOS GAVIRIA D\u00cdAZ Y JORGE ENRIQUE ROBLEDO C","author":"admin","date":"agosto 10, 2004","format":false,"excerpt":"Frente Social y Pol\u00edtico-Unidad C\u00edvica y Agraria \u2013 MOIR, Medell\u00edn, Agosto 5 de 2003 Se protocoliz\u00f3 el acuerdo pol\u00edtico mediante el cual, el Frente Social y Pol\u00edtico, organizaci\u00f3n que sigue las orientaciones del abogado, ex presidente de la Corte Constitucional, y actual Senador antioque\u00f1o Carlos Gaviria D\u00edaz, y Unidad C\u00edvica\u2026","rel":"","context":"En \u00abPronunciamientos de Organizaciones Sociales\u00bb","block_context":{"text":"Pronunciamientos de Organizaciones Sociales","link":"https:\/\/moir.com.co\/web\/category\/pronunciamientos-de-organizaciones-sociales\/"},"img":{"alt_text":"","src":"","width":0,"height":0},"classes":[]},{"id":846,"url":"https:\/\/moir.com.co\/web\/con-los-independientes-pero-de-verdad\/","url_meta":{"origin":590,"position":3},"title":"CON LOS INDEPENDIENTES PERO DE VERDAD","author":"admin","date":"agosto 12, 2004","format":false,"excerpt":"Los Senadores Carlos Gaviria y Jorge Enrique Robledo, que se identifican como \"Los independientes, pero de verdad\" participar\u00e1n \u00e9ste lunes 29 de septiembre en tres eventos en los que sustentar\u00e1n ante amplios sectores de intelectuales y dirigentes populares sus posiciones por la abstenci\u00f3n activa al referendo, las denuncias contra la\u2026","rel":"","context":"En \u00abRevista de Prensa\u00bb","block_context":{"text":"Revista de Prensa","link":"https:\/\/moir.com.co\/web\/category\/prensa\/revista-de-prensa\/"},"img":{"alt_text":"","src":"","width":0,"height":0},"classes":[]},{"id":8595,"url":"https:\/\/moir.com.co\/web\/sindicatos-partidos-y-organizaciones-sociales-crean-la-alianza-campo-rubiales-para-ecopetrol\/","url_meta":{"origin":590,"position":4},"title":"Sindicatos, partidos y organizaciones sociales crean la alianza &#8220;Campo Rubiales para Ecopetrol&#8221;","author":"admin","date":"julio 31, 2014","format":false,"excerpt":"El presidente Santos no debe prorrogar el contrato de Pacific Rubiales. Cerca de 30 sindicatos, organizaciones sociales, acad\u00e9micos y partidos pol\u00edticos, se reunieron hoy para crear la Alianza Campo Rubiales para Ecopetrol, con el prop\u00f3sito de exigirle al presidente Santos que Ecopetrol asuma la operaci\u00f3n del principal campo petrolero del\u2026","rel":"","context":"En \u00abJorge Enrique Robledo\u00bb","block_context":{"text":"Jorge Enrique Robledo","link":"https:\/\/moir.com.co\/web\/category\/jorge-enrique-robledo\/"},"img":{"alt_text":"","src":"","width":0,"height":0},"classes":[]},{"id":3516,"url":"https:\/\/moir.com.co\/web\/expertos-mundiales-debaten-presencia-militar-gringa-en-colombia\/","url_meta":{"origin":590,"position":5},"title":"EXPERTOS MUNDIALES DEBATEN PRESENCIA MILITAR \u2018GRINGA\u2019 EN COLOMBIA","author":"admin","date":"septiembre 14, 2009","format":false,"excerpt":"Analistas nacionales e internacionales emprender\u00e1n una gira por las principales ciudades del pa\u00eds para expresar sus puntos de vista frente a la instalaci\u00f3n de \u2013por lo menos\u2013 siete bases militares estadounidenses en territorio colombiano. Laura Carlsen, de International Policy Center \u2013 EE.UU.; Luis \u00c1ngel Saavedra, de la Coalici\u00f3n No Bases\u2026","rel":"","context":"En \u00abTemas\u00bb","block_context":{"text":"Temas","link":"https:\/\/moir.com.co\/web\/category\/temas\/"},"img":{"alt_text":"","src":"","width":0,"height":0},"classes":[]}],"jetpack_sharing_enabled":true,"_links":{"self":[{"href":"https:\/\/moir.com.co\/web\/wp-json\/wp\/v2\/posts\/590","targetHints":{"allow":["GET"]}}],"collection":[{"href":"https:\/\/moir.com.co\/web\/wp-json\/wp\/v2\/posts"}],"about":[{"href":"https:\/\/moir.com.co\/web\/wp-json\/wp\/v2\/types\/post"}],"author":[{"embeddable":true,"href":"https:\/\/moir.com.co\/web\/wp-json\/wp\/v2\/users\/1"}],"replies":[{"embeddable":true,"href":"https:\/\/moir.com.co\/web\/wp-json\/wp\/v2\/comments?post=590"}],"version-history":[{"count":0,"href":"https:\/\/moir.com.co\/web\/wp-json\/wp\/v2\/posts\/590\/revisions"}],"wp:attachment":[{"href":"https:\/\/moir.com.co\/web\/wp-json\/wp\/v2\/media?parent=590"}],"wp:term":[{"taxonomy":"category","embeddable":true,"href":"https:\/\/moir.com.co\/web\/wp-json\/wp\/v2\/categories?post=590"},{"taxonomy":"post_tag","embeddable":true,"href":"https:\/\/moir.com.co\/web\/wp-json\/wp\/v2\/tags?post=590"}],"curies":[{"name":"wp","href":"https:\/\/api.w.org\/{rel}","templated":true}]}}