{"id":589,"date":"2004-08-11T07:00:00","date_gmt":"2004-08-11T07:00:00","guid":{"rendered":"https:\/\/moir.org.co\/web\/viernes-10-de-octubre-concentracion-por-la-abstencion-activa-contra-el-referendo-uribista-en-el-liceo-celedon-a-las-8-y-30-d\/"},"modified":"2004-08-11T07:00:00","modified_gmt":"2004-08-11T07:00:00","slug":"viernes-10-de-octubre-concentracion-por-la-abstencion-activa-contra-el-referendo-uribista-en-el-liceo-celedon-a-las-8-y-30-d","status":"publish","type":"post","link":"https:\/\/moir.com.co\/web\/viernes-10-de-octubre-concentracion-por-la-abstencion-activa-contra-el-referendo-uribista-en-el-liceo-celedon-a-las-8-y-30-d\/","title":{"rendered":"VIERNES 10 DE OCTUBRE: CONCENTRACI\u00d3N POR LA ABSTENCI\u00d3N ACTIVA CONTRA EL REFERENDO URIBISTA EN EL LICEO CELED\u00d3N A LAS 8 Y 30 D"},"content":{"rendered":"<p>Comit\u00e9 Regional por la Abstenci\u00f3n Activo del Referendo, Santa Marta, octubre 6 de 2003<\/p>\n<p>El Comit\u00e9 por la Abstenci\u00f3n Activa del Referendo en el departamento del Magdalena convoca a todas las fuerzas sociales, gremiales, laborales, productivas, pensionados, padres de familia, estudiantes, amas de casa, empleados a una gran concentraci\u00f3n en el Liceo Celed\u00f3n de Santa Marta este viernes 10 de octubre a partir de las 8 y 30 de la ma\u00f1ana para darle un rechazo categ\u00f3rico al referendo, con el cual piensa el primer mandatario cumplirle fielmente a sus amos norteamericanos sin importarle el hundimiento del pa\u00eds.<\/p>\n<p>La campa\u00f1a por la abstenci\u00f3n activa avanza con paso firme por todos los rincones de la patria llevando al gobierno nacional a sentirse altamente preocupado por cuanto no ha podido entusiasmar a las mayor\u00edas nacionales, a pesar de tener los m\u00e1s cuantiosos recursos brindados por la gran burgues\u00eda intermediaria y las multinacionales extranjeras y de utilizar dineros del Tesoro Nacional a tutipl\u00e9n, como tambi\u00e9n los medios de comunicaci\u00f3n de los grandes magnates.<\/p>\n<p>El pueblo colombiano ha comprendido que con el referendo no solo se golpean los bolsillos de los trabajadores que se ver\u00edan esquilmados por la congelaci\u00f3n de salarios y de pensiones; se aumentar\u00eda la corrupci\u00f3n al eliminarse las contralor\u00edas territoriales para entregarle el control fiscal a compa\u00f1\u00edas for\u00e1neas y se llegar\u00eda a tener un parlamento elitista y de bolsillo del poder ejecutivo al cual no puedan ingresar las corrientes contrarias al sistema proimperialista por el antidemocr\u00e1tico umbral; sino que este instrumento se ha convertido en un plebiscito a favor o en contra del gobierno de Uribe V\u00e9lez.<\/p>\n<p>Por eso realizaremos el gran acto por la abstenci\u00f3n activa este viernes 10 de octubre a partir de las 8 y 30 de la ma\u00f1ana en el Liceo Celed\u00f3n, concentraci\u00f3n a la cual han confirmado su presencia los dirigentes regionales de las centrales obreras, de las asociaciones de pensionados, de los movimientos y partidos democr\u00e1ticos y progresistas, intelectuales, profesionales, etc. Por la Direcci\u00f3n Nacional Liberal estar\u00e1 presente el representante a la C\u00e1mara Jos\u00e9 Joaqu\u00edn Vives, agrupaci\u00f3n pol\u00edtica que se uni\u00f3 a la abstenci\u00f3n activa del referendo.<\/p>\n<p>Se tendr\u00e1 una variada programaci\u00f3n, tales como: discursos, lectura de documentos y mensajes, presentaciones art\u00edsticas y culturales, entre otras.<\/p>\n<p>COMIT\u00c9 REGIONAL POR LA ABSTENCI\u00d3N ACTIVA DEL REFERENDO<\/p>\n<p>\u00c1NGEL MANJARR\u00c9S CORRERA LAUREANO C\u00c1EZ TURIZO<br \/>\nPresidente Secretario <\/p>\n","protected":false},"excerpt":{"rendered":"<p>Comit\u00e9 Regional por la Abstenci\u00f3n Activo del Referendo, Santa Marta, octubre 6 de 2003 El Comit\u00e9 por la Abstenci\u00f3n Activa del Referendo en el departamento del Magdalena convoca a todas las fuerzas sociales, gremiales, laborales, productivas, pensionados, padres de familia, estudiantes, amas de casa, empleados a una gran concentraci\u00f3n en el Liceo Celed\u00f3n de Santa [&hellip;]<\/p>\n","protected":false},"author":1,"featured_media":0,"comment_status":"open","ping_status":"open","sticky":false,"template":"","format":"standard","meta":{"advanced_seo_description":"","jetpack_seo_html_title":"","jetpack_seo_noindex":false,"_jetpack_memberships_contains_paid_content":false,"footnotes":""},"categories":[7],"tags":[],"class_list":["post-589","post","type-post","status-publish","format-standard","hentry","category-pronunciamientos-de-organizaciones-sociales"],"jetpack_featured_media_url":"","jetpack-related-posts":[{"id":593,"url":"https:\/\/moir.com.co\/web\/alianza-fsp-moir-en-antioquia-corrobora-abstencion-activa-al-referendo\/","url_meta":{"origin":589,"position":0},"title":"ALIANZA FSP -MOIR EN ANTIOQUIA CORROBORA ABSTENCI\u00d3N ACTIVA AL REFERENDO","author":"admin","date":"agosto 11, 2004","format":false,"excerpt":"Senadores reafirman su posici\u00f3n de izquierda democr\u00e1tica Comit\u00e9 de Prensa y Comunicaciones, Medell\u00edn, septiembre 30 de 2003 En acto masivo que desarroll\u00f3 ayer en la ciudad de Medell\u00edn, la alianza en Antioquia del Frente Social y Pol\u00edtico FSP \u2013 Unidad C\u00edvica y Agraria MOIR, los senadores Carlos Gaviria D\u00edaz y\u2026","rel":"","context":"En \u00abPronunciamientos de Organizaciones Sociales\u00bb","block_context":{"text":"Pronunciamientos de Organizaciones Sociales","link":"https:\/\/moir.com.co\/web\/category\/pronunciamientos-de-organizaciones-sociales\/"},"img":{"alt_text":"","src":"","width":0,"height":0},"classes":[]},{"id":342,"url":"https:\/\/moir.com.co\/web\/el-referendo-fiscalista-es-privatizador\/","url_meta":{"origin":589,"position":1},"title":"EL REFERENDO FISCALISTA ES PRIVATIZADOR","author":"admin","date":"agosto 7, 2004","format":false,"excerpt":"Norman Alarc\u00f3n Rodas, Actualidad Econ\u00f3mica, Santa Marta, DTCH, octubre 22 de 2003 Adem\u00e1s de las fundamentadas cr\u00edticas que los m\u00e1s diversos sectores sociales le han hecho al referendo porque se trata de un instrumento fiscalista y autoritario que le va a extraer cerca de 21 billones de pesos a la\u2026","rel":"","context":"En \u00abTemas\u00bb","block_context":{"text":"Temas","link":"https:\/\/moir.com.co\/web\/category\/temas\/"},"img":{"alt_text":"","src":"","width":0,"height":0},"classes":[]},{"id":508,"url":"https:\/\/moir.com.co\/web\/el-comando-regional-unitario-del-magdalena-se-une-a-jornada-nacional-de-protesta-paro-nacional-y-primero-de-mayo\/","url_meta":{"origin":589,"position":2},"title":"EL COMANDO REGIONAL UNITARIO DEL MAGDALENA SE UNE A JORNADA NACIONAL DE PROTESTA, PARO NACIONAL Y PRIMERO DE MAYO","author":"admin","date":"agosto 9, 2004","format":false,"excerpt":"Comando Regional Unitario del Magdalena, Santa Marta, abril 25 de 2003 Siguiendo las orientaciones aprobadas por las centrales obreras, FECODE, Uso, sindicatos nacionales, Asociaci\u00f3n por la Salvaci\u00f3n Agropecuaria y federaciones de pensionados, el Comando Regional Unitario del Departamento del Magdalena ha decidido participar activamente en la jornada nacional de protesta\u2026","rel":"","context":"En \u00abPronunciamientos de Organizaciones Sociales\u00bb","block_context":{"text":"Pronunciamientos de Organizaciones Sociales","link":"https:\/\/moir.com.co\/web\/category\/pronunciamientos-de-organizaciones-sociales\/"},"img":{"alt_text":"","src":"","width":0,"height":0},"classes":[]},{"id":477,"url":"https:\/\/moir.com.co\/web\/arranco-campana-de-abstencion-activa-al-referendo-en-el-magdalena-medio\/","url_meta":{"origin":589,"position":3},"title":"ARRANC\u00d3 CAMPA\u00d1A DE ABSTENCI\u00d3N ACTIVA AL REFERENDO EN EL MAGDALENA MEDIO","author":"admin","date":"agosto 9, 2004","format":false,"excerpt":"El sal\u00f3n de actos del Hotel El Mes\u00f3n de La Dorada fue colmado completamente por m\u00e1s de un centenar de dirigentes pol\u00edticos, sindicales, gremiales, c\u00edvicos, comunitarios y personalidades democr\u00e1ticas y progresistas el pasado viernes 7 de febrero en horas de la noche para dar inicio a la campa\u00f1a activa contra\u2026","rel":"","context":"En \u00abPronunciamientos de Organizaciones Sociales\u00bb","block_context":{"text":"Pronunciamientos de Organizaciones Sociales","link":"https:\/\/moir.com.co\/web\/category\/pronunciamientos-de-organizaciones-sociales\/"},"img":{"alt_text":"","src":"","width":0,"height":0},"classes":[]},{"id":336,"url":"https:\/\/moir.com.co\/web\/el-zarpazo-del-referendo-asciende-a-mas-de-20-billones-de-pesos-para-el-pago-de-la-deuda-publica\/","url_meta":{"origin":589,"position":4},"title":"EL ZARPAZO DEL REFERENDO ASCIENDE A M\u00c1S DE 20 BILLONES DE PESOS PARA EL PAGO DE LA DEUDA P\u00daBLICA","author":"admin","date":"agosto 7, 2004","format":false,"excerpt":"Entrando en la recta final la contienda por el referendo , el Departamento Nacional de Planeaci\u00f3n, superministerio controlado por funcionarios adictos al Fondo Monetario Internacional y al Banco Mundial, destapa el prop\u00f3sito fundamental de la consulta al electorado. Armando Montenegro y Alejandro Gaviria, director y subdirector del organismo, explicaron a\u2026","rel":"","context":"En \u00abTemas\u00bb","block_context":{"text":"Temas","link":"https:\/\/moir.com.co\/web\/category\/temas\/"},"img":{"alt_text":"","src":"","width":0,"height":0},"classes":[]},{"id":475,"url":"https:\/\/moir.com.co\/web\/por-la-defensa-de-los-usuarios-abstencion-al-referendo\/","url_meta":{"origin":589,"position":5},"title":"POR LA DEFENSA DE  LOS USUARIOS: ABSTENCI\u00d3N AL REFERENDO","author":"admin","date":"agosto 9, 2004","format":false,"excerpt":"El referendo de Uribe V\u00e9lez en nada resuelve los problemas fundamentales de los usuarios de servicios p\u00fablicos, quienes se ven abocados al chantaje tarifario mensual. En el referendo no existen preguntas que conduzcan a liberar de los grav\u00e1menes al grueso de la poblaci\u00f3n. Ni advierte sobre el rechazo que genera\u2026","rel":"","context":"En \u00abPronunciamientos de Organizaciones Sociales\u00bb","block_context":{"text":"Pronunciamientos de Organizaciones Sociales","link":"https:\/\/moir.com.co\/web\/category\/pronunciamientos-de-organizaciones-sociales\/"},"img":{"alt_text":"","src":"","width":0,"height":0},"classes":[]}],"jetpack_sharing_enabled":true,"_links":{"self":[{"href":"https:\/\/moir.com.co\/web\/wp-json\/wp\/v2\/posts\/589","targetHints":{"allow":["GET"]}}],"collection":[{"href":"https:\/\/moir.com.co\/web\/wp-json\/wp\/v2\/posts"}],"about":[{"href":"https:\/\/moir.com.co\/web\/wp-json\/wp\/v2\/types\/post"}],"author":[{"embeddable":true,"href":"https:\/\/moir.com.co\/web\/wp-json\/wp\/v2\/users\/1"}],"replies":[{"embeddable":true,"href":"https:\/\/moir.com.co\/web\/wp-json\/wp\/v2\/comments?post=589"}],"version-history":[{"count":0,"href":"https:\/\/moir.com.co\/web\/wp-json\/wp\/v2\/posts\/589\/revisions"}],"wp:attachment":[{"href":"https:\/\/moir.com.co\/web\/wp-json\/wp\/v2\/media?parent=589"}],"wp:term":[{"taxonomy":"category","embeddable":true,"href":"https:\/\/moir.com.co\/web\/wp-json\/wp\/v2\/categories?post=589"},{"taxonomy":"post_tag","embeddable":true,"href":"https:\/\/moir.com.co\/web\/wp-json\/wp\/v2\/tags?post=589"}],"curies":[{"name":"wp","href":"https:\/\/api.w.org\/{rel}","templated":true}]}}