{"id":588,"date":"2004-08-11T07:00:00","date_gmt":"2004-08-11T07:00:00","guid":{"rendered":"https:\/\/moir.org.co\/web\/alerta-sobre-el-inminente-cierre-de-corpoica-eje-fundamental-de-la-investigacion-al-servicio-del-sector-agropecuario\/"},"modified":"2004-08-11T07:00:00","modified_gmt":"2004-08-11T07:00:00","slug":"alerta-sobre-el-inminente-cierre-de-corpoica-eje-fundamental-de-la-investigacion-al-servicio-del-sector-agropecuario","status":"publish","type":"post","link":"https:\/\/moir.com.co\/web\/alerta-sobre-el-inminente-cierre-de-corpoica-eje-fundamental-de-la-investigacion-al-servicio-del-sector-agropecuario\/","title":{"rendered":"ALERTA SOBRE EL INMINENTE CIERRE DE CORPOICA, EJE FUNDAMENTAL DE LA INVESTIGACI\u00d3N AL SERVICIO DEL SECTOR AGROPECUARIO"},"content":{"rendered":"<p>Salvaci\u00f3n Agropecuaria, medell\u00edn, septiembre 20 de 2003<\/p>\n<p>Desde el pasado mes de agosto, la Corporaci\u00f3n Colombiana de Investigaci\u00f3n Agropecuaria CORPOICA, \u00fanica entidad que desarrolla esa actividad, se encuentra sin recursos para el pago de salarios, compra de insumos y mantenimiento.<\/p>\n<p>Los ingresos de la Corporaci\u00f3n dependen en un 98 % de los convenios anuales que se suscriben con el Ministerio de Agricultura y otras entidades del sector oficial. Con los recursos de esos convenios se debe cubrir el costo de las investigaciones propiamente dichas pero, adem\u00e1s, sufragar los gastos en que se incurre por la administraci\u00f3n de los bancos de germoplasma animal, vegetal y de microorganismos, el mantenimiento y pago de impuesto predial de las 32.000 hect\u00e1reas de los centros de investigaci\u00f3n que son propiedad de la naci\u00f3n y el manejo de la Biblioteca Agropecuaria Colombiana (BAC). Estas tres \u00faltimas responsabilidades se le entregan a CORPOICA, sin el respaldo presupuestal requerido.<\/p>\n<p>Por esa raz\u00f3n, y por que cada a\u00f1o se recorta el presupuesto asignado para los convenios, en este a\u00f1o se acab\u00f3 la plata cuatro meses antes, sumiendo a la Corporaci\u00f3n en una crisis sin salida, mientras el Ministerio de Agricultura chantajea para que se despida aproximadamente el 30% del personal, so pena de no renovar los convenios para el a\u00f1o 2004.<\/p>\n<p>En Antioquia est\u00e1n en grave riesgo de cierre los Centros de Investigaci\u00f3n La Selva en Rionegro, El Nus en San Roque y Tulenapa en Carepa, y los CRECED de Santa Rosa de Osos y Medell\u00edn que atiende el Choc\u00f3, amenazando el empleo de 250 trabajadores.<\/p>\n<p>Queremos alertar al pa\u00eds sobre la gravedad de lo que puede llegar a suceder, en momentos en que el Gobierno est\u00e1 impulsando a toda costa un Tratado de Libre Comercio con los Estados Unidos, o nuestro ingreso al ALCA, que de concretarse, colocar\u00eda nuestra agricultura y ganader\u00eda en desigual competencia con los productores norteamericanos que reciben voluminosos subsidios, entre otras cosas para la investigaci\u00f3n y la transferencia de ciencia y tecnolog\u00eda; a la vez, llamamos a los productores del campo, a la comunidad cient\u00edfica y a la opini\u00f3n p\u00fablica en general, a expresar la m\u00e1s amplia solidaridad con los trabajadores de CORPOICA, su trabajo y su actividad investigativa.<\/p>\n<p>JORGE ALBERTO G\u00d3MEZ GALLEGO<br \/>\nSecretario Departamental<br \/>\nAsociaci\u00f3n Nacional por la Salvaci\u00f3n Agropecuaria<br \/>\nCandidato a la Asamblea Departamental de Antioquia, Nro. 47<br \/>\nCelular 310 443 4285<\/p>\n","protected":false},"excerpt":{"rendered":"<p>Salvaci\u00f3n Agropecuaria, medell\u00edn, septiembre 20 de 2003 Desde el pasado mes de agosto, la Corporaci\u00f3n Colombiana de Investigaci\u00f3n Agropecuaria CORPOICA, \u00fanica entidad que desarrolla esa actividad, se encuentra sin recursos para el pago de salarios, compra de insumos y mantenimiento. Los ingresos de la Corporaci\u00f3n dependen en un 98 % de los convenios anuales que [&hellip;]<\/p>\n","protected":false},"author":1,"featured_media":0,"comment_status":"open","ping_status":"open","sticky":false,"template":"","format":"standard","meta":{"advanced_seo_description":"","jetpack_seo_html_title":"","jetpack_seo_noindex":false,"_jetpack_memberships_contains_paid_content":false,"footnotes":""},"categories":[7],"tags":[],"class_list":["post-588","post","type-post","status-publish","format-standard","hentry","category-pronunciamientos-de-organizaciones-sociales"],"jetpack_featured_media_url":"","jetpack-related-posts":[{"id":5292,"url":"https:\/\/moir.com.co\/web\/al-fin-habra-investigacion-agropecuaria\/","url_meta":{"origin":588,"position":0},"title":"\u00bfAl fin habr\u00e1 investigaci\u00f3n agropecuaria?","author":"admin","date":"febrero 16, 2011","format":false,"excerpt":"Con el cinismo propio de los neoliberales vergonzantes el nuevo director de la Corporaci\u00f3n Colombiana de Investigaci\u00f3n Agropecuaria-Corpoica, Juan Lucas Restrepo, afirm\u00f3 en declaraciones de prensa que \u201cdesempolvaremos la investigaci\u00f3n del sector agropecuario\u201d. No habr\u00eda podido utilizar un t\u00e9rmino m\u00e1s preciso, porque \u201cdesempolvar\u201d describe lo que los gobiernos han hecho\u2026","rel":"","context":"En \u00abTemas\u00bb","block_context":{"text":"Temas","link":"https:\/\/moir.com.co\/web\/category\/temas\/"},"img":{"alt_text":"","src":"","width":0,"height":0},"classes":[]},{"id":607,"url":"https:\/\/moir.com.co\/web\/despidos-masivos-y-arbitrarios-en-el-c-i-tibaitata\/","url_meta":{"origin":588,"position":1},"title":"DESPIDOS MASIVOS Y ARBITRARIOS EN EL C.I. TIBAITAT\u00c1","author":"admin","date":"agosto 11, 2004","format":false,"excerpt":"Por el delito de fortalecer nuestro sindicato de Industria \u2013SUMA- JUNTA DIRECTIVA SINALTRACORPOICA ANTIOQUIA, Medell\u00edn; diciembre 8 de 2003 El pasado 29 de noviembre, un grupo de 24 compa\u00f1eros sindicalizados del C.I Tibaitat\u00e1 fueron despedidos arbitrariamente luego de notificar a la Administraci\u00f3n de Corpoica la creaci\u00f3n de la subdirectiva del\u2026","rel":"","context":"En \u00abPronunciamientos de Organizaciones Sociales\u00bb","block_context":{"text":"Pronunciamientos de Organizaciones Sociales","link":"https:\/\/moir.com.co\/web\/category\/pronunciamientos-de-organizaciones-sociales\/"},"img":{"alt_text":"","src":"","width":0,"height":0},"classes":[]},{"id":356,"url":"https:\/\/moir.com.co\/web\/sin-investigacion-no-hay-seguridad-alimentaria\/","url_meta":{"origin":588,"position":2},"title":"SIN INVESTIGACI\u00d3N NO HAY SEGURIDAD ALIMENTARIA","author":"admin","date":"agosto 7, 2004","format":false,"excerpt":"Por Hern\u00e1n P\u00e9rez Zapata*; Medell\u00edn, enero 22 de 2004. Prueba fehaciente de que la pol\u00edtica agropecuaria gubernamental nos conduce a la mayor de las cat\u00e1strofes, es la reducci\u00f3n de la investigaci\u00f3n y la transferencia de tecnolog\u00eda a su m\u00ednima expresi\u00f3n. Igualmente, la abolici\u00f3n del \u00e9nfasis en los productos b\u00e1sicos para\u2026","rel":"","context":"En \u00abTemas\u00bb","block_context":{"text":"Temas","link":"https:\/\/moir.com.co\/web\/category\/temas\/"},"img":{"alt_text":"","src":"","width":0,"height":0},"classes":[]},{"id":8445,"url":"https:\/\/moir.com.co\/web\/proyecto-de-ley-facilita-que-multinacionales-se-apropien-del-patrimonio-genetico-de-la-nacion\/","url_meta":{"origin":588,"position":3},"title":"Proyecto de ley facilita que multinacionales se apropien del patrimonio gen\u00e9tico de la naci\u00f3n","author":"admin","date":"mayo 21, 2014","format":false,"excerpt":"Avanza la privatizaci\u00f3n de las colecciones biol\u00f3gicas de la Naci\u00f3n. Multinacionales participan en entidad que administrar\u00eda los recursos gen\u00e9ticos. Tr\u00e1mite del proyecto es ilegal. Conflicto de intereses del ministro Lizarralde. Mediante un proyecto que el Congreso est\u00e1 a punto de aprobar, el presidente Santos pretende entregarle a Corpoica las colecciones\u2026","rel":"","context":"En \u00abJorge Enrique Robledo\u00bb","block_context":{"text":"Jorge Enrique Robledo","link":"https:\/\/moir.com.co\/web\/category\/jorge-enrique-robledo\/"},"img":{"alt_text":"","src":"","width":0,"height":0},"classes":[]},{"id":7263,"url":"https:\/\/moir.com.co\/web\/algodoneros-maiceros-arroceros-ganaderos-y-demas-sectores-las-nuevas-victimas-de-cordoba-sucre-bolivar-cesar-guajira\/","url_meta":{"origin":588,"position":4},"title":"Algod\u00f3neros, maiceros, arroceros, ganaderos y dem\u00e1s sectores  las nuevas victimas de C\u00f3rdoba \u2013 Sucre \u2013 Bol\u00edvar \u2013 C\u00e9sar \u2013 Guajira","author":"admin","date":"febrero 17, 2013","format":false,"excerpt":"El 20 de Febrero del 2013 los productores de Algod\u00f3n, Ma\u00edz, Arroz, Ganaderos y otros sectores realizaremos \u201cLA MARCHA POR LA REPARACI\u00d3N\u201d, porque nos consideramos victimas de los cambios clim\u00e1ticos, del modelo econ\u00f3mico y de las pol\u00edticas gubernamentales de importaciones que lesionan gravemente los intereses de los productores. Esta situaci\u00f3n\u2026","rel":"","context":"En \u00abPronunciamientos de Organizaciones Sociales\u00bb","block_context":{"text":"Pronunciamientos de Organizaciones Sociales","link":"https:\/\/moir.com.co\/web\/category\/pronunciamientos-de-organizaciones-sociales\/"},"img":{"alt_text":"","src":"","width":0,"height":0},"classes":[]},{"id":8450,"url":"https:\/\/moir.com.co\/web\/una-mala-ley-sobre-patrimonio-genetico-no-es-un-asunto-menor-y-no-debe-aprobarse-ilegalmente\/","url_meta":{"origin":588,"position":5},"title":"Una mala ley sobre patrimonio gen\u00e9tico no es un asunto menor y no debe aprobarse ilegalmente","author":"admin","date":"mayo 24, 2014","format":false,"excerpt":"Doctora JUANITA LE\u00d3N Directora de La Silla Vac\u00eda Ciudad Ref.: Una mala ley sobre patrimonio gen\u00e9tico no es un asunto menor y no debe aprobarse ilegalmente. Atento saludo: El 21 de mayo La Silla Vac\u00eda public\u00f3 un art\u00edculo en el que le resta importancia a mis advertencias sobre el \u2018mico\u2019\u2026","rel":"","context":"En \u00abJorge Enrique Robledo\u00bb","block_context":{"text":"Jorge Enrique Robledo","link":"https:\/\/moir.com.co\/web\/category\/jorge-enrique-robledo\/"},"img":{"alt_text":"","src":"","width":0,"height":0},"classes":[]}],"jetpack_sharing_enabled":true,"_links":{"self":[{"href":"https:\/\/moir.com.co\/web\/wp-json\/wp\/v2\/posts\/588","targetHints":{"allow":["GET"]}}],"collection":[{"href":"https:\/\/moir.com.co\/web\/wp-json\/wp\/v2\/posts"}],"about":[{"href":"https:\/\/moir.com.co\/web\/wp-json\/wp\/v2\/types\/post"}],"author":[{"embeddable":true,"href":"https:\/\/moir.com.co\/web\/wp-json\/wp\/v2\/users\/1"}],"replies":[{"embeddable":true,"href":"https:\/\/moir.com.co\/web\/wp-json\/wp\/v2\/comments?post=588"}],"version-history":[{"count":0,"href":"https:\/\/moir.com.co\/web\/wp-json\/wp\/v2\/posts\/588\/revisions"}],"wp:attachment":[{"href":"https:\/\/moir.com.co\/web\/wp-json\/wp\/v2\/media?parent=588"}],"wp:term":[{"taxonomy":"category","embeddable":true,"href":"https:\/\/moir.com.co\/web\/wp-json\/wp\/v2\/categories?post=588"},{"taxonomy":"post_tag","embeddable":true,"href":"https:\/\/moir.com.co\/web\/wp-json\/wp\/v2\/tags?post=588"}],"curies":[{"name":"wp","href":"https:\/\/api.w.org\/{rel}","templated":true}]}}