{"id":587,"date":"2004-08-11T07:00:00","date_gmt":"2004-08-11T07:00:00","guid":{"rendered":"https:\/\/moir.org.co\/web\/caballero-dice-que-cano-sanz-debe-renunciar-quien-reculo-por-el-sector-agropecuario-ante-el-tlc\/"},"modified":"2004-08-11T07:00:00","modified_gmt":"2004-08-11T07:00:00","slug":"caballero-dice-que-cano-sanz-debe-renunciar-quien-reculo-por-el-sector-agropecuario-ante-el-tlc","status":"publish","type":"post","link":"https:\/\/moir.com.co\/web\/caballero-dice-que-cano-sanz-debe-renunciar-quien-reculo-por-el-sector-agropecuario-ante-el-tlc\/","title":{"rendered":"CABALLERO DICE QUE CANO SANZ DEBE RENUNCIAR \u00bfQUI\u00c9N RECUL\u00d3 POR EL SECTOR AGROPECUARIO ANTE EL TLC?"},"content":{"rendered":"<p> Oscar A. Var\u00f3n B., EL NUEVO D\u00cdA; septiembre 20 de 2003<br \/>\nDespu\u00e9s de que los pa\u00edses industrializados manifestar\u00e1n en la reuni\u00f3n de la Organizaci\u00f3n Mundial del Comercio, OMC, la cual se cumpli\u00f3 en la ciudad de Canc\u00fan, que no est\u00e1n dispuestos a eliminar sus subsidios agr\u00edcolas, y los cuales han mostrado un constante desinter\u00e9s por el tema de la liberaci\u00f3n de los flujos comerciales, cabe preguntarse \u00bfQu\u00e9 va a negociar Colombia bilateralmente con Estados Unidos, y cu\u00e1l va a ser en definitiva el papel del sector agropecuario?.<\/p>\n<p>Esta pregunta toma m\u00e1s fuerza despu\u00e9s de conocerse las declaraciones del ministro de Comercio Exterior, Jorge Humberto Botero, quien estuvo en la cumbre comercial mexicana, y quien declar\u00f3 a un diario internacional que \u201cmi pa\u00eds est\u00e1 convencido de las bondades del libre comercio y de la utilidad de la OMC para regularlo y facilitar su crecimiento.<\/p>\n<p>Esto indicar\u00eda que seguramente Colombia en las negociaciones bilaterales tendr\u00e1 una posici\u00f3n m\u00e1s \u201cflexible\u201d para asumir un TLC con Estados Unidos. \u00bfPero, hasta d\u00f3nde ir\u00e1 tanta laxitud, sobre todo cuando el pa\u00eds ha involucrado el sector agr\u00edcola en las negociaciones internacionales que comienzan en enero de 2004 y donde adem\u00e1s qued\u00f3 demostrado que los pa\u00edses m\u00e1s ricos del planeta continuar\u00e1n con sus subsidios y seguramente con sus barreras exportadoras?<\/p>\n<p>Por el momento, el Ministro de Agricultura y el Gobierno nacional han puesto a sonar el tema de la reconversi\u00f3n agr\u00edcola, lo cual indica que los cultivos tropicales entrar\u00edan a remplazar parte de la producci\u00f3n nacional.<\/p>\n<p>Hasta aqu\u00ed y de acuerdo con los conceptos emitidos por los funcionarios gubernamentales, se podr\u00eda aplicar la l\u00f3gica y decir que efectivamente el TLC traer\u00e1 cambios sustanciales para el sector agrario, pues de lo contrario no se hubiese contado con los renglones agrarios en los acuerdos del pr\u00f3ximo a\u00f1o.<\/p>\n<p>Sin embargo, las condiciones y el futuro del acuerdo no son claras, pues ante el caso de los algodoneros africanos, que sufren los procesos de exportaciones y la competencia desleal por medio de los altos subsidios de este producto por parte de los gringos, ahora se les anuncia que deber\u00e1n cambiar de cultivo o ganarse de otro modo de vida para sobrevivir.<\/p>\n<p>\u00bfSi esto sucede entre las relaciones del pa\u00eds m\u00e1s rico del planeta, con naciones que sufren con las constantes plagas, los altos \u00edndices de mortalidad, y que viven a diario con enfermedades como el SIDA, qu\u00e9 puede esperar Colombia?.<\/p>\n<p>Seguramente, la tesis de Antonio Caballero, columnista de Semana cobra mayor vigencia cuando escribi\u00f3 que \u201cdesde los tiempos remotos de los fabulistas griegos se ha sabido de sobra que no se pueden establecer acuerdos bilaterales entre el le\u00f3n y el cordero, porque el cordero termina siempre en la barriga del le\u00f3n\u201d.<\/p>\n<p>Ahora bien fuera del contexto internacional, los conceptos emitidos por los funcionarios del Gobierno y los gremios de la producci\u00f3n tampoco resultan claros, mucho m\u00e1s cuando las condiciones de EE.UU son tan marcadas.<\/p>\n<p>No es casualidad<br \/>\nPara Angel Mar\u00eda Caballero, presidente de Salvaci\u00f3n Agropecuaria, el hecho de que el sector agropecuario haya quedado involucrado en el TLC no es un evento casual ni aislado de la pol\u00edtica internacional que predica Norteam\u00e9rica y de los condicionamientos que esto genera; sin embargo, queda por explicar qu\u00e9 pas\u00f3 internamente en los gremios agr\u00edcolas para aceptar esta situaci\u00f3n, y sobre todo quienes cambiaron sus posiciones, pues Fedearroz cre\u00eda inicialmente que este rengl\u00f3n quedar\u00eda absuelto en este proceso.<\/p>\n<p>\u201cNo es casualidad que esto suceda. Recordar\u00e1 la opini\u00f3n p\u00fablica que el ministro Carlos Gustavo Cano y Rafael Mej\u00eda, presidente de la SAC, ven\u00edan hablando desde hace un tiempo de convertibilidad econ\u00f3mica y tecnol\u00f3gica, de hecho en el proceso de negociaci\u00f3n presentado por Cano como carta de navegaci\u00f3n para el TLC, se involucraba un fondo para la reconversi\u00f3n cuyos recursos no deber\u00e1n ser reembolsables. Tambi\u00e9n se habla de transferencia tecnol\u00f3gica apoyada por los Estados Unidos.<\/p>\n<p>\u201cCon ello est\u00e1n hablando de que habr\u00e1 perdedores en este proceso, pues en el marco del tratado, y sumado al documento se explica que el dinero proveniente del Fondo ser\u00e1 utilizado en reconversi\u00f3n (cambio de un cultivo por otro). Es decir que habr\u00e1 sustituci\u00f3n de cultivos, pero nunca se dijo que fuera todo el agro nacional\u201d, dijo Caballero.<\/p>\n<p>Incongruencias<br \/>\nEn las declaraciones de Rafael Hern\u00e1ndez, gerente de Fedearroz a este medio de comunicaci\u00f3n se precis\u00f3 el pasado 6 de septiembre que le hab\u00eda solicitado al Presidente de la Rep\u00fablica que productos sensibles, como el arroz quedaran por fuera del TLC, con lo que al parecer el mandatario habr\u00eda quedado comprometido. Sin embargo, en la actualidad este producto qued\u00f3 inmerso en la negociaci\u00f3n. \u00bfQui\u00e9n entonces recul\u00f3 dicha proposici\u00f3n?<\/p>\n<p>\u201cYo le creo de buena fe a Fedearroz que cre\u00eda que este producto quedar\u00eda por fuera de la negociaci\u00f3n. Adem\u00e1s porque existe el antecedente de octubre del a\u00f1o anterior cuando el ministro Cano Sanz reuni\u00f3 a los ministros del Pacto Andino para fijar un arancel externo com\u00fan como base de la negociaci\u00f3n del ALCA.<\/p>\n<p>\u201cEn su momento, el alto Gobierno, a trav\u00e9s de otro ministro como Jorge Humberto Botero, Rudolf Homes y la ANDI lo desautorizaron alegando que Colombia podr\u00eda perder la facilidad de prorrogar las deudas que tiene la naci\u00f3n por dicha actuaci\u00f3n. Seguramente no hay credibilidad del sector agrario o no ser\u00e1 demasiado importante para el Gobierno el tema cuando esto sucede.<\/p>\n<p>\u201cLa segunda incongruencia de la SAC y de las agremiaciones ante una situaci\u00f3n tan grave como esta, y que supone la negociaci\u00f3n de sectores que no tienen competitividad internacional como el arroz, es que se anuncia una reconversi\u00f3n con una plazo hasta de 15 a\u00f1os.<\/p>\n<p>\u201cEsto indica que el sector comenzar\u00e1 a morirse lentamente cuando lo que se necesita es la defensa y protecci\u00f3n del agro nacional, del cual depende la subsistencia directa de m\u00e1s de cinco millones de personas\u201d, puntualiz\u00f3 Caballero, quien anunci\u00f3 que ante la evidencia de que el TLC va a quebrar la econom\u00eda rural, su movimiento realizar\u00e1 un paro en las principales carreteras del pa\u00eds. \u201cUna vez anunciado por el propio \u00c1lvaro Uribe de que todo el agro se negociar\u00e1, y observando que en el transcurso de esta semana, por cinco millones de d\u00f3lares, Colombia evade el tratado de Roma, y se anuncia que todo criminal que viole la ley internacional deber\u00e1 ser juzgada por la Corte Penal Internacional, vale preguntarse \u00bfCu\u00e1nto vale entonces el sector agropecuario para el Gobierno?\u201d puntualiz\u00f3.<\/p>\n<p>Intereses<br \/>\nDe esta forma, y en medio de una escalada de ventas al exterior de los intereses nacionales, el \u00e1mbito de la negociaci\u00f3n sigue siendo inconsistente. Pues, por una parte el Gobierno anuncia la negociaci\u00f3n de todos los sectores sin definir estrategias; de otro lado, las agremiaciones defienden el agro, solicitan excepciones y se ven enmarcadas en el TLC sin mayores reparos.<\/p>\n<p>Y, por \u00faltimo, el representante Comercial de Estados Unidos, Robert Zoellick, durante su visita a Colombia cuando se le pregunt\u00f3 acerca de los beneficios para Colombia despu\u00e9s de culminar sus programas de cero amapola y ante la din\u00e1mica que ofrece los desplazados, lo \u00fanico que mencion\u00f3 es que se va a organizar una empresa, denominada ALCA, para venderle al pa\u00eds unos alimentos baratos.<\/p>\n<p>\u201cYa oigo que ma\u00f1ana nos estar\u00e1n diciendo a los colombianos que nos olvidemos de producir arroz, algod\u00f3n, oleaginosas, entre otros productos como sucede con \u00c1frica en la actualidad.<\/p>\n<p>\u201cEste TLC significa la destrucci\u00f3n del campo colombiano de una forma diferida cada a\u00f1o. En este proceso alguien miente, pues cada vez que el Ministro de Agricultura intenta defender el agro y el Presidente supuestamente lo apoya, le toca echarse para atr\u00e1s. Cuando los gremios se ilusionan y hablan de exoneraci\u00f3n, terminan aceptando la reconversi\u00f3n. No s\u00e9 si los gremios agr\u00edcolas se sienten en la actualidad como el marido enga\u00f1ado.<\/p>\n<p>\u201cAhora, dice el Gobierno que este asunto se trata de saber negociar. Sin embargo, ocurre que los que est\u00e1n negociando son los mismos funcionarios del gobierno Gaviria que le dieron v\u00eda libre a la apertura, y m\u00e1s grave resulta que los negociadores no son de confianza del sector agropecuario. \u201cSin duda, esto es motivo para la lucha social y la defensa de lo que queda de la agricultura\u201d, indic\u00f3 Caballero, quien agreg\u00f3 que lo m\u00e1s delicado del asunto es que es Colombia el que est\u00e1 pidiendo a gritos un TLC con Estados Unidos bajo las condiciones del imperio.<\/p>\n<p>En este contexto, Caballero dijo que si en manos de un tolimense con tradici\u00f3n arrocera como Carlos Gustavo Cano, ministro de Agricultura, va a ser arruinado y destruido el sector agropecuario nacional, entonces deber\u00eda renunciar inmediatamente por honor y dignidad. Adem\u00e1s su papel ha quedado en entredicho ante tantas incongruencias y en diversas oportunidades por sus mismos colegas. En todo caso, todo parece indicar que muchas personas de los gremios agr\u00edcolas recularon en sus apreciaciones y ahora aceptan el TLC como algo natural.<\/p>\n","protected":false},"excerpt":{"rendered":"<p>Oscar A. Var\u00f3n B., EL NUEVO D\u00cdA; septiembre 20 de 2003 Despu\u00e9s de que los pa\u00edses industrializados manifestar\u00e1n en la reuni\u00f3n de la Organizaci\u00f3n Mundial del Comercio, OMC, la cual se cumpli\u00f3 en la ciudad de Canc\u00fan, que no est\u00e1n dispuestos a eliminar sus subsidios agr\u00edcolas, y los cuales han mostrado un constante desinter\u00e9s por [&hellip;]<\/p>\n","protected":false},"author":1,"featured_media":0,"comment_status":"open","ping_status":"open","sticky":false,"template":"","format":"standard","meta":{"advanced_seo_description":"","jetpack_seo_html_title":"","jetpack_seo_noindex":false,"_jetpack_memberships_contains_paid_content":false,"footnotes":""},"categories":[7],"tags":[],"class_list":["post-587","post","type-post","status-publish","format-standard","hentry","category-pronunciamientos-de-organizaciones-sociales"],"jetpack_featured_media_url":"","jetpack-related-posts":[{"id":6016,"url":"https:\/\/moir.com.co\/web\/el-tlc-danara-a-colombia-como-dana-al-peru\/","url_meta":{"origin":587,"position":0},"title":"El TLC da\u00f1ar\u00e1 a Colombia como da\u00f1a al Per\u00fa","author":"admin","date":"octubre 12, 2011","format":false,"excerpt":"Balanza comercial de Per\u00fa con Estados Unidos pas\u00f3 de positiva a negativa. Importaciones agropecuarias han crecido 10 veces m\u00e1s que las exportaciones. TLC ha lesionado la seguridad alimentaria de Per\u00fa. Los hechos son contundentes. Los resultados del TLC que Per\u00fa firm\u00f3 con Estados Unidos demuestran los enormes da\u00f1os que los\u2026","rel":"","context":"En \u00abJorge Enrique Robledo\u00bb","block_context":{"text":"Jorge Enrique Robledo","link":"https:\/\/moir.com.co\/web\/category\/jorge-enrique-robledo\/"},"img":{"alt_text":"","src":"","width":0,"height":0},"classes":[]},{"id":447,"url":"https:\/\/moir.com.co\/web\/angel-maria-caballero-hizo-energicas-declaraciones-salvacion-agropecuaria-dice-no-al-servilismo-de-la-sac\/","url_meta":{"origin":587,"position":1},"title":"ANGEL MAR\u00cdA CABALLERO HIZO EN\u00c9RGICAS DECLARACIONES. SALVACI\u00d3N AGROPECUARIA DICE: NO AL &#8220;SERVILISMO&#8221; DE LA SAC","author":"admin","date":"agosto 9, 2004","format":false,"excerpt":"La Asociaci\u00f3n Nacional por la Salvaci\u00f3n Agropecuaria expres\u00f3 ayer su inconformismo por las declaraciones dadas por Rafael Hern\u00e1ndez Lozano, presidente de la Sociedad de Agricultores de Colombia, SAC, en el sentido de apoyar las iniciativas del Gobierno nacional que seg\u00fan este dirigente, \"buscan fomentar el crecimiento del sector y el\u2026","rel":"","context":"En \u00abPronunciamientos de Organizaciones Sociales\u00bb","block_context":{"text":"Pronunciamientos de Organizaciones Sociales","link":"https:\/\/moir.com.co\/web\/category\/pronunciamientos-de-organizaciones-sociales\/"},"img":{"alt_text":"","src":"","width":0,"height":0},"classes":[]},{"id":550,"url":"https:\/\/moir.com.co\/web\/miles-de-agricultores-indigenas-y-productores-agropecuarios-desfilaran-en-bogota-contra-el-alca-en-martes-12-de-agosto\/","url_meta":{"origin":587,"position":2},"title":"MILES DE AGRICULTORES IND\u00cdGENAS Y PRODUCTORES AGROPECUARIOS DESFILAR\u00c1N EN BOGOT\u00c1 CONTRA EL ALCA EN MARTES 12 DE AGOSTO","author":"admin","date":"agosto 10, 2004","format":false,"excerpt":"Salvaci\u00f3n Agropecuaria, agosto 8 de 2003 Delegaciones de m\u00e1s de 20 departamentos, de cerca de 200 municipios, representando a los productores colombianos de caf\u00e9, arroz, panela, leche, hortalizas, banano y pl\u00e1tano y de los principales g\u00e9neros agropecuarios, desfilar\u00e1n el martes 12 de agosto, despu\u00e9s del medio d\u00eda, por las calles\u2026","rel":"","context":"En \u00abPronunciamientos de Organizaciones Sociales\u00bb","block_context":{"text":"Pronunciamientos de Organizaciones Sociales","link":"https:\/\/moir.com.co\/web\/category\/pronunciamientos-de-organizaciones-sociales\/"},"img":{"alt_text":"","src":"","width":0,"height":0},"classes":[]},{"id":483,"url":"https:\/\/moir.com.co\/web\/caballero-cuestiona-negociaciones-alca\/","url_meta":{"origin":587,"position":3},"title":"CABALLERO CUESTIONA NEGOCIACIONES ALCA","author":"admin","date":"agosto 9, 2004","format":false,"excerpt":"El Nuevo D\u00eda. Por Oscar Var\u00f3n; 2 marzo 2003. \u201cDetr\u00e1s del ALCA se encuentran las multinacionales y la Organizaci\u00f3n Mundial del Comercio, la cual es manejada por los intereses comerciales de Estados Unidos\u201d: Salvaci\u00f3n Agropecuaria. Angel Mar\u00eda Caballero, presidente del Movimiento por la Salvaci\u00f3n Agropecuaria de Colombia realiz\u00f3 varios cuestionamientos\u2026","rel":"","context":"En \u00abPronunciamientos de Organizaciones Sociales\u00bb","block_context":{"text":"Pronunciamientos de Organizaciones Sociales","link":"https:\/\/moir.com.co\/web\/category\/pronunciamientos-de-organizaciones-sociales\/"},"img":{"alt_text":"","src":"","width":0,"height":0},"classes":[]},{"id":19784,"url":"https:\/\/moir.com.co\/web\/rechaza-incumplimiento-de-acuerdos-caballero-cuestiona-negociaciones-alca\/","url_meta":{"origin":587,"position":4},"title":"Rechaza incumplimiento de acuerdos: CABALLERO CUESTIONA NEGOCIACIONES ALCA","author":"admin","date":"agosto 10, 2004","format":false,"excerpt":"El Nuevo D\u00eda. Por Oscar Var\u00f3n; 2 marzo 2003 \u201cDetr\u00e1s del ALCA se encuentran las multinacionales y la Organizaci\u00f3n Mundial del Comercio, la cual es manejada por los intereses comerciales de Estados Unidos\u201d: Salvaci\u00f3n Agropecuaria. Angel Mar\u00eda Caballero, presidente del Movimiento por la Salvaci\u00f3n Agropecuaria de Colombia realiz\u00f3 varios cuestionamientos\u2026","rel":"","context":"En \u00abTribuna Roja N\u00ba 90, marzo 10 de 2003\u00bb","block_context":{"text":"Tribuna Roja N\u00ba 90, marzo 10 de 2003","link":"https:\/\/moir.com.co\/web\/category\/tribuna-roja\/ediciones-2000-2004\/tribuna-roja-no-90-marzo-10-de-2003\/"},"img":{"alt_text":"","src":"","width":0,"height":0},"classes":[]},{"id":4178,"url":"https:\/\/moir.com.co\/web\/tlc-con-la-union-europea-igual-o-peor-que-el-de-estados-unidos\/","url_meta":{"origin":587,"position":5},"title":"TLC con la Uni\u00f3n Europea, igual o peor que el de Estados Unidos","author":"admin","date":"marzo 2, 2010","format":false,"excerpt":"Grav\u00edsimo da\u00f1o a los lecheros El senador Jorge Enrique Robledo rechaz\u00f3 nuevamente la firma del TLC con la Uni\u00f3n Europea y afirm\u00f3 que, tal y como \u00e9l lo hab\u00eda advertido en varias ocasiones, el resultado de las negociaciones demostr\u00f3 que el acuerdo comercial es igual o peor al firmado con\u2026","rel":"","context":"En \u00abJorge Enrique Robledo\u00bb","block_context":{"text":"Jorge Enrique Robledo","link":"https:\/\/moir.com.co\/web\/category\/jorge-enrique-robledo\/"},"img":{"alt_text":"","src":"","width":0,"height":0},"classes":[]}],"jetpack_sharing_enabled":true,"_links":{"self":[{"href":"https:\/\/moir.com.co\/web\/wp-json\/wp\/v2\/posts\/587","targetHints":{"allow":["GET"]}}],"collection":[{"href":"https:\/\/moir.com.co\/web\/wp-json\/wp\/v2\/posts"}],"about":[{"href":"https:\/\/moir.com.co\/web\/wp-json\/wp\/v2\/types\/post"}],"author":[{"embeddable":true,"href":"https:\/\/moir.com.co\/web\/wp-json\/wp\/v2\/users\/1"}],"replies":[{"embeddable":true,"href":"https:\/\/moir.com.co\/web\/wp-json\/wp\/v2\/comments?post=587"}],"version-history":[{"count":0,"href":"https:\/\/moir.com.co\/web\/wp-json\/wp\/v2\/posts\/587\/revisions"}],"wp:attachment":[{"href":"https:\/\/moir.com.co\/web\/wp-json\/wp\/v2\/media?parent=587"}],"wp:term":[{"taxonomy":"category","embeddable":true,"href":"https:\/\/moir.com.co\/web\/wp-json\/wp\/v2\/categories?post=587"},{"taxonomy":"post_tag","embeddable":true,"href":"https:\/\/moir.com.co\/web\/wp-json\/wp\/v2\/tags?post=587"}],"curies":[{"name":"wp","href":"https:\/\/api.w.org\/{rel}","templated":true}]}}