{"id":580,"date":"2004-08-11T07:00:00","date_gmt":"2004-08-11T07:00:00","guid":{"rendered":"https:\/\/moir.org.co\/web\/presidente-de-salvacion-agropecuaria-en-tunja-la-universidad-y-agricultores-boyacenses-condenan-conspiracion-de-omc-en-cancun\/"},"modified":"2004-08-11T07:00:00","modified_gmt":"2004-08-11T07:00:00","slug":"presidente-de-salvacion-agropecuaria-en-tunja-la-universidad-y-agricultores-boyacenses-condenan-conspiracion-de-omc-en-cancun","status":"publish","type":"post","link":"https:\/\/moir.com.co\/web\/presidente-de-salvacion-agropecuaria-en-tunja-la-universidad-y-agricultores-boyacenses-condenan-conspiracion-de-omc-en-cancun\/","title":{"rendered":"PRESIDENTE DE SALVACION AGROPECUARIA EN TUNJA, LA UNIVERSIDAD Y AGRICULTORES BOYACENSES CONDENAN CONSPIRACION DE OMC EN CANC\u00daN"},"content":{"rendered":"<p>Dentro de la jornada Nacional de protesta contra el ALCA, coincidente con la reuni\u00f3n de la Organizaci\u00f3n Mundial de Comercio -OMC- en Canc\u00fan, la Asociaci\u00f3n Nacional por la Salvaci\u00f3n Agropecuaria-Cap\u00edtulo de Boyac\u00e1 llev\u00f3 a cabo la evaluaci\u00f3n de la Marcha Nacional realizada el pasado 12 de Agosto y la programaci\u00f3n de actividades de  informaci\u00f3n y organizaci\u00f3n para rechazar la imposici\u00f3n de este atropello o del Tratado de Libre Comercio. <\/p>\n<p>En el d\u00eda de ayer 12 con la intervenci\u00f3n de los diferentes delegados y l\u00edderes de los municipios que participaron en la Marcha y con la presencia del Presidente Nacional de Salvaci\u00f3n Agropecuaria, Dr. \u00c1ngel Mar\u00eda Caballero, los agricultores de Boyac\u00e1 condenaron una vez m\u00e1s las pretensiones de arrasar el agro con la eliminaci\u00f3n de la producci\u00f3n de papa, leche, hortalizas, carnes, frutas y borrar  lo que a\u00fan sobrevive del trigo y la cebada. <\/p>\n<p>Durante la conferencia dictada en la Universidad Pedag\u00f3gica y Tecnol\u00f3gica de Tunja, el Dr. Caballero se\u00f1al\u00f3 que el ALCA o el Tratado de Libre Comercio, significan la ruina para la educaci\u00f3n y en especial para los profesionales y t\u00e9cnicos que se est\u00e1n formando en el alma mater, ya que la destrucci\u00f3n de la producci\u00f3n acaba con cualquier opci\u00f3n de empleo, y las multinacionales impondr\u00e1n a su antojo las condiciones laborales en sus maquilas, sin fronteras ni constituci\u00f3n, volcando a miles de millones m\u00e1s a la miseria y al desempleo.  <\/p>\n<p>Se alerta al agro nacional sobre la conspiraci\u00f3n que en estos d\u00edas se lleva a cabo en Canc\u00fan M\u00e9xico en el marco de la V reuni\u00f3n ministerial de la OMC con presencia de 146 pa\u00edses bajo la \u00e9gida de los negociantes de las multinacionales entre ellos el norteamericano Robert Zoellick quien recientemente estuvo en Bogot\u00e1. <\/p>\n<p>Nuestro ilustre ministro de agricultura en Canc\u00fan con los agentes comisionistas y patinadores de las multinacionales en Colombia ostentan su venal actitud y compiten por encabezar la continuaci\u00f3n de  la odisea del adalid de la apertura en Colombia Cesar Gaviria gratificado en la OEA, y sus exministros, hoy asesores: Rudolf Hommes, Armando Montenegro, Samuel Moreno y compa\u00f1\u00eda, empujando el pa\u00eds hacia la  recolonizaci\u00f3n en aberrantes condiciones de existencia y despojado de la producci\u00f3n, el trabajo y la soberan\u00eda.  <\/p>\n<p>Dentro de las tareas para la resistencia civil contra el ALCA se impulsar\u00e1 la realizaci\u00f3n de un  Foro amplio sobre ALCA y TLC en Boyac\u00e1 para finales de noviembre donde se espera la participaci\u00f3n de los diferentes gremios de la producci\u00f3n, la academia, dirigencia pol\u00edtica y delegaciones internacionales de M\u00e9xico y Brazil. Igualmente se promover\u00e1n actividades a nivel de municipios y veredas para la consolidaci\u00f3n y ampliaci\u00f3n de cobertura a los 123 municipios con los comit\u00e9s de Salvaci\u00f3n Agropecuaria y la Red de seguimiento al ALCA o al TLC.<\/p>\n<p>SALVACI\u00d3N AGROPECUARIA, SECCIONAL BOYAC\u00c1<\/p>\n<p>Tunja, 13 de septiembre de 2003. Oliverio Castillo Burbano, Coordinador.<\/p>\n","protected":false},"excerpt":{"rendered":"<p>Dentro de la jornada Nacional de protesta contra el ALCA, coincidente con la reuni\u00f3n de la Organizaci\u00f3n Mundial de Comercio -OMC- en Canc\u00fan, la Asociaci\u00f3n Nacional por la Salvaci\u00f3n Agropecuaria-Cap\u00edtulo de Boyac\u00e1 llev\u00f3 a cabo la evaluaci\u00f3n de la Marcha Nacional realizada el pasado 12 de Agosto y la programaci\u00f3n de actividades de informaci\u00f3n y [&hellip;]<\/p>\n","protected":false},"author":1,"featured_media":0,"comment_status":"open","ping_status":"open","sticky":false,"template":"","format":"standard","meta":{"advanced_seo_description":"","jetpack_seo_html_title":"","jetpack_seo_noindex":false,"_jetpack_memberships_contains_paid_content":false,"footnotes":""},"categories":[7],"tags":[],"class_list":["post-580","post","type-post","status-publish","format-standard","hentry","category-pronunciamientos-de-organizaciones-sociales"],"jetpack_featured_media_url":"","jetpack-related-posts":[{"id":541,"url":"https:\/\/moir.com.co\/web\/exitosa-asamblea-departamental-de-la-asociacion-nacional-por-la-salvacion-agropecuaria-capitulo-de-boyaca\/","url_meta":{"origin":580,"position":0},"title":"EXITOSA ASAMBLEA DEPARTAMENTAL DE LA ASOCIACI\u00d3N NACIONAL POR LA SALVACI\u00d3N AGROPECUARIA, CAP\u00cdTULO DE BOYAC\u00c1","author":"admin","date":"agosto 10, 2004","format":false,"excerpt":"Salvaci\u00f3n Agropecuaria, julio 25 de 2003 Con la asistencia de m\u00e1s de 250 delegados de agricultores y ganaderos de m\u00e1s de 20 municipios se llev\u00f3 a cabo ayer viernes 25 de julio la Asamblea de Salvaci\u00f3n Agropecuaria en el teatro de la Fundaci\u00f3n Juan de Castellanos. Entre las 10:000 a.m\u2026","rel":"","context":"En \u00abPronunciamientos de Organizaciones Sociales\u00bb","block_context":{"text":"Pronunciamientos de Organizaciones Sociales","link":"https:\/\/moir.com.co\/web\/category\/pronunciamientos-de-organizaciones-sociales\/"},"img":{"alt_text":"","src":"","width":0,"height":0},"classes":[]},{"id":1012,"url":"https:\/\/moir.com.co\/web\/realizada-asamblea-nacional-de-salvacion-agropecuaria-boyaca\/","url_meta":{"origin":580,"position":1},"title":"REALIZADA ASAMBLEA NACIONAL DE SALVACI\u00d3N AGROPECUARIA BOYAC\u00c1","author":"admin","date":"septiembre 26, 2004","format":false,"excerpt":"Con la asistencia de 120 delegados de 18 municipios, la presencia de Asogriboy, el presidente de Fabegan, los invitados de la CUT, el Sector Salud, y delegados de la alcald\u00eda de Tunja, se llev\u00f3 a cabo la Asamblea departamental de Salvaci\u00f3n Agropecuaria en Tunja el d\u00eda 1 de octubre entre\u2026","rel":"","context":"En \u00abPronunciamientos de Organizaciones Sociales\u00bb","block_context":{"text":"Pronunciamientos de Organizaciones Sociales","link":"https:\/\/moir.com.co\/web\/category\/pronunciamientos-de-organizaciones-sociales\/"},"img":{"alt_text":"","src":"","width":0,"height":0},"classes":[]},{"id":578,"url":"https:\/\/moir.com.co\/web\/exitosa-visita-de-dirigente-nacional\/","url_meta":{"origin":580,"position":2},"title":"EXITOSA VISITA DE DIRIGENTE NACIONAL","author":"admin","date":"agosto 11, 2004","format":false,"excerpt":"El pasado Viernes 5 de septiembre realizo una visita al departamento del Magdalena Aurelio Su\u00e1rez Montoya, director ejecutivo de la Asociaci\u00f3n Nacional por la Salvaci\u00f3n agropecuaria, quien cumpli\u00f3 una apretada agenda de trabajo. En horas de la ma\u00f1ana efectu\u00f3 una visita al municipio de Cienaga donde intervino en el Instituto\u2026","rel":"","context":"En \u00abPronunciamientos de Organizaciones Sociales\u00bb","block_context":{"text":"Pronunciamientos de Organizaciones Sociales","link":"https:\/\/moir.com.co\/web\/category\/pronunciamientos-de-organizaciones-sociales\/"},"img":{"alt_text":"","src":"","width":0,"height":0},"classes":[]},{"id":640,"url":"https:\/\/moir.com.co\/web\/salvacion-agropecuaria-dira-no-al-alca-y-al-tlc-el-15-de-abril\/","url_meta":{"origin":580,"position":3},"title":"\u00a1SALVACI\u00d3N  AGROPECUARIA DIR\u00c1 NO AL ALCA Y AL TLC EL 15 DE ABRIL!","author":"admin","date":"agosto 11, 2004","format":false,"excerpt":"La Asociaci\u00f3n Nacional por la Salvaci\u00f3n Agropecuaria, seg\u00fan lo convenido con organizaciones agrarias, campesinas, ind\u00edgenas, sindicales y sociales de Colombia, Ecuador, Per\u00fa y Bolivia y de acuerdo al mandato de su VIII Junta Nacional, se movilizar\u00e1 el pr\u00f3ximo jueves 15 de abril en el marco de la Primera Jornada Andina\u2026","rel":"","context":"En \u00abPronunciamientos de Organizaciones Sociales\u00bb","block_context":{"text":"Pronunciamientos de Organizaciones Sociales","link":"https:\/\/moir.com.co\/web\/category\/pronunciamientos-de-organizaciones-sociales\/"},"img":{"alt_text":"","src":"","width":0,"height":0},"classes":[]},{"id":19884,"url":"https:\/\/moir.com.co\/web\/24-de-abril-marcha-agropecuaria-y-cafetera-a-bogota\/","url_meta":{"origin":580,"position":4},"title":"24 de abril: MARCHA AGROPECUARIA Y CAFETERA A BOGOTA","author":"admin","date":"agosto 10, 2004","format":false,"excerpt":"El 27 de enero se reuni\u00f3 en Ibagu\u00e9 la junta directiva de la Asociaci\u00f3n Nacional por la Salvaci\u00f3n Agropecuaria. A la reuni\u00f3n asistieron, entre otros, dirigentes de Unidad Cafetera, Asociaci\u00f3n Agropecuaria del Huila, Federriegos, Unidad Panelera Nacional, Asociaci\u00f3n por la Salvaci\u00f3n Arrocera, Fedepapa, Asopanela, distritos de riego de Salda\u00f1a, R\u00edo\u2026","rel":"","context":"En \u00abTribuna Roja N\u00ba 82, marzo 8 de 2001\u00bb","block_context":{"text":"Tribuna Roja N\u00ba 82, marzo 8 de 2001","link":"https:\/\/moir.com.co\/web\/category\/tribuna-roja\/ediciones-2000-2004\/tribuna-roja-no-82-marzo-8-de-2001\/"},"img":{"alt_text":"","src":"","width":0,"height":0},"classes":[]},{"id":1152,"url":"https:\/\/moir.com.co\/web\/3000-trigueros-marcharon-en-narino-contra-el-tlc\/","url_meta":{"origin":580,"position":5},"title":"\u00a13000 TRIGUEROS MARCHARON EN NARI\u00d1O CONTRA EL TLC!","author":"admin","date":"abril 18, 2005","format":false,"excerpt":"Fernando Ruiz Borr\u00e1s, Asociaci\u00f3n Nacional por la Salvaci\u00f3n Agropecuaria, abril 25 de 2005 Desde tempranas horas de la ma\u00f1ana del lunes 25 de abril, tres mil agricultores nari\u00f1enses, la gran mayor\u00eda de ellos productores de trigo, marcharon hasta el medio d\u00eda desde el corregimiento de Tatambuco hasta la Plaza de\u2026","rel":"","context":"En \u00abPronunciamientos de Organizaciones Sociales\u00bb","block_context":{"text":"Pronunciamientos de Organizaciones Sociales","link":"https:\/\/moir.com.co\/web\/category\/pronunciamientos-de-organizaciones-sociales\/"},"img":{"alt_text":"","src":"","width":0,"height":0},"classes":[]}],"jetpack_sharing_enabled":true,"_links":{"self":[{"href":"https:\/\/moir.com.co\/web\/wp-json\/wp\/v2\/posts\/580","targetHints":{"allow":["GET"]}}],"collection":[{"href":"https:\/\/moir.com.co\/web\/wp-json\/wp\/v2\/posts"}],"about":[{"href":"https:\/\/moir.com.co\/web\/wp-json\/wp\/v2\/types\/post"}],"author":[{"embeddable":true,"href":"https:\/\/moir.com.co\/web\/wp-json\/wp\/v2\/users\/1"}],"replies":[{"embeddable":true,"href":"https:\/\/moir.com.co\/web\/wp-json\/wp\/v2\/comments?post=580"}],"version-history":[{"count":0,"href":"https:\/\/moir.com.co\/web\/wp-json\/wp\/v2\/posts\/580\/revisions"}],"wp:attachment":[{"href":"https:\/\/moir.com.co\/web\/wp-json\/wp\/v2\/media?parent=580"}],"wp:term":[{"taxonomy":"category","embeddable":true,"href":"https:\/\/moir.com.co\/web\/wp-json\/wp\/v2\/categories?post=580"},{"taxonomy":"post_tag","embeddable":true,"href":"https:\/\/moir.com.co\/web\/wp-json\/wp\/v2\/tags?post=580"}],"curies":[{"name":"wp","href":"https:\/\/api.w.org\/{rel}","templated":true}]}}