{"id":578,"date":"2004-08-11T07:00:00","date_gmt":"2004-08-11T07:00:00","guid":{"rendered":"https:\/\/moir.org.co\/web\/exitosa-visita-de-dirigente-nacional\/"},"modified":"2004-08-11T07:00:00","modified_gmt":"2004-08-11T07:00:00","slug":"exitosa-visita-de-dirigente-nacional","status":"publish","type":"post","link":"https:\/\/moir.com.co\/web\/exitosa-visita-de-dirigente-nacional\/","title":{"rendered":"EXITOSA VISITA DE DIRIGENTE NACIONAL"},"content":{"rendered":"<p>El pasado Viernes 5 de septiembre realizo una visita al departamento del Magdalena Aurelio Su\u00e1rez Montoya, director ejecutivo de la Asociaci\u00f3n Nacional por la Salvaci\u00f3n agropecuaria, quien cumpli\u00f3 una apretada agenda de trabajo. En horas de la ma\u00f1ana efectu\u00f3 una visita al municipio de Cienaga donde intervino en el Instituto de Formaci\u00f3n T\u00e9cnica Profesional (Infotep) ante productores agrarios, profesores y dirigentes gremiales sobre las lesivas incidencias del ALCA en todos los ordenes de la vida nacional. <\/p>\n<p>En la tarde del Viernes, invitado por la Universidad del Magdalena para participar en el Seminario sobre el ALCA en el auditorio de Pozos Colorados del Hotel Santamar, disert\u00f3 frente a mas de 300 asistentes, entre ellos estudiantes universitarios, profesores, empresarios y dirigentes gremiales. Dio a conocer cinco tesis acerca de este tema, a saber: Alca, modelo exportador; la Guerra en el Alca es entre pa\u00edses pobres; proceso del Alca privatizado; los documentos son una sopa de anzuelos y las conclusiones que llevan a rechazar de plano la inclusi\u00f3n de Colombia en este instrumento imperial, lo mismo que un tratado bilateral de libre comercio con Estados Unidos ya que ser\u00eda el arrasamiento de la econom\u00eda nacional y su recolonizaci\u00f3n completa. <\/p>\n<p>CUMBRE DE CANC\u00daN: PROTESTAS CONTRA ESPEJISMO DE LIBRE COMERCIO <\/p>\n<p>Del 10 al 14 de septiembre se reunir\u00e1n 146 ministros de comercio que integran la Organizaci\u00f3n Mundial de Comercio (OMC) en Canc\u00fan, M\u00e9xico, para continuar la Ronda de Doha, Qatar, iniciada hace dos anos en ese pa\u00eds \u00e1rabe. Se trataran b\u00e1sicamente aspectos relacionados con el comercio agr\u00edcola y los medicamentos, el cual es ampliamente dominado por los pa\u00edses industrializados encabezados por Estados Unidos. En definitiva lo que buscan las compa\u00f1\u00edas multinacionales, que manejan los hilos del comercio mundial, es que los pa\u00edses del  tercer mundo, de los que hace parte Colombia, abran del todo sus fronteras nacionales para que puedan ingresar capitales y mercanc\u00edas libremente; particularmente de Estados Unidos en el continente americano a trav\u00e9s del Alca. Y, obviamente, los pa\u00edses poderosos seguir\u00e1n abroquelados en sus mercados internos utilizando toda clase de pol\u00edticas y medidas proteccionistas y seguir\u00e1n irrigando a tutipl\u00e9n gigantescos subsidios a sus productores agr\u00edcolas y comercializadoras monopolistas, acompa\u00f1ados de sistemas arancelarios y paraarancelarios que golpean a los pa\u00edses atrasados. <\/p>\n<p>Por estas razones esta semana se presentaran tumultuosas movilizaciones en muchos pa\u00edses americanos rechazando el modelo neoliberal de globalizaci\u00f3n y exigiendo respeto por la soberan\u00eda, el trabajo y la producci\u00f3n nacionales de centenares de pa\u00edses de Am\u00e9rica Latina, Asia, Africa y el Caribe. La Cumbre de Canc\u00fan ser\u00e1 otro escenario de la lucha mundial contra la globalizaci\u00f3n que se multiplica por doquier. <\/p>\n<p>ASOCIACI\u00d3N POR LA SALVACI\u00d3N AGROPECUARIA, SECCIONAL MAGDALENA<\/p>\n<p>LEONEL JUVINAO CRUZ                                          NORMAN ALARC\u00d3N RODAS<\/p>\n<p>Presidente                                                                       Coordinador <\/p>\n<p>Santa Marta, DTCH, septiembre 9 de 2003 <\/p>\n","protected":false},"excerpt":{"rendered":"<p>El pasado Viernes 5 de septiembre realizo una visita al departamento del Magdalena Aurelio Su\u00e1rez Montoya, director ejecutivo de la Asociaci\u00f3n Nacional por la Salvaci\u00f3n agropecuaria, quien cumpli\u00f3 una apretada agenda de trabajo. En horas de la ma\u00f1ana efectu\u00f3 una visita al municipio de Cienaga donde intervino en el Instituto de Formaci\u00f3n T\u00e9cnica Profesional (Infotep) [&hellip;]<\/p>\n","protected":false},"author":1,"featured_media":0,"comment_status":"open","ping_status":"open","sticky":false,"template":"","format":"standard","meta":{"advanced_seo_description":"","jetpack_seo_html_title":"","jetpack_seo_noindex":false,"_jetpack_memberships_contains_paid_content":false,"footnotes":""},"categories":[7],"tags":[],"class_list":["post-578","post","type-post","status-publish","format-standard","hentry","category-pronunciamientos-de-organizaciones-sociales"],"jetpack_featured_media_url":"","jetpack-related-posts":[{"id":518,"url":"https:\/\/moir.com.co\/web\/convocatoria-al-foro-sobre-las-incidencias-del-alca-en-el-salon-amarillo-de-la-alcaldia-de-santa-marta\/","url_meta":{"origin":578,"position":0},"title":"CONVOCATORIA AL FORO SOBRE LAS INCIDENCIAS DEL ALCA, EN EL SAL\u00d3N AMARILLO DE LA ALCALD\u00cdA DE SANTA MARTA","author":"admin","date":"agosto 9, 2004","format":false,"excerpt":"Salvaci\u00f3n Agropecuaria, Santa Marta, mayo 20 2003 La Asociaci\u00f3n Nacional por la Salvaci\u00f3n Agropecuaria, Seccional Magdalena, con la aquiescencia del alcalde (E) del distrito de Santa Marta, doctor Fernando Cely Santos, est\u00e1 convocando al Foro Sobre las Incidencias del \u00c1rea de Libre Comercio de las Am\u00e9ricas (ALCA) en la econom\u00eda\u2026","rel":"","context":"En \u00abPronunciamientos de Organizaciones Sociales\u00bb","block_context":{"text":"Pronunciamientos de Organizaciones Sociales","link":"https:\/\/moir.com.co\/web\/category\/pronunciamientos-de-organizaciones-sociales\/"},"img":{"alt_text":"","src":"","width":0,"height":0},"classes":[]},{"id":488,"url":"https:\/\/moir.com.co\/web\/expectativa-por-foro-agropecuario-de-cartagena\/","url_meta":{"origin":578,"position":1},"title":"EXPECTATIVA POR FORO AGROPECUARIO DE CARTAGENA","author":"admin","date":"agosto 9, 2004","format":false,"excerpt":"Asociaci\u00f3n Nacional por la Salvaci\u00f3n Agropecuaria seccional departamento del Magdalena, Santa Marta, marzo 19 de 2003 La Asociaci\u00f3n Nacional por la Salvaci\u00f3n Agropecuaria ha programado un importante certamen a efectuarse en la ciudad de Cartagena este viernes 21 de marzo. Se trata del Foro Sobre la Situaci\u00f3n Agropecuaria de la\u2026","rel":"","context":"En \u00abPronunciamientos de Organizaciones Sociales\u00bb","block_context":{"text":"Pronunciamientos de Organizaciones Sociales","link":"https:\/\/moir.com.co\/web\/category\/pronunciamientos-de-organizaciones-sociales\/"},"img":{"alt_text":"","src":"","width":0,"height":0},"classes":[]},{"id":598,"url":"https:\/\/moir.com.co\/web\/homenaje-a-la-agronomia\/","url_meta":{"origin":578,"position":2},"title":"HOMENAJE A LA AGRONOMIA","author":"admin","date":"agosto 11, 2004","format":false,"excerpt":"La Asamblea de la Asociaci\u00f3n de Ingenieros Agr\u00f3nomos del Magdalena, ASIAMAG, realizada el 31 de octubre pasado, al designar nuevos cuadros directivos, decidi\u00f3 realizar un homenaje a la AGRONOMIA, haciendo un reconocimiento al m\u00e9rito de los profesores reci\u00e9n pensionados de la U. del Magdalena que han contribuido con su trabajo\u2026","rel":"","context":"En \u00abPronunciamientos de Organizaciones Sociales\u00bb","block_context":{"text":"Pronunciamientos de Organizaciones Sociales","link":"https:\/\/moir.com.co\/web\/category\/pronunciamientos-de-organizaciones-sociales\/"},"img":{"alt_text":"","src":"","width":0,"height":0},"classes":[]},{"id":317,"url":"https:\/\/moir.com.co\/web\/palmicultores-ratifican-oposicion-al-alca\/","url_meta":{"origin":578,"position":3},"title":"PALMICULTORES RATIFICAN OPOSICI\u00d3N AL ALCA","author":"admin","date":"agosto 7, 2004","format":false,"excerpt":"Durante la realizaci\u00f3n del XXXI Congreso Nacional de la Federaci\u00f3n de Cultivadores de Palma de Aceite, que se cumpli\u00f3 en el municipio santandereano de Floridablanca la semana pasada, los principales dirigentes del gremio insistieron en que los productos agroindustriales derivados de la palma sean excluidos de las negociaciones del \u00c1rea\u2026","rel":"","context":"En \u00abTemas\u00bb","block_context":{"text":"Temas","link":"https:\/\/moir.com.co\/web\/category\/temas\/"},"img":{"alt_text":"","src":"","width":0,"height":0},"classes":[]},{"id":472,"url":"https:\/\/moir.com.co\/web\/viernes-7-de-febrero-lanzamiento-de-campana-contra-el-referendo-en-el-magdalena-medio\/","url_meta":{"origin":578,"position":4},"title":"VIERNES 7 DE FEBRERO: LANZAMIENTO DE CAMPA\u00d1A CONTRA EL REFERENDO EN EL MAGDALENA MEDIO","author":"admin","date":"agosto 9, 2004","format":false,"excerpt":"Organizaciones sindicales, gremiales, asociaciones de padres de familia, partidos pol\u00edticos, concejales, diputados, movimientos sociales, personalidades democr\u00e1ticas y progresistas y gentes del com\u00fan de La Dorada y oriente de Caldas; Puerto Salgar, Cundinamarca; Puerto Boyac\u00e1, Boyac\u00e1 y Norte del Tolima har\u00e1n el lanzamiento oficial de la campa\u00f1a contra el referendo en\u2026","rel":"","context":"En \u00abPronunciamientos de Organizaciones Sociales\u00bb","block_context":{"text":"Pronunciamientos de Organizaciones Sociales","link":"https:\/\/moir.com.co\/web\/category\/pronunciamientos-de-organizaciones-sociales\/"},"img":{"alt_text":"","src":"","width":0,"height":0},"classes":[]},{"id":477,"url":"https:\/\/moir.com.co\/web\/arranco-campana-de-abstencion-activa-al-referendo-en-el-magdalena-medio\/","url_meta":{"origin":578,"position":5},"title":"ARRANC\u00d3 CAMPA\u00d1A DE ABSTENCI\u00d3N ACTIVA AL REFERENDO EN EL MAGDALENA MEDIO","author":"admin","date":"agosto 9, 2004","format":false,"excerpt":"El sal\u00f3n de actos del Hotel El Mes\u00f3n de La Dorada fue colmado completamente por m\u00e1s de un centenar de dirigentes pol\u00edticos, sindicales, gremiales, c\u00edvicos, comunitarios y personalidades democr\u00e1ticas y progresistas el pasado viernes 7 de febrero en horas de la noche para dar inicio a la campa\u00f1a activa contra\u2026","rel":"","context":"En \u00abPronunciamientos de Organizaciones Sociales\u00bb","block_context":{"text":"Pronunciamientos de Organizaciones Sociales","link":"https:\/\/moir.com.co\/web\/category\/pronunciamientos-de-organizaciones-sociales\/"},"img":{"alt_text":"","src":"","width":0,"height":0},"classes":[]}],"jetpack_sharing_enabled":true,"_links":{"self":[{"href":"https:\/\/moir.com.co\/web\/wp-json\/wp\/v2\/posts\/578","targetHints":{"allow":["GET"]}}],"collection":[{"href":"https:\/\/moir.com.co\/web\/wp-json\/wp\/v2\/posts"}],"about":[{"href":"https:\/\/moir.com.co\/web\/wp-json\/wp\/v2\/types\/post"}],"author":[{"embeddable":true,"href":"https:\/\/moir.com.co\/web\/wp-json\/wp\/v2\/users\/1"}],"replies":[{"embeddable":true,"href":"https:\/\/moir.com.co\/web\/wp-json\/wp\/v2\/comments?post=578"}],"version-history":[{"count":0,"href":"https:\/\/moir.com.co\/web\/wp-json\/wp\/v2\/posts\/578\/revisions"}],"wp:attachment":[{"href":"https:\/\/moir.com.co\/web\/wp-json\/wp\/v2\/media?parent=578"}],"wp:term":[{"taxonomy":"category","embeddable":true,"href":"https:\/\/moir.com.co\/web\/wp-json\/wp\/v2\/categories?post=578"},{"taxonomy":"post_tag","embeddable":true,"href":"https:\/\/moir.com.co\/web\/wp-json\/wp\/v2\/tags?post=578"}],"curies":[{"name":"wp","href":"https:\/\/api.w.org\/{rel}","templated":true}]}}