{"id":575,"date":"2004-08-11T07:00:00","date_gmt":"2004-08-11T07:00:00","guid":{"rendered":"https:\/\/moir.org.co\/web\/acuerdo-del-nuevo-liberalismo-y-el-moir-para-la-asamblea-de-boyaca\/"},"modified":"2004-08-11T07:00:00","modified_gmt":"2004-08-11T07:00:00","slug":"acuerdo-del-nuevo-liberalismo-y-el-moir-para-la-asamblea-de-boyaca","status":"publish","type":"post","link":"https:\/\/moir.com.co\/web\/acuerdo-del-nuevo-liberalismo-y-el-moir-para-la-asamblea-de-boyaca\/","title":{"rendered":"ACUERDO DEL NUEVO LIBERALISMO Y EL MOIR PARA LA ASAMBLEA DE BOYAC\u00c1"},"content":{"rendered":"<p>DECLARACI\u00d3N POL\u00cdTICA<\/p>\n<p>MOIR-Nuevo Liberalismo, Septiembre de 2003<\/p>\n<p>JORGE VICENTE ORTIZ, candidato a la Asamblea Departamental identificado con el n\u00famero 14 en la lista \u00fanica del Nuevo Liberalismo, 59 en el tarjet\u00f3n- y LUIS ALEJANDRO PEREA de una parte, y de la otra LUIS MIGUEL APONTE, ISNARDO ANTONIO GRANDAS RINC\u00d3N, DAIRO YESID SALINAS, FERNANDO PINILLA SOL\u00d3RZANO, candidatos a los Concejos Municipales de Tunja, Sogamoso y Chiquinquir\u00e1, en las listas \u00fanicas del MOIR, 47 en el tarjet\u00f3n-, LUIS HORACIO ESLAVA, y OLIVERIO CASTILLO B, DECLARAMOS ante los habitantes del Departamento de Boyac\u00e1 que hemos llegado a un acuerdo pol\u00edtico que impulsaremos conjuntamente a fin de fortalecer la oposici\u00f3n a las medidas del gobierno, impulsar la abstenci\u00f3n frente al referendo y apoyar nuestras aspiraciones electorales a las corporaciones p\u00fablicas en procura de que se fortalezca la unidad nacional.<\/p>\n<p>Nos oponemos al estilo de gobierno imperante, por cuanto las medidas econ\u00f3micas y pol\u00edticas que ha aplicado y las que anuncia, golpean dram\u00e1ticamente el nivel de vida de las gentes laboriosas y conducen a la ruina de la naci\u00f3n. El incremento de impuestos que ha gravado la canasta familiar, la eliminaci\u00f3n de las garant\u00edas laborales de los trabajadores, la profundizaci\u00f3n del proceso de liquidaci\u00f3n de importantes empresas p\u00fablicas (TELECOM, SENA, ISS, CAJA AGRARIA, ECOPETROL ETC.) han llevado a Colombia y a Boyac\u00e1, en particular, a registrar alarmantes \u00edndices de pobreza, desempleo y descomposici\u00f3n social. Como si fuera poco se anuncia una nueva reforma tributaria, que gravar\u00e1 hasta las mesadas de los pensionados, y desatar\u00e1 una persecuci\u00f3n fiscalista al trabajo y la producci\u00f3n nacionales.<\/p>\n<p>El Gobierno ha instaurado un r\u00e9gimen absolutista sin precedentes en la historia nacional, mediante el desconocimiento de elementales derechos ciudadanos, y la reforma pol\u00edtica que recorta los derechos de las fuerzas de oposici\u00f3n, las excluye como alternativas pol\u00edticas y reduce el debate democr\u00e1tico a que solo participen los sectores afectos incondicionalmente a las pol\u00edticas definidas por los organismos multinacionales, a fin de que las mismas sean aprobadas \u201c\u00e1gil y r\u00e1pidamente\u201d. De esta pol\u00edtica forma parte el REFERENDO, convocado para el 25 de octubre, pieza del acuerdo con el FONDO MONETARIO INTERNACIONAL. A su vez anuncia una reforma a la justicia que recorta derechos fundamentales de los colombianos y que presagia \u201cun retroceso de m\u00e1s de cien a\u00f1os en la administraci\u00f3n de justicia\u201d<\/p>\n<p>Igualmente, el gobierno, sus ministros y voceros gestionan la vinculaci\u00f3n de Colombia al Acuerdo de Libre Comercio de las Am\u00e9ricas -ALCA- o presentan como \u201cnov\u00edsima\u201d y fundamental la firma de un Acuerdo Bilateral de Comercio con Estados Unidos \u2013TLC-, que no son otra cosa que la culminaci\u00f3n del proceso iniciado con la apertura econ\u00f3mica, atentatorio contra la producci\u00f3n y el trabajo nacionales cuyos catastr\u00f3ficos resultados ya repercuten hasta en el \u00faltimo de los colombianos. Se\u00f1alamos que el ALCA o el TLC, ante la indefensi\u00f3n y abandono de la producci\u00f3n nacional, terminar\u00e1n de arruinar la industria, la agricultura y el comercio tal y como ya sucedi\u00f3 con importantes empresas, con el trigo y la cebada y otros renglones agr\u00edcolas y con el comercio nacional.<\/p>\n<p>Por ello, al reafirmar nuestras anteriores coincidencias nos comprometemos a agitarlas y a proponerle a nuestros conciudadanos un programa que ser\u00e1 gu\u00eda de la presente campa\u00f1a electoral y de nuestro actuar en las corporaciones p\u00fablicas a las que aspiramos y que contempla lo siguiente:<\/p>\n<p>1. No a la vinculaci\u00f3n de Colombia al ALCA o al TLC.<\/p>\n<p>2. Rechazo al referendo , abstenci\u00f3n activa y campa\u00f1a para no votar el 25 de octubre.<\/p>\n<p>3. Defensa de la metalmec\u00e1nica, la miner\u00eda y de Acer\u00edas Paz del R\u00edo, mediante el reclamo de aranceles y medidas proteccionistas para la producci\u00f3n de este sector estrat\u00e9gico, y la exigencia del aval gubernamental para la reconversi\u00f3n industrial que requiere esta Empresa.<\/p>\n<p>4. Defensa de la agricultura y ganader\u00eda de nuestros municipios. Respaldo a las organizaciones agrarias y ganaderas en su exigencia de cierre de las importaciones, precios de sustentaci\u00f3n, condonaci\u00f3n de deudas, cr\u00e9dito oportuno suficiente y barato; pol\u00edticas estatales fitosanitarias, de asistencia t\u00e9cnica y de mercadeo<\/p>\n<p>5. Defensa de la industria y de los proyectos empresariales de nuestros municipios, por desgravaci\u00f3n tributaria y por la exigencia de que se establezcan aranceles para los bienes y servicios que se producen en el Departamento.<\/p>\n<p>6. Oposici\u00f3n a la privatizaci\u00f3n de las empresas de servicios p\u00fablicos y exigencia de que se reversen las privatizaciones ya efectuadas. Respaldo a la creaci\u00f3n y\/o fortalecimiento de los Comit\u00e9s C\u00edvicos y ligas de los usuarios de los servicios p\u00fablicos.<\/p>\n<p>7. Defensa de la educaci\u00f3n p\u00fablica de alta calidad cient\u00edfica al servicio de los intereses nacionales y con financiaci\u00f3n estatal. Exigencia del respeto a los derechos de los educadores y de plazas suficientes.<\/p>\n<p>8. Defensa de la salud p\u00fablica con presupuesto suficiente para los 26 hospitales del departamento. Oposici\u00f3n a cualquier medida de liquidaci\u00f3n y\/o privatizaci\u00f3n de los mismos y, exigencia del respeto de los derechos y garant\u00eda convencionales de sus trabajadores.<\/p>\n<p>9. Oposici\u00f3n a la creaci\u00f3n de nuevos impuestos e incremento de sobretasas o endeudamiento de los municipios que conduzcan a gravar m\u00e1s a los ya empobrecidos habitantes de los mismos.<\/p>\n<p>Para ello hemos conformado equipos de trabajo conjunto que adelantar\u00e1n la labor proselitista para la presente campa\u00f1a electoral a lo largo y ancho del territorio departamental.<\/p>\n<p>NUEVO LIBERALISMO: LUIS ALEJANDRO PEREA, JORGE VICENTE ORTIZ<\/p>\n<p>MOIR: LUIS HORACIO ESLAVA S., OLIVERIO CASTILLO B., LUIS MIGUEL APONTE, ISNARDO ANTONIO GRANDAS R., DAIRO YESID SALINAS, FERNANDO PINILLA S.<\/p>\n","protected":false},"excerpt":{"rendered":"<p>DECLARACI\u00d3N POL\u00cdTICA MOIR-Nuevo Liberalismo, Septiembre de 2003 JORGE VICENTE ORTIZ, candidato a la Asamblea Departamental identificado con el n\u00famero 14 en la lista \u00fanica del Nuevo Liberalismo, 59 en el tarjet\u00f3n- y LUIS ALEJANDRO PEREA de una parte, y de la otra LUIS MIGUEL APONTE, ISNARDO ANTONIO GRANDAS RINC\u00d3N, DAIRO YESID SALINAS, FERNANDO PINILLA SOL\u00d3RZANO, [&hellip;]<\/p>\n","protected":false},"author":1,"featured_media":0,"comment_status":"open","ping_status":"open","sticky":false,"template":"","format":"standard","meta":{"advanced_seo_description":"","jetpack_seo_html_title":"","jetpack_seo_noindex":false,"_jetpack_memberships_contains_paid_content":false,"footnotes":""},"categories":[7],"tags":[],"class_list":["post-575","post","type-post","status-publish","format-standard","hentry","category-pronunciamientos-de-organizaciones-sociales"],"jetpack_featured_media_url":"","jetpack-related-posts":[{"id":574,"url":"https:\/\/moir.com.co\/web\/acuerdo-politico-para-la-gobernacion-y-la-asamblea-de-boyaca\/","url_meta":{"origin":575,"position":0},"title":"ACUERDO POL\u00cdTICO PARA LA GOBERNACI\u00d3N Y LA ASAMBLEA DE BOYAC\u00c1","author":"admin","date":"agosto 11, 2004","format":false,"excerpt":"DECLARACI\u00d3N POL\u00cdTICA JORGE EDUARDO LONDO\u00d1O ULLOA, candidato a la Gobernaci\u00f3n de Boyac\u00e1, 59 en el tarjet\u00f3n- y LUIS ALEJANDRO PEREA de una parte, y de la otra LUIS MIGUEL APONTE, ISNARDO ANTONIO GRANDAS RINC\u00d3N, DAIRO YESID SALINAS, FERNANDO PINILLA SOL\u00d3RZANO, candidatos a los Concejos Municipales de Tunja, Sogamoso y Chiquinquir\u00e1,\u2026","rel":"","context":"En \u00abPronunciamientos de Organizaciones Sociales\u00bb","block_context":{"text":"Pronunciamientos de Organizaciones Sociales","link":"https:\/\/moir.com.co\/web\/category\/pronunciamientos-de-organizaciones-sociales\/"},"img":{"alt_text":"","src":"","width":0,"height":0},"classes":[]},{"id":20826,"url":"https:\/\/moir.com.co\/web\/importantes-alianzas-en-la-costa-atlantica\/","url_meta":{"origin":575,"position":1},"title":"IMPORTANTES ALIANZAS EN LA COSTA ATL\u00c1NTICA","author":"admin","date":"mayo 1, 2005","format":false,"excerpt":"En Atl\u00e1ntico con Ernesto Certa\u00edn; Bolivar, con Alvaro Bennedetti, con Mauro Tapias Jorge Santos y Marcelo Torres visitaron la Costa entre el 29 de noviembre y el 4 de diciembre, presidiendo importantes concentraciones. En sus dos visitas a la capital del Magdalena, Santos realiz\u00f3 masivos encuentros en el Centro Vacacional\u2026","rel":"","context":"En \u00abTribuna Roja N\u00b0 56, Bogot\u00e1; febrero 21 de 1994\u00bb","block_context":{"text":"Tribuna Roja N\u00b0 56, Bogot\u00e1; febrero 21 de 1994","link":"https:\/\/moir.com.co\/web\/category\/tribuna-roja\/ediciones-1990-1994\/tribuna-roja-n-56-bogota-febrero-21-de-1994\/"},"img":{"alt_text":"","src":"","width":0,"height":0},"classes":[]},{"id":6699,"url":"https:\/\/moir.com.co\/web\/programa-radial-tribuna-magisterial-julio-22-de-2012\/","url_meta":{"origin":575,"position":2},"title":"Programa Radial Tribuna Magisterial, julio 22 de 2012","author":"admin","date":"julio 25, 2012","format":false,"excerpt":"El programa radial inicia con la segunda parte en su nota editorial a cargo de la profesora Mar\u00eda Antonieta Cano, directora del programa y candidata a la ADE con el N\u00b0 24 en el Tarjet\u00f3n, denominada \u201cLa pol\u00edtica educativa de Santos, fase superior en la contrarreforma educativa neoliberal\u201d. En el\u2026","rel":"","context":"En \u00abTribuna Magisterial\u00bb","block_context":{"text":"Tribuna Magisterial","link":"https:\/\/moir.com.co\/web\/category\/tribuna-magisterial\/"},"img":{"alt_text":"","src":"","width":0,"height":0},"classes":[]},{"id":21163,"url":"https:\/\/moir.com.co\/web\/acuerdos-y-acercamientos-en-todo-el-pais\/","url_meta":{"origin":575,"position":3},"title":"ACUERDOS Y ACERCAMIENTOS EN TODO EL PA\u00cdS","author":"admin","date":"septiembre 13, 2005","format":false,"excerpt":"De conformidad con los lineamientos trazados por su direcci\u00f3n nacional en enero \u00faltimo, el MOIR ha adelantado conversaciones en casi todos los departamentos del pa\u00eds con diversos sectores pol\u00edticos con los que coincide en el an\u00e1lisis de la situaci\u00f3n pol\u00edtica, social y econ\u00f3mica que vive Colombia. Nuestro Partido participa en\u2026","rel":"","context":"En \u00abTribuna Roja N\u00ba 51, Bogot\u00e1, febrero de 1986\u00bb","block_context":{"text":"Tribuna Roja N\u00ba 51, Bogot\u00e1, febrero de 1986","link":"https:\/\/moir.com.co\/web\/category\/tribuna-roja\/ediciones-1985-1989\/tribuna-roja-no-51-bogota-febrero-de-1986\/"},"img":{"alt_text":"","src":"","width":0,"height":0},"classes":[]},{"id":19722,"url":"https:\/\/moir.com.co\/web\/el-moir-en-las-elecciones-del-26-de-octubre\/","url_meta":{"origin":575,"position":4},"title":"EL MOIR EN LAS ELECCIONES DEL 26 DE OCTUBRE","author":"admin","date":"agosto 9, 2004","format":false,"excerpt":"En la campa\u00f1a electoral del pasado 26 de octubre el MOIR super\u00f3 con relativo \u00e9xito las talanqueras que la Reforma Pol\u00edtica uribista les pone a las fuerzas minoritarias. \u00c9xito porque se lograron cerca de 80 mil votos en listas avaladas por nuestro Partido, lo que supera ampliamente la votaci\u00f3n de\u2026","rel":"","context":"En \u00abTribuna Roja N\u00ba 94, diciembre 3 de 2003\u00bb","block_context":{"text":"Tribuna Roja N\u00ba 94, diciembre 3 de 2003","link":"https:\/\/moir.com.co\/web\/category\/tribuna-roja\/ediciones-2000-2004\/tribuna-roja-no-94-diciembre-3-de-2003\/"},"img":{"alt_text":"","src":"","width":0,"height":0},"classes":[]},{"id":13829,"url":"https:\/\/moir.com.co\/web\/programa-radial-de-tribuna-magisterial-noviembre-12-de-2017\/","url_meta":{"origin":575,"position":5},"title":"Programa Radial de Tribuna Magisterial, noviembre 12 de 2017","author":"admin","date":"noviembre 15, 2017","format":"audio","excerpt":"Bogot\u00e1, noviembre 12 de 2017 En el programa del 12 de noviembre Mar\u00eda Antonieta Cano de la junta directiva de la ADE y directora del programa entrevist\u00f3 a los profesores candidatos a la asamblea de delegados, profesor Iv\u00e1n Ram\u00edrez con el #455 y al profesor Albert Serrano #395, quienes presentaron\u2026","rel":"","context":"En \u00abBogot\u00e1\u00bb","block_context":{"text":"Bogot\u00e1","link":"https:\/\/moir.com.co\/web\/category\/temas\/bogota\/"},"img":{"alt_text":"","src":"https:\/\/i0.wp.com\/moir.com.co\/web\/wp-content\/uploads\/2017\/10\/ADETon%CC%83a.jpg?fit=800%2C1200&ssl=1&resize=350%2C200","width":350,"height":200,"srcset":"https:\/\/i0.wp.com\/moir.com.co\/web\/wp-content\/uploads\/2017\/10\/ADETon%CC%83a.jpg?fit=800%2C1200&ssl=1&resize=350%2C200 1x, https:\/\/i0.wp.com\/moir.com.co\/web\/wp-content\/uploads\/2017\/10\/ADETon%CC%83a.jpg?fit=800%2C1200&ssl=1&resize=525%2C300 1.5x, https:\/\/i0.wp.com\/moir.com.co\/web\/wp-content\/uploads\/2017\/10\/ADETon%CC%83a.jpg?fit=800%2C1200&ssl=1&resize=700%2C400 2x"},"classes":[]}],"jetpack_sharing_enabled":true,"_links":{"self":[{"href":"https:\/\/moir.com.co\/web\/wp-json\/wp\/v2\/posts\/575","targetHints":{"allow":["GET"]}}],"collection":[{"href":"https:\/\/moir.com.co\/web\/wp-json\/wp\/v2\/posts"}],"about":[{"href":"https:\/\/moir.com.co\/web\/wp-json\/wp\/v2\/types\/post"}],"author":[{"embeddable":true,"href":"https:\/\/moir.com.co\/web\/wp-json\/wp\/v2\/users\/1"}],"replies":[{"embeddable":true,"href":"https:\/\/moir.com.co\/web\/wp-json\/wp\/v2\/comments?post=575"}],"version-history":[{"count":0,"href":"https:\/\/moir.com.co\/web\/wp-json\/wp\/v2\/posts\/575\/revisions"}],"wp:attachment":[{"href":"https:\/\/moir.com.co\/web\/wp-json\/wp\/v2\/media?parent=575"}],"wp:term":[{"taxonomy":"category","embeddable":true,"href":"https:\/\/moir.com.co\/web\/wp-json\/wp\/v2\/categories?post=575"},{"taxonomy":"post_tag","embeddable":true,"href":"https:\/\/moir.com.co\/web\/wp-json\/wp\/v2\/tags?post=575"}],"curies":[{"name":"wp","href":"https:\/\/api.w.org\/{rel}","templated":true}]}}