{"id":572,"date":"2004-08-11T07:00:00","date_gmt":"2004-08-11T07:00:00","guid":{"rendered":"https:\/\/moir.org.co\/web\/moir-fsp-ptc-y-movimiento-comunal-y-comunitario-pactaron-alianzas-en-el-huila-en-torno-a-listas-para-asamblea-y-alcaldia\/"},"modified":"2004-08-11T07:00:00","modified_gmt":"2004-08-11T07:00:00","slug":"moir-fsp-ptc-y-movimiento-comunal-y-comunitario-pactaron-alianzas-en-el-huila-en-torno-a-listas-para-asamblea-y-alcaldia","status":"publish","type":"post","link":"https:\/\/moir.com.co\/web\/moir-fsp-ptc-y-movimiento-comunal-y-comunitario-pactaron-alianzas-en-el-huila-en-torno-a-listas-para-asamblea-y-alcaldia\/","title":{"rendered":"MOIR, FSP, PTC Y MOVIMIENTO COMUNAL Y COMUNITARIO PACTARON ALIANZAS EN EL HUILA EN TORNO A LISTAS PARA ASAMBLEA Y ALCALD\u00cdA"},"content":{"rendered":"<p>El senador por la Unidad C\u00edvica y Agraria Moir- Jorge Enrique Robledo, vaticin\u00f3 que el Referendo del presidente Uribe ser\u00e1 derrotado, al celebrar la decisi\u00f3n del Partido Liberal de sumarse a la abstenci\u00f3n activa. El dirigente de la izquierda, quien particip\u00f3 ayer en esta ciudad en importantes conferencias sobre el Alca y el Referendo, dijo que aprobar el proyecto de reelecci\u00f3n ser\u00eda una irresponsabilidad con el pa\u00eds. Sobre estos temas Robledo respondi\u00f3 interrogantes de LA NACION.<\/p>\n<p>\u00bfQue opini\u00f3n le merece la decisi\u00f3n del Partido Liberal de declarar la abstenci\u00f3n al Referendo?<br \/>\nCreo que esa decisi\u00f3n es la que corresponde a los m\u00e1s sentidos anhelos de las bases de ese partido. Ya en la Convenci\u00f3n Liberal esa hab\u00eda sido la decisi\u00f3n mayoritaria. As\u00ed tambi\u00e9n lo decidi\u00f3 la Junta de Parlamentarios de ese partido y por \u00faltimo lo ratific\u00f3 la Direcci\u00f3n Nacional. Sin duda que tambi\u00e9n es un gran triunfo de la aguerrida dirigente Piedad C\u00f3rdoba.<\/p>\n<p>\u00bfCree usted que finalmente el Referendo ser\u00e1 derrotado?<br \/>\nCreo que s\u00ed. Quienes recorremos a Colombia sentimos que cada vez m\u00e1s crece el n\u00famero de colombianos que entienden que el Referendo no es contra la politiquer\u00eda y la corrupci\u00f3n sino en contra de los ingresos de los trabajadores y de los pensionados, en lo econ\u00f3mico, y en lo pol\u00edtico en contra de los sectores minoritarios y de oposici\u00f3n. Luego, es natural que cada vez m\u00e1s colombianos tengan como decisi\u00f3n definitiva no votar.<\/p>\n<p>\u00bfLa abstenci\u00f3n al Referendo podr\u00eda empujar al liberalismo a la oposici\u00f3n frente al gobierno del presidente Uribe?<br \/>\nHabr\u00e1 que esperar como evolucionan las cosas, pero sin duda en la dirigencia como en el pueblo liberal, son cada vez m\u00e1s los que entienden que nada bueno puede esperar la naci\u00f3n colombiana de la pol\u00edtica de Uribe de sometimiento al Fondo Monetario Internacional, de inclusi\u00f3n del pa\u00eds en el Alca y de empobrecimiento de las capas medias y populares. Entonces no ser\u00eda raro que la mayor\u00eda del Partido Liberal terminara en franca oposici\u00f3n al gobierno Uribe.<\/p>\n<p>\u00bfEs partidario usted del proyecto de reelecci\u00f3n presidencial?<br \/>\nDe ninguna manera. La reelecci\u00f3n de Uribe ser\u00eda un rompimiento grosero de las normas del juego democr\u00e1tico con las cuales fue elegido. Y ser\u00eda un acto de irresponsabilidad porque en las condiciones de Colombia un presidente, cualquier presidente, s\u00f3lo podr\u00eda sostenerse durante ocho largos a\u00f1os en el poder si recurriera a la m\u00e1s descarada corrupci\u00f3n y al autoritarismo.<\/p>\n<p>\u00bfCu\u00e1les son las expectativas del Moir frente a las elecciones del pr\u00f3ximo 26 de octubre?<br \/>\nVamos a presentar listas de concejos municipales y asambleas en centenares de localidades y en casi todos los departamentos. En el Huila hicimos una alianza con el Frente Social y Pol\u00edtico, el PTC y el Movimiento Comunal y Comunitario, y estamos respaldando entonces la candidatura de Mercedes Lizcano a la Asamblea Departamental y a la Alcald\u00eda de Neiva a Henry Marlo Galvis.<\/p>\n","protected":false},"excerpt":{"rendered":"<p>El senador por la Unidad C\u00edvica y Agraria Moir- Jorge Enrique Robledo, vaticin\u00f3 que el Referendo del presidente Uribe ser\u00e1 derrotado, al celebrar la decisi\u00f3n del Partido Liberal de sumarse a la abstenci\u00f3n activa. El dirigente de la izquierda, quien particip\u00f3 ayer en esta ciudad en importantes conferencias sobre el Alca y el Referendo, dijo [&hellip;]<\/p>\n","protected":false},"author":1,"featured_media":0,"comment_status":"open","ping_status":"open","sticky":false,"template":"","format":"standard","meta":{"advanced_seo_description":"","jetpack_seo_html_title":"","jetpack_seo_noindex":false,"_jetpack_memberships_contains_paid_content":false,"footnotes":""},"categories":[7],"tags":[],"class_list":["post-572","post","type-post","status-publish","format-standard","hentry","category-pronunciamientos-de-organizaciones-sociales"],"jetpack_featured_media_url":"","jetpack-related-posts":[{"id":19724,"url":"https:\/\/moir.com.co\/web\/carta-al-partido-liberal-a-proposito-de-la-abstencion-activa-contra-el-referendo-3\/","url_meta":{"origin":572,"position":0},"title":"CARTA AL PARTIDO LIBERAL A PROP\u00d3SITO DE LA ABSTENCI\u00d3N ACTIVA CONTRA EL REFERENDO","author":"admin","date":"agosto 9, 2004","format":false,"excerpt":"H\u00e9ctor Valencia H., secretario general MOIR Bogot\u00e1, 1\u00ba de septiembre de 2003 Direcci\u00f3n Nacional Liberal Piedad C\u00f3rdoba Ruiz y Juan Manuel L\u00f3pez Cabrales, Copresidentes Ram\u00f3n Ballesteros Prieto, Juan Pablo Camacho, Edith Camerano Fuentes, Martha Diago Castro, Camilo S\u00e1nchez Ortega, Joaqu\u00edn Jos\u00e9 Vives P\u00e9rez y Germ\u00e1n Chica Giraldo, Codirectores Los colombianos\u2026","rel":"","context":"En \u00abTribuna Roja N\u00ba 93, octubre 8 de 2003\u00bb","block_context":{"text":"Tribuna Roja N\u00ba 93, octubre 8 de 2003","link":"https:\/\/moir.com.co\/web\/category\/tribuna-roja\/ediciones-2000-2004\/tribuna-roja-no-93-octubre-8-de-2003\/"},"img":{"alt_text":"","src":"","width":0,"height":0},"classes":[]},{"id":1485,"url":"https:\/\/moir.com.co\/web\/carta-al-partido-liberal-a-proposito-de-la-abstencion-activa-contra-el-referendo\/","url_meta":{"origin":572,"position":1},"title":"CARTA AL PARTIDO LIBERAL A PROP\u00d3SITO DE LA ABSTENCI\u00d3N ACTIVA CONTRA EL REFERENDO","author":"admin","date":"junio 19, 2004","format":false,"excerpt":"Bogot\u00e1, 1\u00ba de septiembre de 2003 Direcci\u00f3n Nacional Liberal Piedad C\u00f3rdoba Ruiz y Juan Manuel L\u00f3pez Cabrales, Copresidentes Ram\u00f3n Ballesteros Prieto, Juan Pablo Camacho, Edith Camerano Fuentes, Martha Diago Castro, Camilo S\u00e1nchez Ortega, Joaqu\u00edn Jos\u00e9 Vives P\u00e9rez y Germ\u00e1n Chica Giraldo, Codirectores. Los colombianos de bien, mayor\u00edas en quienes alienta\u2026","rel":"","context":"En \u00abEscritos del Moir\u00bb","block_context":{"text":"Escritos del Moir","link":"https:\/\/moir.com.co\/web\/category\/moir\/escritos-del-moir\/"},"img":{"alt_text":"","src":"","width":0,"height":0},"classes":[]},{"id":2885,"url":"https:\/\/moir.com.co\/web\/carta-al-partido-liberal-a-proposito-de-la-abstencion-activa-contra-el-referendo-2\/","url_meta":{"origin":572,"position":2},"title":"CARTA AL PARTIDO LIBERAL A PROP\u00d3SITO DE LA ABSTENCI\u00d3N ACTIVA CONTRA EL REFERENDO","author":"admin","date":"marzo 30, 2009","format":false,"excerpt":"H\u00e9ctor Valencia H., secretario general MOIR Bogot\u00e1, 1\u00ba de septiembre de 2003 Direcci\u00f3n Nacional Liberal Piedad C\u00f3rdoba Ruiz y Juan Manuel L\u00f3pez Cabrales, Copresidentes Ram\u00f3n Ballesteros Prieto, Juan Pablo Camacho, Edith Camerano Fuentes, Martha Diago Castro, Camilo S\u00e1nchez Ortega, Joaqu\u00edn Jos\u00e9 Vives P\u00e9rez y Germ\u00e1n Chica Giraldo, Codirectores Los colombianos\u2026","rel":"","context":"En \u00abH\u00e9ctor Valencia\u00bb","block_context":{"text":"H\u00e9ctor Valencia","link":"https:\/\/moir.com.co\/web\/category\/moir\/hector-valencia\/"},"img":{"alt_text":"","src":"","width":0,"height":0},"classes":[]},{"id":476,"url":"https:\/\/moir.com.co\/web\/proclama-de-abstencion-activa-contra-el-referendo\/","url_meta":{"origin":572,"position":3},"title":"PROCLAMA DE ABSTENCI\u00d3N ACTIVA CONTRA EL REFERENDO","author":"admin","date":"agosto 9, 2004","format":false,"excerpt":"Gran Coalici\u00f3n Democr\u00e1tica contra el Referendo, Bogota, 7 de febrero de 2003 Pocos momentos en la historia de Colombia han concitado tanto la unidad de todas y todos los compatriotas que desde distintas perspectivas, democr\u00e1ticas y pluralistas, se han enfrentado a las pol\u00edticas autoritarias y antipopulares de los gobiernos de\u2026","rel":"","context":"En \u00abPronunciamientos de Organizaciones Sociales\u00bb","block_context":{"text":"Pronunciamientos de Organizaciones Sociales","link":"https:\/\/moir.com.co\/web\/category\/pronunciamientos-de-organizaciones-sociales\/"},"img":{"alt_text":"","src":"","width":0,"height":0},"classes":[]},{"id":19781,"url":"https:\/\/moir.com.co\/web\/proclama-de-abstencion-activa-contra-el-referendo-2\/","url_meta":{"origin":572,"position":4},"title":"PROCLAMA DE ABSTENCI\u00d3N ACTIVA CONTRA EL REFERENDO","author":"admin","date":"agosto 10, 2004","format":false,"excerpt":"Pocos momentos en la historia de Colombia han concitado tanto la unidad de todas y todos los compatriotas que desde distintas perspectivas, democr\u00e1ticas y pluralistas, se han enfrentado a las pol\u00edticas autoritarias y antipopulares de los gobiernos de turno. En consecuencia: Las centrales obreras (CUT, CGTD y CTC) y la\u2026","rel":"","context":"En \u00abTribuna Roja N\u00ba 90, marzo 10 de 2003\u00bb","block_context":{"text":"Tribuna Roja N\u00ba 90, marzo 10 de 2003","link":"https:\/\/moir.com.co\/web\/category\/tribuna-roja\/ediciones-2000-2004\/tribuna-roja-no-90-marzo-10-de-2003\/"},"img":{"alt_text":"","src":"","width":0,"height":0},"classes":[]},{"id":589,"url":"https:\/\/moir.com.co\/web\/viernes-10-de-octubre-concentracion-por-la-abstencion-activa-contra-el-referendo-uribista-en-el-liceo-celedon-a-las-8-y-30-d\/","url_meta":{"origin":572,"position":5},"title":"VIERNES 10 DE OCTUBRE: CONCENTRACI\u00d3N POR LA ABSTENCI\u00d3N ACTIVA CONTRA EL REFERENDO URIBISTA EN EL LICEO CELED\u00d3N A LAS 8 Y 30 D","author":"admin","date":"agosto 11, 2004","format":false,"excerpt":"Comit\u00e9 Regional por la Abstenci\u00f3n Activo del Referendo, Santa Marta, octubre 6 de 2003 El Comit\u00e9 por la Abstenci\u00f3n Activa del Referendo en el departamento del Magdalena convoca a todas las fuerzas sociales, gremiales, laborales, productivas, pensionados, padres de familia, estudiantes, amas de casa, empleados a una gran concentraci\u00f3n en\u2026","rel":"","context":"En \u00abPronunciamientos de Organizaciones Sociales\u00bb","block_context":{"text":"Pronunciamientos de Organizaciones Sociales","link":"https:\/\/moir.com.co\/web\/category\/pronunciamientos-de-organizaciones-sociales\/"},"img":{"alt_text":"","src":"","width":0,"height":0},"classes":[]}],"jetpack_sharing_enabled":true,"_links":{"self":[{"href":"https:\/\/moir.com.co\/web\/wp-json\/wp\/v2\/posts\/572","targetHints":{"allow":["GET"]}}],"collection":[{"href":"https:\/\/moir.com.co\/web\/wp-json\/wp\/v2\/posts"}],"about":[{"href":"https:\/\/moir.com.co\/web\/wp-json\/wp\/v2\/types\/post"}],"author":[{"embeddable":true,"href":"https:\/\/moir.com.co\/web\/wp-json\/wp\/v2\/users\/1"}],"replies":[{"embeddable":true,"href":"https:\/\/moir.com.co\/web\/wp-json\/wp\/v2\/comments?post=572"}],"version-history":[{"count":0,"href":"https:\/\/moir.com.co\/web\/wp-json\/wp\/v2\/posts\/572\/revisions"}],"wp:attachment":[{"href":"https:\/\/moir.com.co\/web\/wp-json\/wp\/v2\/media?parent=572"}],"wp:term":[{"taxonomy":"category","embeddable":true,"href":"https:\/\/moir.com.co\/web\/wp-json\/wp\/v2\/categories?post=572"},{"taxonomy":"post_tag","embeddable":true,"href":"https:\/\/moir.com.co\/web\/wp-json\/wp\/v2\/tags?post=572"}],"curies":[{"name":"wp","href":"https:\/\/api.w.org\/{rel}","templated":true}]}}