{"id":5631,"date":"2011-05-18T11:01:56","date_gmt":"2011-05-18T11:01:56","guid":{"rendered":"https:\/\/moir.org.co\/web\/carta-abierta-a-presidente-de-la-republica-dr-juan-manuel-santos\/"},"modified":"2011-05-18T11:01:56","modified_gmt":"2011-05-18T11:01:56","slug":"carta-abierta-a-presidente-de-la-republica-dr-juan-manuel-santos","status":"publish","type":"post","link":"https:\/\/moir.com.co\/web\/carta-abierta-a-presidente-de-la-republica-dr-juan-manuel-santos\/","title":{"rendered":"Carta abierta a Presidente de la Republica Dr. Juan Manuel Santos"},"content":{"rendered":"<p>Los M\u00e9dicos Generales de Colombia, que representamos el 75 % de la fuerza M\u00e9dica de este pa\u00eds, y por nuestra condici\u00f3n natural de ser adem\u00e1s la puerta de entrada de los usuarios al Sistema de Salud, elevamos tambi\u00e9n nuestra voz  ante los recientes hechos relacionados con el llamado \u201cRobo a la Salud\u201d.<br \/>\nEn tal sentido queremos dar a conocer al pa\u00eds entero, que no estamos dispuestos a seguir siendo utilizados por el actual sistema de Salud, como una de las principales barreras en el proceso de atenci\u00f3n a nuestros pacientes, al obligarnos de manera intimidatoria so pena de perder el empleo, a prestar nuestros servicios profesionales de manera inoportuna, incompleta, insuficiente, despersonalizada y a la carrera.<\/p>\n<p>Por todas partes se oye decir que los M\u00e9dicos Generales en Colombia solo formulamos Ibuprofen y que no solicitamos ex\u00e1menes de apoyo diagnostico. Pero lo que la comunidad debe saber es que si no lo hacemos es porque el Sistema de Salud, de la manera como est\u00e1 organizado actualmente, nos lo impide. Todas las EPS han desarrollado estrategias para la \u201cContenci\u00f3n del Gasto\u201d obligando a los M\u00e9dicos Generales a formular \u00fanicamente una reducida lista de medicamentos que no pasan de 20 mol\u00e9culas y a solicitar igualmente un grupo muy reducido de ex\u00e1menes de apoyo diagn\u00f3stico, lo que se traduce claramente en una innecesaria e inconveniente dilataci\u00f3n del proceso de atenci\u00f3n a los pacientes, con la l\u00f3gica consecuencia en la aparici\u00f3n de complicaciones tanto prevenibles como no prevenibles.<\/p>\n<p>No queremos seguir ejerciendo amordazados por el Sistema que nos impide poder brindar a los pacientes la atenci\u00f3n que verdaderamente necesitan.<br \/>\nNo puede ser posible que bajo el actual sistema, el buen m\u00e9dico sea aquel que menos formula, el que no pide ex\u00e1menes y el que atiende el mayor n\u00famero de pacientes en el menor tiempo posible. En tanto que quienes tratan de actuar con responsabilidad ajust\u00e1ndose a los principios \u00e9ticos y morales que por siglos han enaltecido nuestra profesi\u00f3n, son para el Sistema actual elementos inc\u00f3modos e indeseables de los que hay que prescindir en la primera oportunidad.<\/p>\n<p>Creemos que los 17 a\u00f1os transcurridos desde la implementaci\u00f3n de la Ley 100 son un tiempo m\u00e1s que suficiente para que haya quedado demostrada la perversidad del Sistema de Aseguramiento en Salud.  Ya que en nuestro pa\u00eds lejos de ser un verdadero sistema de aseguramiento, se convirti\u00f3 en un aberrante sistema de intermediaci\u00f3n comercial del inviolable derecho a la Salud y a la Vida, en el que si al sistema le va bien es porque a la gente le va mal.<\/p>\n<p>En consecuencia Se\u00f1or Presidente Santos, solicitamos al Gobierno Nacional y al Congreso de la Rep\u00fablica la derogatoria total y definitiva del actual sistema de salud, y en su reemplazo, la creaci\u00f3n de un nuevo Sistema en donde se le d\u00e9 la importancia y protagonismo que le corresponde al MEDICO GENERAL, como f\u00f3rmula esencial de los sistemas que han demostrado mejores resultados en t\u00e9rminos de costo-efectividad en varios pa\u00edses.<\/p>\n<p>Firmado<\/p>\n<p>M\u00c9DICOS GENERALES DE COLOMBIA<\/p>\n","protected":false},"excerpt":{"rendered":"<p>Los M\u00e9dicos Generales de Colombia, que representamos el 75 % de la fuerza M\u00e9dica de este pa\u00eds, y por nuestra condici\u00f3n natural de ser adem\u00e1s la puerta de entrada de los usuarios al Sistema de Salud, elevamos tambi\u00e9n nuestra voz ante los recientes hechos relacionados con el llamado \u201cRobo a la Salud\u201d. En tal sentido [&hellip;]<\/p>\n","protected":false},"author":1,"featured_media":0,"comment_status":"open","ping_status":"open","sticky":false,"template":"","format":"standard","meta":{"advanced_seo_description":"","jetpack_seo_html_title":"","jetpack_seo_noindex":false,"_jetpack_memberships_contains_paid_content":false,"footnotes":""},"categories":[7],"tags":[],"class_list":["post-5631","post","type-post","status-publish","format-standard","hentry","category-pronunciamientos-de-organizaciones-sociales"],"jetpack_featured_media_url":"","jetpack-related-posts":[{"id":4233,"url":"https:\/\/moir.com.co\/web\/la-ciencia-medica-en-colombia-esta-atrasada-20-anos-dice-emilio-yunis\/","url_meta":{"origin":5631,"position":0},"title":"&#8216;La ciencia m\u00e9dica en Colombia est\u00e1 atrasada 20 a\u00f1os&#8217;, dice Emilio Yunis","author":"admin","date":"marzo 23, 2010","format":false,"excerpt":"El reconocido genetista colombiano Emilio Yunis se\u00f1ala que el sistema de salud en Colombia est\u00e1 hecho para atender lo b\u00e1sico. 'No se sabe manejar lo complejo', advierte. El reconocido genetista critica la Emergencia Social. Yunis tambi\u00e9n se muestra preocupado por la mediocridad de los m\u00e9dicos y afirma que la corrupci\u00f3n\u2026","rel":"","context":"En \u00abCiencia\u00bb","block_context":{"text":"Ciencia","link":"https:\/\/moir.com.co\/web\/category\/temas\/ciencia\/"},"img":{"alt_text":"","src":"","width":0,"height":0},"classes":[]},{"id":9979,"url":"https:\/\/moir.com.co\/web\/declaracion-de-la-junta-directiva-de-la-mesa-santandereana-por-el-derecho-a-la-salud-msds-sobre-el-nuevo-modelo-de-atencion-integral-en-salud-mais-de-juan-manuel-santos\/","url_meta":{"origin":5631,"position":1},"title":"Declaraci\u00f3n de la Junta directiva de la Mesa Santandereana por el Derecho a la Salud (MSDS) Sobre el Nuevo Modelo de Atenci\u00f3n Integral en Salud (MAIS) de Juan Manuel Santos","author":"admin","date":"febrero 29, 2016","format":false,"excerpt":"1) Para el ministro Alejandro Gaviria, la nueva Pol\u00edtica de Atenci\u00f3n Integral en Salud (PAIS) y el correspondiente nuevo modelo (MIAS) son un desarrollo de la Ley Estatutaria de Salud y del Plan Nacional de Desarrollo. En ese sentido, el ministro dej\u00f3 claro que ya no se necesitan grandes reformas\u2026","rel":"","context":"En \u00abPronunciamientos de Organizaciones Sociales\u00bb","block_context":{"text":"Pronunciamientos de Organizaciones Sociales","link":"https:\/\/moir.com.co\/web\/category\/pronunciamientos-de-organizaciones-sociales\/"},"img":{"alt_text":"","src":"","width":0,"height":0},"classes":[]},{"id":207,"url":"https:\/\/moir.com.co\/web\/estudiar-medicina-en-colombia\/","url_meta":{"origin":5631,"position":2},"title":"ESTUDIAR MEDICINA EN COLOMBIA","author":"admin","date":"agosto 7, 2004","format":false,"excerpt":"Desde hace casi 10 a\u00f1os el n\u00famero de programas de medicina ha venido en aumento. En la actualidad hay 46 programas registrados en el ICFES y aunque podr\u00eda parecer que existe una sobreoferta de m\u00e9dicos, la verdad es que Colombia no alcanza ni de lejos el promedio de 390 habitantes\u2026","rel":"","context":"En \u00abJuventud Patri\u00f3tica\u00bb","block_context":{"text":"Juventud Patri\u00f3tica","link":"https:\/\/moir.com.co\/web\/category\/juventud-patriotica\/"},"img":{"alt_text":"","src":"","width":0,"height":0},"classes":[]},{"id":7216,"url":"https:\/\/moir.com.co\/web\/medicos-y-academicos-cuestionan-al-ministro-alejandro-gaviria\/","url_meta":{"origin":5631,"position":3},"title":"M\u00e9dicos y acad\u00e9micos cuestionan al ministro Alejandro Gaviria","author":"admin","date":"febrero 4, 2013","format":false,"excerpt":"Esto no se ve\u00eda desde hace mucho rato. Que todo un gremio se le viniera lanza en ristre al ministro del ramo. Resulta que m\u00e1s de 100 m\u00e9dicos, investigadores, acad\u00e9micos y especialistas de la salud de todo el pa\u00eds le enviaron ayer una dura carta al despistado ministro Alejandro Gaviria,\u2026","rel":"","context":"En \u00abRevista de Prensa\u00bb","block_context":{"text":"Revista de Prensa","link":"https:\/\/moir.com.co\/web\/category\/prensa\/revista-de-prensa\/"},"img":{"alt_text":"","src":"","width":0,"height":0},"classes":[]},{"id":8027,"url":"https:\/\/moir.com.co\/web\/el-paro-de-los-medicos-es-totalmente-por-la-salud-respuesta-a-arturo-arguello\/","url_meta":{"origin":5631,"position":4},"title":"El paro de los m\u00e9dicos es totalmente por la salud. Respuesta a Arturo Arg\u00fcello","author":"admin","date":"octubre 31, 2013","format":false,"excerpt":"Con tristeza he le\u00eddo sus dos columnas de los \u00faltimos d\u00edas. En la primera se vino lanza en ristre contra las universidades que forman el recurso humano en salud, haciendo aseveraciones que no consideran casos como el de la Universidad de Antioquia, en donde ni siquiera se cobra matr\u00edcula, y\u2026","rel":"","context":"En \u00abTemas\u00bb","block_context":{"text":"Temas","link":"https:\/\/moir.com.co\/web\/category\/temas\/"},"img":{"alt_text":"","src":"","width":0,"height":0},"classes":[]},{"id":2473,"url":"https:\/\/moir.com.co\/web\/por-que-es-tan-precaria-la-salud-en-colombia\/","url_meta":{"origin":5631,"position":5},"title":"\u201cPOR QU\u00c9 ES TAN PRECARIA LA SALUD EN COLOMBIA\u201d","author":"admin","date":"agosto 19, 2008","format":false,"excerpt":"Oficina de Prensa del senador Jorge Enrique Robledo, Bogot\u00e1, agosto 19 de 2008 Con la instalaci\u00f3n del doctor Carlos Gaviria D\u00edaz, presidente del Polo Democr\u00e1tico Alternativo, del senador Hern\u00e1n Andrade, presidente del Senado de la Rep\u00fablica, y del senador Jorge Enrique Robledo, se realizar\u00e1 la audiencia p\u00fablica \u201cPor qu\u00e9 es\u2026","rel":"","context":"En \u00abJorge Enrique Robledo\u00bb","block_context":{"text":"Jorge Enrique Robledo","link":"https:\/\/moir.com.co\/web\/category\/jorge-enrique-robledo\/"},"img":{"alt_text":"","src":"","width":0,"height":0},"classes":[]}],"jetpack_sharing_enabled":true,"_links":{"self":[{"href":"https:\/\/moir.com.co\/web\/wp-json\/wp\/v2\/posts\/5631","targetHints":{"allow":["GET"]}}],"collection":[{"href":"https:\/\/moir.com.co\/web\/wp-json\/wp\/v2\/posts"}],"about":[{"href":"https:\/\/moir.com.co\/web\/wp-json\/wp\/v2\/types\/post"}],"author":[{"embeddable":true,"href":"https:\/\/moir.com.co\/web\/wp-json\/wp\/v2\/users\/1"}],"replies":[{"embeddable":true,"href":"https:\/\/moir.com.co\/web\/wp-json\/wp\/v2\/comments?post=5631"}],"version-history":[{"count":0,"href":"https:\/\/moir.com.co\/web\/wp-json\/wp\/v2\/posts\/5631\/revisions"}],"wp:attachment":[{"href":"https:\/\/moir.com.co\/web\/wp-json\/wp\/v2\/media?parent=5631"}],"wp:term":[{"taxonomy":"category","embeddable":true,"href":"https:\/\/moir.com.co\/web\/wp-json\/wp\/v2\/categories?post=5631"},{"taxonomy":"post_tag","embeddable":true,"href":"https:\/\/moir.com.co\/web\/wp-json\/wp\/v2\/tags?post=5631"}],"curies":[{"name":"wp","href":"https:\/\/api.w.org\/{rel}","templated":true}]}}