{"id":555,"date":"2004-08-10T07:00:00","date_gmt":"2004-08-10T07:00:00","guid":{"rendered":"https:\/\/moir.org.co\/web\/acuerdo-politico-del-moir-y-el-candidato-a-la-alcaldia-de-lerida-tolima\/"},"modified":"2004-08-10T07:00:00","modified_gmt":"2004-08-10T07:00:00","slug":"acuerdo-politico-del-moir-y-el-candidato-a-la-alcaldia-de-lerida-tolima","status":"publish","type":"post","link":"https:\/\/moir.com.co\/web\/acuerdo-politico-del-moir-y-el-candidato-a-la-alcaldia-de-lerida-tolima\/","title":{"rendered":"ACUERDO POLITICO DEL MOIR Y EL CANDIDATO A LA ALCALDIA DE LERIDA, TOLIMA,"},"content":{"rendered":"<p>L\u00e9rida, Tolima, agosto 25 de 2003<\/p>\n<p>DR. GUILLERMO TORRES<\/p>\n<p>Como producto de las medidas econ\u00f3micas y pol\u00edticas aplicadas de manera sistem\u00e1tica desde hace mas de una d\u00e9cada, por los sucesivos gobiernos neoliberales, que cumpliendo los acuerdos y ordenes del F M I y su Banco Mundial, controlados por Estados Unidos, Colombia, el Tolima y el Municipio de L\u00e9rida padecen la m\u00e1s profunda crisis de toda su historia.<\/p>\n<p>Cada mandatario que ha gobernado al Pa\u00eds ha dejado una estela de ruina, de pobreza, de desempleo y descomposici\u00f3n social en la naci\u00f3n; pero el actual, el de Uribe Velez, esta batiendo todas las marcas de sus antecesores.<\/p>\n<p>En solo un a\u00f1o de mandato ha acelerado la entrega de la soberan\u00eda nacional desatando una rufla de reformas y medidas que han golpeado a los Trabajadores, Empresarios Nacionales, Agricultores y al pueblo colombiano. Las reformas Laboral, Tributaria, Pensional, Liquidaci\u00f3n, Privatizaci\u00f3n y Marchitamiento de empresas y entidades sociales del Estado como: Telecom, Seguro Social, Ecopetrol, el SENA, ICBF, Empresas de Servicios P\u00fablicos, del sector el\u00e9ctrico, y de la salud y la educaci\u00f3n p\u00fablica ha sido el pan de cada d\u00eda de \u00e9ste gobierno.<\/p>\n<p>Menci\u00f3n aparte merecen las medidas con las que se ha ensa\u00f1ado contra el departamento del Tolima, La Electrificadora patrimonio de los Tolimenses ha sido liquidada de un plumazo, previa militarizaci\u00f3n como ocurri\u00f3 con Telecom, dejando en la calle a cientos y miles de trabajadores; al sector agropecuario se le golpea con rebaja en los precios de sus cultivos y masivas importaciones como el arroz, principal rengl\u00f3n agroindustrial del Tolima; a la educaci\u00f3n y la salud se le recortan cada d\u00eda mas sus transferencias y participaciones poniendo en aprietos graves a los municipios, hospitales y colegios p\u00fablicos.<\/p>\n<p>Ante este panorama de la realidad nacional, departamental y local e identificados plenamente en la necesidad de aglutinarnos y oponernos mediante la RESISTENCIA CIVIL a las medidas y reformas en marcha y las que se anuncian por parte del gobierno nacional, es que las Fuerzas Pol\u00edticas Patri\u00f3ticas y democr\u00e1ticas, el MOIR y el PARTIDO LIBERAL COLOMBIANO, representado en el candidato a la Alcald\u00eda de L\u00e9rida Dr. GUILLERMO TORRES, hemos decidido tambi\u00e9n emprender en esta contienda electoral, una campa\u00f1a conjunta contra el tramposo y envenenado REFERENDO, e impulsar la ASBTENCI\u00d3N ACTIVA para hundir este esperpento Uribista.<\/p>\n<p>As\u00ed mismo, aprovechar para esclarecer en estos comicios electorales a los m\u00e1s amplios sectores sociales La Pretensi\u00f3n del Gobierno de Uribe Velez, de imponer La Apertura Total en contra del inter\u00e9s nacional, de industriales, y agricultores y dem\u00e1s sectores del pueblo a trav\u00e9s del Area de Libre Comercio de las Am\u00e9ricas &#8220;ALCA&#8221; o acuerdos bilaterales que buscan recolonizar nuestra Patria en la Pol\u00edtica Imperial Norteamericana<\/p>\n<p>Con estas banderas y estos prop\u00f3sitos vamos a votar el Domingo 26 de Octubre por el Dr. GUILLERMO TORRES a LA ALCALDIA y JAIME GONZALEZ al CONCEJO DE LERIDA.<\/p>\n<p>POR LA DEFENSA DE LA SOBERANIA, EL TRABAJO Y LA PRODUCCION NACIONAL.<\/p>\n<p>POR:, LA DEFENSA DEL PATRIMONIO PUBLICO, EL EMPLEO, LOS SALARIOS DE LOS TRABAJADORES Y PENSIONADOS, LA SALUD Y LA EDUCACION PUBLICA Y NO MAS IMPUESTOS.<\/p>\n<p>VOTE POR: EL DR. GUILLERMO TORRES A LA ALCALDIA Y JAIME GONZALEZ AL CONCEJO.<\/p>\n<p>Este acuerdo esta respaldado y avalado por el senador del MOIR, JORGE ENRIQUE ROBLEDO C.<\/p>\n<p>&#8220;NO AL ALCA&#8221;<\/p>\n<p>\u00a1ABSTENCI\u00d3N!<\/p>\n<p>CONTRA EL REFERENDO<\/p>\n<p>NO CAIGA EN LA TRAMPA \u00a1NO LO VOTE!<\/p>\n<p>MOVIMIENTO OBRERO INDEPENDIENTE Y REVOLUCIONARIO &#8220;MOIR&#8221;<br \/>\nEDUARDO MU\u00d1ETON B<br \/>\nSecretario Regional Magdalena Medio<\/p>\n<p>JAIME GONZ\u00c1LEZ<br \/>\nCandidato al CONCEJO<\/p>\n<p>DR. GERMAN GONZ\u00c1LEZ<br \/>\nSecretario Local<\/p>\n<p>PARTIDO LIBERAL COLOMBIANO, MUNICIPIO DE LERIDA<br \/>\nDR. GUILLERMO TORRES<br \/>\nCandidato a la Alcald\u00eda<\/p>\n<p>RAUL VARGAS<br \/>\nPresidente Directorio Municipal<\/p>\n","protected":false},"excerpt":{"rendered":"<p>L\u00e9rida, Tolima, agosto 25 de 2003 DR. GUILLERMO TORRES Como producto de las medidas econ\u00f3micas y pol\u00edticas aplicadas de manera sistem\u00e1tica desde hace mas de una d\u00e9cada, por los sucesivos gobiernos neoliberales, que cumpliendo los acuerdos y ordenes del F M I y su Banco Mundial, controlados por Estados Unidos, Colombia, el Tolima y el [&hellip;]<\/p>\n","protected":false},"author":1,"featured_media":0,"comment_status":"open","ping_status":"open","sticky":false,"template":"","format":"standard","meta":{"advanced_seo_description":"","jetpack_seo_html_title":"","jetpack_seo_noindex":false,"_jetpack_memberships_contains_paid_content":false,"footnotes":""},"categories":[7],"tags":[],"class_list":["post-555","post","type-post","status-publish","format-standard","hentry","category-pronunciamientos-de-organizaciones-sociales"],"jetpack_featured_media_url":"","jetpack-related-posts":[{"id":20661,"url":"https:\/\/moir.com.co\/web\/tragicamente-perecen-dos-camaradas\/","url_meta":{"origin":555,"position":0},"title":"TR\u00c1GICAMENTE PERECEN DOS CAMARADAS","author":"admin","date":"enero 31, 2005","format":false,"excerpt":"El 30 de abril murieron Ibagu\u00e9, en un accidente de tr\u00e1nsito, los queridos camaradas Arcesio Vieda y F\u00e9lix Amaya dirigentes del MOIR en el Tolima. Arcesio hab\u00eda nacido en Garz\u00f3n, Huila, hace 32 a\u00f1os. En 1972 ingres\u00f3 a las filas del Partido y pronto se constituy\u00f3 en l\u00edder de la\u2026","rel":"","context":"En \u00abTribuna Roja N\u00b043, Bogot\u00e1; mayo de 1982\u00bb","block_context":{"text":"Tribuna Roja N\u00b043, Bogot\u00e1; mayo de 1982","link":"https:\/\/moir.com.co\/web\/category\/tribuna-roja\/ediciones-1980-1984\/tribuna-roja-n43-bogota-mayo-de-1982\/"},"img":{"alt_text":"","src":"","width":0,"height":0},"classes":[]},{"id":9985,"url":"https:\/\/moir.com.co\/web\/instalado-comite-del-tolima-pro-referendo-por-el-agro-nacional\/","url_meta":{"origin":555,"position":1},"title":"Instalado Comit\u00e9 del Tolima Pro-referendo por el Agro Nacional","author":"admin","date":"marzo 3, 2016","format":false,"excerpt":"En el Hotel \u00c1mbala de la ciReferendo por el Agro febreroudad de Ibagu\u00e9 se reunieron productores agropecuarios y dirigentes gremiales de Dignidad Agropecuaria Colombiana, de quince municipios del departamento, con el fin de instalar el Comit\u00e9 Departamental Pro-Referendo por el Agro Nacional. Esta propuesta pretende modificar 4 art\u00edculos de la\u2026","rel":"","context":"En \u00abPronunciamientos de Organizaciones Sociales\u00bb","block_context":{"text":"Pronunciamientos de Organizaciones Sociales","link":"https:\/\/moir.com.co\/web\/category\/pronunciamientos-de-organizaciones-sociales\/"},"img":{"alt_text":"","src":"","width":0,"height":0},"classes":[]},{"id":3834,"url":"https:\/\/moir.com.co\/web\/proclamada-ayer-olga-b-gonzalez-como-candidata-a-la-camara-por-tolima-en-formula-con-robledo\/","url_meta":{"origin":555,"position":2},"title":"Proclamada ayer Olga B. Gonz\u00e1lez como candidata a la C\u00e1mara por Tolima en f\u00f3rmula con Robledo","author":"admin","date":"diciembre 4, 2009","format":false,"excerpt":"Olga Beatriz Gonz\u00e1lez fue proclamada ayer en el Hotel Ambal\u00e1, de Ibagu\u00e9, como candidata a la C\u00e1mara de Representantes para el per\u00edodo 2010-2014. La reconocida fundadora y dirigente nacional del Polo har\u00e1 f\u00f3rmula con el senador Jorge Enrique Robledo. Olga B., como es conocida en el departamento, fue la candidata\u2026","rel":"","context":"En \u00abJorge Enrique Robledo\u00bb","block_context":{"text":"Jorge Enrique Robledo","link":"https:\/\/moir.com.co\/web\/category\/jorge-enrique-robledo\/"},"img":{"alt_text":"","src":"","width":0,"height":0},"classes":[]},{"id":20797,"url":"https:\/\/moir.com.co\/web\/si-no-hay-acuerdo-sobre-estratificacion-y-tarifas-desobediencia-civil-en-el-magdalena-medio\/","url_meta":{"origin":555,"position":3},"title":"Si no hay acuerdo sobre estratificaci\u00f3n y tarifas: DESOBEDIENCIA CIVIL EN EL MAGDALENA MEDIO","author":"admin","date":"abril 11, 2005","format":false,"excerpt":"Por Norman Alarc\u00f3n Rodas El 6 de noviembre, en el auditorio de la C\u00e1mara de Comercio de La Dorada, se realiz\u00f3 el Foro sobre Estratificaci\u00f3n, Tarifas y Desmonte de Subsidios, convocado por el Comit\u00e9 Intergremial del Magdalena Medio. Asistieron delegados de trece municipios: La Dorada, Marquetalia, Saman\u00e1, Victoria y Manzanares,\u2026","rel":"","context":"En \u00abTribuna Roja N\u00b0 68, Bogot\u00e1; noviembre 13 de 1996\u00bb","block_context":{"text":"Tribuna Roja N\u00b0 68, Bogot\u00e1; noviembre 13 de 1996","link":"https:\/\/moir.com.co\/web\/category\/tribuna-roja\/ediciones-1995-1999\/tribuna-roja-n-68-bogota-noviembre-13-de-1996\/"},"img":{"alt_text":"","src":"","width":0,"height":0},"classes":[]},{"id":9561,"url":"https:\/\/moir.com.co\/web\/en-tolima-y-huila-el-senador-robledo-arranco-su-vuelta-a-colombia-estepaissitienearreglo\/","url_meta":{"origin":555,"position":4},"title":"En Tolima y Huila, el senador Robledo arranc\u00f3 su vuelta a Colombia #EstePa\u00edsS\u00edTieneArreglo","author":"admin","date":"agosto 6, 2015","format":false,"excerpt":"En una buseta marcada con la frase \u201cEste pa\u00eds s\u00ed tiene arreglo\u201d Robledo recorrer\u00e1 120 municipios en 20 departamentos respaldando a los candidatos del Polo. 14 municipios de Tolima y Huila visit\u00f3 Robledo en la primera fase de la vuelta a Colombia. Este fin de semana visitar\u00e1 Nari\u00f1o y Putumayo.\u2026","rel":"","context":"En \u00abJorge Enrique Robledo\u00bb","block_context":{"text":"Jorge Enrique Robledo","link":"https:\/\/moir.com.co\/web\/category\/jorge-enrique-robledo\/"},"img":{"alt_text":"","src":"","width":0,"height":0},"classes":[]},{"id":20889,"url":"https:\/\/moir.com.co\/web\/el-moir-con-dieciocho-concejales-y-tres-diputados\/","url_meta":{"origin":555,"position":5},"title":"EL MOIR, CON DIECIOCHO CONCEJALES Y TRES DIPUTADOS","author":"admin","date":"mayo 1, 2005","format":false,"excerpt":"El MOIR cuenta con dieciocho concejales y tres diputados, adem\u00e1s de buen n\u00famero de aliados en los distintos departamentos. Los diputados son Aurelio Su\u00e1rez, secretario regional de Risaralda; Ra\u00fal Arroyave, dirigente de Fecode, en Cesar, y Omar Bar\u00f3n, en Caquet\u00e1. Ra\u00fal Horacio Mec\u00edas, segundo rengl\u00f3n en una lista efectiva a\u2026","rel":"","context":"En \u00abTribuna Roja N\u00b0 58, Bogot\u00e1; marzo 11 de 1995\u00bb","block_context":{"text":"Tribuna Roja N\u00b0 58, Bogot\u00e1; marzo 11 de 1995","link":"https:\/\/moir.com.co\/web\/category\/tribuna-roja\/ediciones-1995-1999\/tribuna-roja-n-58-bogota-marzo-11-de-1995\/"},"img":{"alt_text":"","src":"","width":0,"height":0},"classes":[]}],"jetpack_sharing_enabled":true,"_links":{"self":[{"href":"https:\/\/moir.com.co\/web\/wp-json\/wp\/v2\/posts\/555","targetHints":{"allow":["GET"]}}],"collection":[{"href":"https:\/\/moir.com.co\/web\/wp-json\/wp\/v2\/posts"}],"about":[{"href":"https:\/\/moir.com.co\/web\/wp-json\/wp\/v2\/types\/post"}],"author":[{"embeddable":true,"href":"https:\/\/moir.com.co\/web\/wp-json\/wp\/v2\/users\/1"}],"replies":[{"embeddable":true,"href":"https:\/\/moir.com.co\/web\/wp-json\/wp\/v2\/comments?post=555"}],"version-history":[{"count":0,"href":"https:\/\/moir.com.co\/web\/wp-json\/wp\/v2\/posts\/555\/revisions"}],"wp:attachment":[{"href":"https:\/\/moir.com.co\/web\/wp-json\/wp\/v2\/media?parent=555"}],"wp:term":[{"taxonomy":"category","embeddable":true,"href":"https:\/\/moir.com.co\/web\/wp-json\/wp\/v2\/categories?post=555"},{"taxonomy":"post_tag","embeddable":true,"href":"https:\/\/moir.com.co\/web\/wp-json\/wp\/v2\/tags?post=555"}],"curies":[{"name":"wp","href":"https:\/\/api.w.org\/{rel}","templated":true}]}}