{"id":554,"date":"2004-08-10T07:00:00","date_gmt":"2004-08-10T07:00:00","guid":{"rendered":"https:\/\/moir.org.co\/web\/no-al-alca-dijeron-campesinos\/"},"modified":"2004-08-10T07:00:00","modified_gmt":"2004-08-10T07:00:00","slug":"no-al-alca-dijeron-campesinos","status":"publish","type":"post","link":"https:\/\/moir.com.co\/web\/no-al-alca-dijeron-campesinos\/","title":{"rendered":"NO AL ALCA DIJERON CAMPESINOS"},"content":{"rendered":"<p>El Nuevo D\u00eda, Ibagu\u00e9, agosto 13 de 2003<\/p>\n<p>M\u00e1s de 25 mil agricultores y campesinos convocados por el movimiento Salvaci\u00f3n Agropecuaria de Colombia, que lidera Angel Mar\u00eda Caballero se dieron cita ayer en Bogot\u00e1 para decirle definitivamente no al ALCA y no a un tratado de integraci\u00f3n comercial bilateral con Estados Unidos.<br \/>\nLa marcha que sali\u00f3 a las 11 de la ma\u00f1ana de la plaza de toros de Santamar\u00eda lleg\u00f3 a la plaza de Bolivar empezando la tarde. Las personas que integraron la protesta se valieron de elementos aleg\u00f3ricos del campesinado y de sus productos como panela, caf\u00e9 y arroz para simbolizar que el concepto de naci\u00f3n comienza en el territorio colombiano, y que por ello no aceptan que la devaluaci\u00f3n siga afectando sus m\u00e1rgenes de productividad y mucho menos que la falta de condiciones crediticias los haya sumergido ante la imposibilidad de sembrar en gran val\u00eda un determinado producto.<br \/>\nEstos hombres, que viven de la agricultura, manifestaron p\u00fablicamente que merecen mejor tratamiento y posibilidades efectivas de negociar sus productos.<\/p>\n<p>25 mil personas apoyaron marcha de Salvaci\u00f3n Agropecuaria Campesinos dijeron no al ALCA<\/p>\n<p>Por Oscar A Var\u00f3n B<\/p>\n<p>Con un rotundo no, las asociaciones campesinas afiliadas a Salvaci\u00f3n Agropecuaria rechazaron una eventual negociaci\u00f3n en el marco del \u00c1rea de Libre Comercio de las Am\u00e9ricas, ALCA o un acuerdo bilateral con Estados Unidos.<br \/>\n\u201cEl balance de la marcha nacional agropecuaria es muy positivo. Finalmente se reunieron 25 mil personas provenientes de diversas partes del pa\u00eds para notificarle al Gobierno nacional que nos oponemos rotundamente a que el sector agrario sea integrado al ALCA, y mucho menos que haga parte de una eventual negociaci\u00f3n bilateral con Norteam\u00e9rica\u201d, se\u00f1al\u00f3 Angel Mar\u00eda Caballero, presidente del movimiento por la Salvaci\u00f3n Agroepcuaria de Colombia.<br \/>\nIgualmente, los campesinos y agricultores, que se dieron cita en la plaza de toros de Santamar\u00eda iniciaron su caminata con consignas que reflejaron su desacuerdo con la forma en que el Gobierno viene negociando la subsistencia alimentaria con la que millones de colombianos derivan su sustento diario.<br \/>\n\u201cNuestra posici\u00f3n es clara no apoyamos el proceso de integraci\u00f3n por considerarlo altamente nocivo para la econom\u00eda rural\u201d, precis\u00f3 Caballero, quien estuvo acompa\u00f1ado por otros l\u00edderes como los parlamentarios Jorge Robledo, Jairo Cu\u00e9llar Devia, Bernardo Hoyos y por el l\u00edder cafetero Aurelio Su\u00e1rez.<\/p>\n<p>Oposici\u00f3n<br \/>\nEn esta oportunidad, los agricultores provenientes de lugares tan apartados como Casanare y Nari\u00f1o tuvieron tiempo para compartir sus necesidades entre la que se encuentra la falta de cr\u00e9ditos individuales y la poca posibilidad que tienen de comercializar sus productos.<br \/>\nEn cuanto al tema cafetero, el senador Robledo precis\u00f3 que con una carga de 315 mil pesos, apenas un productor paga 31 jornales en la actualidad, cuando en 1998 cuando la carga se hab\u00eda fijado en 64 mil 683 pesos se pod\u00eda pagar 60 jornadas de trabajo, lo que indica que la constante devaluaci\u00f3n ha sido perjudicial para la siembra y la comercializaci\u00f3n de los productos agrarios y ha ido en contrav\u00eda de sus posibilidades de desarrollo. Dicha situaci\u00f3n se ha visto aumentada cuando las importaciones entran al mercado a precios muy baratos.<br \/>\nPor su parte, Caballero indic\u00f3 que \u201cal tema de la devaluaci\u00f3n se suma el incremento de los insumos y los agroqu\u00edmicos que presentaron una escalada del 40 por ciento en seis meses, afectando con ello la productividad arrocera y de otros cultivos semestrales. \u00bfPor qu\u00e9 la disparada en el valor de los insumos no respeta los \u00edndices inflacionarios?\u201d, recalc\u00f3 Caballero, quien agreg\u00f3 que es injusto que este valor lo paguen los agricultores a costa de su sudor y de su escasa rentabiliddad econ\u00f3mica.<br \/>\nPara finalizar, las asociaciones campesinas precisaron que los resultados en materia de generaci\u00f3n de empleo en el campo, presentados por el Ministro de Agricultura, Carlos Gustavo Cano, no corresponden a la realidad que se vive en el campo colombiano.<\/p>\n<p>En esta oportunidad, los 25 mil campesinos reunidos en la capital exigieron mayor atenci\u00f3n para los problemas que afrontan d\u00eda a d\u00eda, y que con el pasar de los a\u00f1os aumenta.<br \/>\nPor el momento, los agricultores rechazan la conversi\u00f3n agraria y la participaci\u00f3n de Colombia en un acuerdo bilateral, pues de lo contrario entrar\u00e1n a tomarse las carreteras del pa\u00eds.<\/p>\n<p>M\u00e1s de cinco mil personas marcharon en Ibagu\u00e9. Paro nacional sin incidentes<\/p>\n<p>La carrera Quinta fue el escenario de la marcha de los trabajadores del Tolima que participaron en el paro c\u00edvico nacional.<\/p>\n<p>Con la participaci\u00f3n de m\u00e1s de cinco mil personas que salieron a protestar en la ciudad de Ibagu\u00e9, se cumpli\u00f3 el Paro C\u00edvico Nacional en esta capital. Los trabajadores y empleados rechazaron en\u00e9rgicamente la propuesta de Diego Palacio, Ministro de Protecci\u00f3n Social, quien adelantar\u00e1 un proyecto que regula la edad de pensiones para hombres y mujeres, y que adem\u00e1s se\u00f1ala que en el futuro algunas mesadas no sobrepasar\u00e1n un salario m\u00ednimo mensual vigente.<br \/>\nPor otra parte, los trabajadores se\u00f1alaron que el Referendo pol\u00edtico propuesto por el alto Gobierno ser\u00eda improcedente, pues los recortes para salud, educaci\u00f3n y vivienda ser\u00edan inminentes. Lo sindicalistas denunciaron que los cambios estructurales que adelanta la administraci\u00f3n son para beneficiar el mercado de capitales externos, en el marco del ALCA.<\/p>\n<p>M\u00e1s de cinco mil personas protestaron. Por la dignidad y el trabajo<\/p>\n<p>Por Oscar A Var\u00f3n B<\/p>\n<p>El paro c\u00edvico nacional que se llev\u00f3 a cabo el d\u00eda anterior en la ciudad de Ibagu\u00e9 recogi\u00f3 las quejas de m\u00e1s de cinco mil personas que marcharon por la carrera Quinta hasta llegar al parque Manuel Murillo Toro, las cuales protestaron en contra del alza en el costo de los servicios p\u00fablicos, el desmejoramiento en la salud, las menores posibilidades que existen en la actualidad de acceder al mundo laboral en condiciones dignas y el Referendo pol\u00edtico.<br \/>\nIgualmente, hubo un rechazo generalizado en contra de la nueva reforma pensional propuesta por el Ministro de Trabajo y contra las medidas autoritarias del gobierno de Alvaro Uribe V\u00e9lez, que seg\u00fan los representantes de los sindicatos est\u00e1n enfocadas a limpiar las finanzas nacionales para permitir que los capitales del ALCA entren libremente a apoderarse de lo que queda del aparato productivo de los colombianos.<br \/>\nEn esta oportunidad participaron docentes del magisterio, empleados del hospital Federico Lleras, estudiantes del SENA, trabajadores del Instituto Colombiano de Bienestar Familiar, habitantes de barrios de la ciudad, las asociaciones de pensionados, los trabajadores del campo adscritos a Sintragritol y una buena parte de desempleados ibaguere\u00f1os que reclamaron posibilidades de acceso al mundo laboral.<\/p>\n<p>Voces y reclamos<br \/>\nPara Libardo Andrade, presidente de Sintraseguridad Social, la escisi\u00f3n del Instituto de los Seguros Sociales en Empresa Social del Estado no ha colmado los anuncios y las expectativas se\u00f1aladas por el Gobierno.<br \/>\n&#8220;En la actualidad, los servicios m\u00e9dicos y la denominada mejor atenci\u00f3n a los usuarios no se ha visto por ninguna parte. Tambi\u00e9n, a los empleados de la ESE Policarpa Salavarrieta no se les ha pagado su salario.<br \/>\nPor otra parte, el sindicato tiene conocimiento de que los trabajadores en el pa\u00eds han elevado demandas que le pueden significar a la instituci\u00f3n el pago hasta de un bill\u00f3n de pesos por incumplimiento de la convenci\u00f3n colectiva y otros acuerdos que por improvisaci\u00f3n no se debieron tomar bajo decreto gubernamental&#8221;, indic\u00f3 Andrade.<br \/>\nOtro de los aspectos relacionados con el paro es el que tiene que ver con el SENA, en donde el recorte presupuestal ascendi\u00f3 a 144 mil millones de pesos, lo cual viene afectando los diferentes programas que imparte la instituci\u00f3n.<br \/>\n&#8220;El punto 14 del Referendo, en donde se expresa que se congelar\u00e1 el presupuesto de atenci\u00f3n, perjudicar\u00e1 a los municipios del departamento del Tolima y del pa\u00eds en general, cuyo acceso a la educaci\u00f3n se ver\u00eda disminuida sustancialmente&#8221;, sostuvo, Leonel Gonz\u00e1lez, miembro de Sindesena.<br \/>\nPor otra parte, el tema Telecom son\u00f3 bastante en la protesta, pues aunque las facturas ya han comenzado a llegar a los hogares de los tolimenses y se aplicar\u00e1 efectivamente el Ret\u00e9n Social para casos especiales, la militarizaci\u00f3n de la entidad y su liquidaci\u00f3n dej\u00f3 a seis mil 300 personas sin empleo en el pa\u00eds, quienes al parecer el DANE no ha querido rese\u00f1ar en sus informes mensuales de desempleo, as\u00ed lo rese\u00f1\u00f3 Horacio Sierra, representante y presidente del Sindicato de Telecom.<br \/>\n&#8220;Sumado con los trabajadores de las teleasociadas, la cifra sobrepasa los nueve mil desempleados, lo cual es muy delicado si se tiene en cuenta que el indicador de desempleo es muy alto en Colombia y mucho m\u00e1s si observa que las fuentes de empleo son cada vez m\u00e1s reducidas en el contexto nacional y regional principalmente&#8221;, precis\u00f3 Sierra.<\/p>\n<p>Funci\u00f3n Social<br \/>\nPara Pedro Var\u00f3n, presidente de la Central Unitaria de Trabajadores, CUT, este paro se realiz\u00f3 por la defensa de la funci\u00f3n social del Estado, cuyo debilitamiento est\u00e1 representado en las reformas jur\u00eddicas, en el Referendo y en las negociaciones de libre comercio, y en el desmejoramiento de las condiciones de vida de todas las personas, a quienes el dinero cada vez les alcanza menos para satisfacer sus necesidades b\u00e1sicas.<br \/>\n&#8220;Congelar el gasto social a trav\u00e9s del Referendo no es una medida acertada, mucho m\u00e1s si se tiene en cuenta los problemas de salud, empleo, educativos y de vivienda que afronta el Tolima&#8221;, afirm\u00f3 Var\u00f3n<br \/>\nAdicionalmente, los marchantes protestaron en\u00e9rgicamente contra el estatuto antiterrorista que cursa en el Congreso, por cuanto este violar\u00eda las libertades de los ciudadanos y abrir\u00eda paso a una dictadura presidencial.<br \/>\nEn el tema de la reforma pensional, que igualar\u00eda la edad de los hombres y las mujeres para acceder a este derecho, y que de plano reduce el margen de pensi\u00f3n a menos de lo que equivale un salario m\u00ednimo, Pedro Var\u00f3n calific\u00f3 de absurda la propuesta.<br \/>\n&#8220;Esto ser\u00eda la miseria total para el trabajador, que adem\u00e1s de no contar con empleos dignos y bien remunerados, ahora tendr\u00eda que trabajar mucho m\u00e1s y salir con una pensi\u00f3n miserable. No es justo que se sacrifique al pueblo con impuestos y con reformas de esta naturaleza que est\u00e1n solamente orientados a financiar la guerra y a pagar la deuda con estamentos internacionales como el Fondo Monetario Internacional, FMI&#8221;, puntualiz\u00f3 Var\u00f3n, quien agreg\u00f3 que estos cambios que el Gobierno nacional adelanta son para permitir que la naci\u00f3n se vuelva atractiva a unos capitales externos que vendr\u00edan a arrasar la econom\u00eda nacional a costa del sacrificio de los trabajadores y del pueblo colombiano.<\/p>\n","protected":false},"excerpt":{"rendered":"<p>El Nuevo D\u00eda, Ibagu\u00e9, agosto 13 de 2003 M\u00e1s de 25 mil agricultores y campesinos convocados por el movimiento Salvaci\u00f3n Agropecuaria de Colombia, que lidera Angel Mar\u00eda Caballero se dieron cita ayer en Bogot\u00e1 para decirle definitivamente no al ALCA y no a un tratado de integraci\u00f3n comercial bilateral con Estados Unidos. La marcha que [&hellip;]<\/p>\n","protected":false},"author":1,"featured_media":0,"comment_status":"open","ping_status":"open","sticky":false,"template":"","format":"standard","meta":{"advanced_seo_description":"","jetpack_seo_html_title":"","jetpack_seo_noindex":false,"_jetpack_memberships_contains_paid_content":false,"footnotes":""},"categories":[7],"tags":[],"class_list":["post-554","post","type-post","status-publish","format-standard","hentry","category-pronunciamientos-de-organizaciones-sociales"],"jetpack_featured_media_url":"","jetpack-related-posts":[{"id":550,"url":"https:\/\/moir.com.co\/web\/miles-de-agricultores-indigenas-y-productores-agropecuarios-desfilaran-en-bogota-contra-el-alca-en-martes-12-de-agosto\/","url_meta":{"origin":554,"position":0},"title":"MILES DE AGRICULTORES IND\u00cdGENAS Y PRODUCTORES AGROPECUARIOS DESFILAR\u00c1N EN BOGOT\u00c1 CONTRA EL ALCA EN MARTES 12 DE AGOSTO","author":"admin","date":"agosto 10, 2004","format":false,"excerpt":"Salvaci\u00f3n Agropecuaria, agosto 8 de 2003 Delegaciones de m\u00e1s de 20 departamentos, de cerca de 200 municipios, representando a los productores colombianos de caf\u00e9, arroz, panela, leche, hortalizas, banano y pl\u00e1tano y de los principales g\u00e9neros agropecuarios, desfilar\u00e1n el martes 12 de agosto, despu\u00e9s del medio d\u00eda, por las calles\u2026","rel":"","context":"En \u00abPronunciamientos de Organizaciones Sociales\u00bb","block_context":{"text":"Pronunciamientos de Organizaciones Sociales","link":"https:\/\/moir.com.co\/web\/category\/pronunciamientos-de-organizaciones-sociales\/"},"img":{"alt_text":"","src":"","width":0,"height":0},"classes":[]},{"id":553,"url":"https:\/\/moir.com.co\/web\/millares-de-campesinos-productores-trabajadores-e-indigenas-marcharon-contra-el-alca\/","url_meta":{"origin":554,"position":1},"title":"MILLARES DE CAMPESINOS, PRODUCTORES, TRABAJADORES E IND\u00cdGENAS MARCHARON CONTRA EL ALCA","author":"admin","date":"agosto 10, 2004","format":false,"excerpt":"Salvaci\u00f3n Agropecuaria, Ibagu\u00e9, 21 Agosto de 2003 M\u00e1s de 20 mil productores del sector agropecuario y otros miles de trabajadores de la ciudad de Bogot\u00e1 marcharon y agitaron sus banderas contra el ALCA o cualquier acuerdo bilateral de comercio con Estados Unidos, y expresaron su decisi\u00f3n a abstenerse de votar\u2026","rel":"","context":"En \u00abPronunciamientos de Organizaciones Sociales\u00bb","block_context":{"text":"Pronunciamientos de Organizaciones Sociales","link":"https:\/\/moir.com.co\/web\/category\/pronunciamientos-de-organizaciones-sociales\/"},"img":{"alt_text":"","src":"","width":0,"height":0},"classes":[]},{"id":640,"url":"https:\/\/moir.com.co\/web\/salvacion-agropecuaria-dira-no-al-alca-y-al-tlc-el-15-de-abril\/","url_meta":{"origin":554,"position":2},"title":"\u00a1SALVACI\u00d3N  AGROPECUARIA DIR\u00c1 NO AL ALCA Y AL TLC EL 15 DE ABRIL!","author":"admin","date":"agosto 11, 2004","format":false,"excerpt":"La Asociaci\u00f3n Nacional por la Salvaci\u00f3n Agropecuaria, seg\u00fan lo convenido con organizaciones agrarias, campesinas, ind\u00edgenas, sindicales y sociales de Colombia, Ecuador, Per\u00fa y Bolivia y de acuerdo al mandato de su VIII Junta Nacional, se movilizar\u00e1 el pr\u00f3ximo jueves 15 de abril en el marco de la Primera Jornada Andina\u2026","rel":"","context":"En \u00abPronunciamientos de Organizaciones Sociales\u00bb","block_context":{"text":"Pronunciamientos de Organizaciones Sociales","link":"https:\/\/moir.com.co\/web\/category\/pronunciamientos-de-organizaciones-sociales\/"},"img":{"alt_text":"","src":"","width":0,"height":0},"classes":[]},{"id":429,"url":"https:\/\/moir.com.co\/web\/por-la-defensa-de-la-produccion-agropecuaria-y-contra-el-alca\/","url_meta":{"origin":554,"position":3},"title":"POR LA DEFENSA DE LA PRODUCCION AGROPECUARIA Y CONTRA EL ALCA","author":"admin","date":"agosto 8, 2004","format":false,"excerpt":"Asociaci\u00f3n Nacional por la Salvaci\u00f3n Agropecuaria, Ibagu\u00e9, julio 6 de 2002 Las pol\u00edticas antiagrarias que han predominado en el pa\u00eds, especialmente a partir de 1990, desde cuando Estados Unidos, el FMI y las dem\u00e1s agencias internacionales de cr\u00e9dito impusieron la globalizaci\u00f3n neoliberal, se intensificar\u00e1n con la entrada en vigor de\u2026","rel":"","context":"En \u00abPronunciamientos de Organizaciones Sociales\u00bb","block_context":{"text":"Pronunciamientos de Organizaciones Sociales","link":"https:\/\/moir.com.co\/web\/category\/pronunciamientos-de-organizaciones-sociales\/"},"img":{"alt_text":"","src":"","width":0,"height":0},"classes":[]},{"id":4,"url":"https:\/\/moir.com.co\/web\/impactos-del-alca-en-la-agricultura\/","url_meta":{"origin":554,"position":4},"title":"IMPACTOS DEL ALCA EN LA AGRICULTURA","author":"admin","date":"junio 20, 2004","format":false,"excerpt":"De los nueve grupos de negociaci\u00f3n que se re\u00fanen peri\u00f3dicamente para agilizar la implementaci\u00f3n del \u00c1rea de Libre Comercio de las Am\u00e9ricas (ALCA), uno trata espec\u00edficamente el tema de la agricultura. Seg\u00fan el anodino texto de presentaci\u00f3n de este grupo, su misi\u00f3n principal es reducir y, con el tiempo, igualar\u2026","rel":"","context":"En \u00ab\u00a1No a los TLC y al ALCA!\u00bb","block_context":{"text":"\u00a1No a los TLC y al ALCA!","link":"https:\/\/moir.com.co\/web\/category\/temas\/no-a-los-tlc-y-al-alca\/"},"img":{"alt_text":"","src":"","width":0,"height":0},"classes":[]},{"id":67,"url":"https:\/\/moir.com.co\/web\/en-las-calles-de-la-paz-se-esta-jugando-el-futuro-del-alca\/","url_meta":{"origin":554,"position":5},"title":"EN LAS CALLES DE LA PAZ SE EST\u00c1 JUGANDO EL FUTURO DEL ALCA","author":"admin","date":"agosto 4, 2004","format":false,"excerpt":"La impresionante insurrecci\u00f3n del pueblo boliviano ya habr\u00eda derrocado al d\u00e9bil gobierno de Gonzalo S\u00e1nchez de Lozada, si no fuera por el apoyo pol\u00edtico y militar de Washington, que visulumbra que una ca\u00edda de su aliado fortalecer\u00e1 el bloque Brasil-Venezuela-Argentina. En La Paz los pobres est\u00e1n arriba y los ricos\u2026","rel":"","context":"En \u00ab\u00a1No a los TLC y al ALCA!\u00bb","block_context":{"text":"\u00a1No a los TLC y al ALCA!","link":"https:\/\/moir.com.co\/web\/category\/temas\/no-a-los-tlc-y-al-alca\/"},"img":{"alt_text":"","src":"","width":0,"height":0},"classes":[]}],"jetpack_sharing_enabled":true,"_links":{"self":[{"href":"https:\/\/moir.com.co\/web\/wp-json\/wp\/v2\/posts\/554","targetHints":{"allow":["GET"]}}],"collection":[{"href":"https:\/\/moir.com.co\/web\/wp-json\/wp\/v2\/posts"}],"about":[{"href":"https:\/\/moir.com.co\/web\/wp-json\/wp\/v2\/types\/post"}],"author":[{"embeddable":true,"href":"https:\/\/moir.com.co\/web\/wp-json\/wp\/v2\/users\/1"}],"replies":[{"embeddable":true,"href":"https:\/\/moir.com.co\/web\/wp-json\/wp\/v2\/comments?post=554"}],"version-history":[{"count":0,"href":"https:\/\/moir.com.co\/web\/wp-json\/wp\/v2\/posts\/554\/revisions"}],"wp:attachment":[{"href":"https:\/\/moir.com.co\/web\/wp-json\/wp\/v2\/media?parent=554"}],"wp:term":[{"taxonomy":"category","embeddable":true,"href":"https:\/\/moir.com.co\/web\/wp-json\/wp\/v2\/categories?post=554"},{"taxonomy":"post_tag","embeddable":true,"href":"https:\/\/moir.com.co\/web\/wp-json\/wp\/v2\/tags?post=554"}],"curies":[{"name":"wp","href":"https:\/\/api.w.org\/{rel}","templated":true}]}}