{"id":553,"date":"2004-08-10T07:00:00","date_gmt":"2004-08-10T07:00:00","guid":{"rendered":"https:\/\/moir.org.co\/web\/millares-de-campesinos-productores-trabajadores-e-indigenas-marcharon-contra-el-alca\/"},"modified":"2004-08-10T07:00:00","modified_gmt":"2004-08-10T07:00:00","slug":"millares-de-campesinos-productores-trabajadores-e-indigenas-marcharon-contra-el-alca","status":"publish","type":"post","link":"https:\/\/moir.com.co\/web\/millares-de-campesinos-productores-trabajadores-e-indigenas-marcharon-contra-el-alca\/","title":{"rendered":"MILLARES DE CAMPESINOS, PRODUCTORES, TRABAJADORES E IND\u00cdGENAS MARCHARON CONTRA EL ALCA"},"content":{"rendered":"<p>Salvaci\u00f3n Agropecuaria, Ibagu\u00e9, 21 Agosto de 2003<\/p>\n<p>M\u00e1s de 20 mil productores del sector agropecuario y otros miles de trabajadores de la ciudad de Bogot\u00e1 marcharon y agitaron sus banderas contra el ALCA o cualquier acuerdo bilateral de comercio con Estados Unidos, y expresaron su decisi\u00f3n a abstenerse de votar el referendo fiscalista y antidemocr\u00e1tico que pretende imponer el presidente Uribe. Encabezados por Aurelio Su\u00e1rez, director ejecutivo de Salvaci\u00f3n Agropecuaria, y por los l\u00edderes de las organizaciones afiliadas (Unidad Cafetera, Unidad Panelera, Agropemca, Agameta, la Asociaci\u00f3n Agropecuaria del Huila, los Usuarios de los Distritos de Riego, la Asociaci\u00f3n de Cultivadores de Papa de Boyac\u00e1, y los ingenieros agr\u00f3nomos de la ACIA) llegaron de todo el agro colombiano y desde los m\u00e1s apartados lugares: de Nari\u00f1o y Caquet\u00e1, de Bol\u00edvar, Magdalena y el Cesar, del Suroeste Antioque\u00f1o, del Viejo Caldas y del Tolima Grande, de las ardientes tierras del Pat\u00eda y de las dulces vertientes del R\u00edo Su\u00e1rez.<\/p>\n<p>Hubo productores de trigo, cebada, panela, caf\u00e9, arroz, pl\u00e1tano, leche y carnes, ma\u00edz y oleaginosas. Con rabia y decisi\u00f3n, representantes de las diversas especies y de los diferentes g\u00e9neros del sector agropecuario nos acompa\u00f1aron el martes 12 de agosto, desde las ocho de la ma\u00f1ana hasta las tres de la tarde, en la gran marcha que empez\u00f3 en la Plaza de Toros La Santa Mar\u00eda y culmin\u00f3 en la Plaza de Bol\u00edvar. Tambi\u00e9n se hicieron presentes los dirigentes de las Centrales Obreras y de la Confederaci\u00f3n de Pensionados de Colombia, y los senadores de la Rep\u00fablica Jorge Enrique Robledo, Bernardo Hoyos y Jairo Cu\u00e9llar Devia.<\/p>\n<p>Dentro de los planteamientos hechos en esa tarde por los dirigentes del agro en defensa de la soberan\u00eda alimentaria, quedaron claras varias cosas: primero, que el campo colombiano no aguanta otra apertura econ\u00f3mica como la de Gaviria, la cual ahora recibe el nombre de ALCA o de acuerdo bilateral de comercio, que multiplicar\u00edan los perjuicios para la producci\u00f3n nacional y quebrantar\u00edan nuestra soberan\u00eda. Si con la apertura econ\u00f3mica perdimos centenares de miles de hect\u00e1reas de trigo, cebada, algod\u00f3n, ma\u00edz, sorgo, soya, y quedaron desmanteladas las dos terceras partes de la industria nacional, con el ALCA o cualquier tratado que se le parezca la cat\u00e1strofe ser\u00e1 mayor. Nada distinto se puede esperar, adem\u00e1s, si miramos el sigilo del gobierno en las negociaciones y la celeridad y obsecuencia con las que solicita los acuerdos, y las declaraciones de los altos funcionarios norteamericanos en sus visitas, as\u00ed como la permanente presencia de directivos de multinacionales como parte de nuestras delegaciones en las mesas de negociaci\u00f3n donde se decide la suerte de la econom\u00eda nacional y el futuro de nuestros compatriotas.<\/p>\n<p>Segundo, se habla con frecuencia de la convertibilidad (cambio de actividad de los sectores afectados), y que ser\u00eda costeada por el Estado o por algunos pa\u00edses donantes, seg\u00fan dice la SAC. Pero no podemos aceptar tal cosa: no la hubo en el pasado y no vemos por qu\u00e9 se pueda dar en el futuro. \u201cSi me enga\u00f1an una vez, el pecado es de quien enga\u00f1a; si me vuelve a enga\u00f1ar, ya el pecado es m\u00edo\u201d. Del primer enga\u00f1o en la apertura econ\u00f3mica, nos qued\u00f3 la p\u00e9rdida de m\u00e1s de 800 mil hect\u00e1reas de cultivos transitorios, y el desempleo y el desplazamiento para m\u00e1s de 400 mil familias del campo. \u00bfNos dejaremos enga\u00f1ar de nuevo?<\/p>\n<p>Tercero, las personas que est\u00e1n participando por el gobierno en estas negociaciones del ALCA o de un acuerdo bilateral, no pueden tener nuestra confianza: casi todos vienen de la administraci\u00f3n Gaviria, y en los nefastos documentos de la apertura aparecen sus firmas: la de Luis Alberto Moreno, ex ministro de Desarrollo de Gaviria, hoy embajador en Washington, y las de los Hommes, Montenegros, Perrys o Junguitos, o la de Martha Luc\u00eda Ram\u00edrez y otros m\u00e1s que entregaron los intereses nacionales, por lo cual fueron premiados con altas posiciones en el pa\u00eds o en la burocracia mundial.<\/p>\n<p>Adem\u00e1s, este gobierno ya ha cometido sus trastadas. Funcionarios de Uribe firmaron con la Chevron el contrato del Pozo Catalina y los yacimientos gas\u00edferos de la Guajira, donde la naci\u00f3n perder\u00eda cifras cercanas a los 1.000 millones de d\u00f3lares. Afortunadamente los senadores Robledo y Serrano enfrentaron tal desprop\u00f3sito y el Consejo de Estado les dio la raz\u00f3n, por lo cual al ministro de Minas le tocar\u00e1 recular. \u00bfQu\u00e9 cosas no pasar\u00edan a\u00fan de mayor calibre en las negociaciones del ALCA o de un acuerdo bilateral, cuando las soluciones a las controversias ser\u00e1n falladas en tribunales internacionales, no por jueces colombianos sino por \u00e1rbitros nombrados en la OMC? Es bueno insistir que en esas negociaciones est\u00e1n en juego los empleos de por lo menos cuatro millones de personas y la subsistencia de 12 millones de colombianos que habitan nuestros campos. Y Estados Unidos manifest\u00f3 de entrada que no negociar\u00e1 en el ALCA los cuantiosos subsidios que tiene para sus productores y exportadores.<\/p>\n<p>El ALCA, o un acuerdo bilateral, lesionar\u00eda en materia grave a todos los productores del sector agropecuario, que responden por la dieta b\u00e1sica de nuestro pueblo. E incluso la SAC ha repetido en diferentes oportunidades que se est\u00e1 negociando a espaldas de ellos, y que se defienden intereses diferentes a los del agro colombiano.<\/p>\n<p>Cuarto, no estamos de acuerdo con los planteamientos del ministro Carlos Gustavo Cano, hechos el 15 de agosto (Art\u00edculo de El Nuevo D\u00eda), por la sencilla raz\u00f3n que no es posible negociar mientras existan las ayudas internas por 18 mil millones de d\u00f3lares anuales (en subsidios) que Estados Unidos da a sus agricultores. Esos subsidios equivalen a 50 billones de pesos colombianos, o sea, dos terceras partes del presupuesto nacional de Colombia. Son econom\u00edas completamente asim\u00e9tricas, no solamente en las tesorer\u00edas, sino en la parte tecnol\u00f3gica y cient\u00edfica; adem\u00e1s de ser due\u00f1os de las f\u00e1bricas de agroqu\u00edmicos y de maquinaria, tienen la ingenier\u00eda gen\u00e9tica y la mano del Estado para protegerlos. El presupuesto del Ministerio de Agricultura de Colombia al a\u00f1o, no llega al 1% de lo que regala el Coloso del Norte a sus agricultores en subsidios.<\/p>\n<p>No podemos ser tan ingenuos y pensar que vamos a hacer reconversi\u00f3n de nuestro aparato productivo en menos de cinco a\u00f1os como lo propone Cano. Los recursos del pa\u00eds, y el creciente hueco fiscal, no lo permiten. Estados Unidos nos lleva ventaja de 10 a\u00f1os en ingenier\u00eda gen\u00e9tica y de 30 a\u00f1os en la producci\u00f3n de pesticidas. Entre otras cosas, en Colombia los agroqu\u00edmicos aumentaron en promedio sus precios un 40% en el \u00faltimo a\u00f1o, y la supuesta mano generosa del gobierno no apareci\u00f3 por ning\u00fan lado, de lo cual se concluye que esa reconversi\u00f3n o transferencia de tecnolog\u00eda no la regalan, la venden y bien cara, lo mismo que los productos transg\u00e9nicos. Para empeorar m\u00e1s las cosas, el gobierno le impone IVA a las materias primas de los agroqu\u00edmicos, que representan hasta 50% de los costos de los cultivos, lo que nos hace menos competitivos. As\u00ed, los insumos para el sector agropecuario ser\u00e1n dos y hasta tres veces m\u00e1s caros que en los otros pa\u00edses del ALCA, con los que tendremos que competir.<\/p>\n<p>Por todo lo anterior, y ante la decisi\u00f3n del gobierno de iniciar un acuerdo bilateral, en donde adem\u00e1s de los perjuicios para el agro nacional y el sector industrial, existen grupos de negociaci\u00f3n sobre la propiedad intelectual, las patentes, las inversiones, las pol\u00edticas de competencia, los servicios, el acceso a mercados, la soluci\u00f3n de controversias, y se podr\u00eda perder hasta la soberan\u00eda jur\u00eddica, ya que al aprobarse el tratado por el Congreso de la Rep\u00fablica, se vuelve ley de leyes, y los litigios con las empresas transnacionales se fallar\u00e1n en tribunales internacionales, como lo mencionamos anteriormente.<\/p>\n<p>Ponemos en m\u00e1xima alerta al pueblo colombiano, a los empresarios, agricultores, campesinos, ind\u00edgenas y obreros, y los invitamos a divulgar por todos los medios de comunicaci\u00f3n la m\u00e1s amplia resistencia civil al ALCA o a un tratado bilateral de comercio con Estados Unidos.<\/p>\n<p>\u00a1Soberan\u00eda econ\u00f3mica, s\u00ed! \u00a1ALCA, no!<br \/>\n\u00a1Soberan\u00eda econ\u00f3mica, s\u00ed! \u00a1TLC, no!<br \/>\nAsociaci\u00f3n Nacional por la Salvaci\u00f3n Agropecuaria<\/p>\n<p>ANGEL MAR\u00cdA CABALLERO<br \/>\nPresidente<\/p>\n","protected":false},"excerpt":{"rendered":"<p>Salvaci\u00f3n Agropecuaria, Ibagu\u00e9, 21 Agosto de 2003 M\u00e1s de 20 mil productores del sector agropecuario y otros miles de trabajadores de la ciudad de Bogot\u00e1 marcharon y agitaron sus banderas contra el ALCA o cualquier acuerdo bilateral de comercio con Estados Unidos, y expresaron su decisi\u00f3n a abstenerse de votar el referendo fiscalista y antidemocr\u00e1tico [&hellip;]<\/p>\n","protected":false},"author":1,"featured_media":0,"comment_status":"open","ping_status":"open","sticky":false,"template":"","format":"standard","meta":{"advanced_seo_description":"","jetpack_seo_html_title":"","jetpack_seo_noindex":false,"_jetpack_memberships_contains_paid_content":false,"footnotes":""},"categories":[7],"tags":[],"class_list":["post-553","post","type-post","status-publish","format-standard","hentry","category-pronunciamientos-de-organizaciones-sociales"],"jetpack_featured_media_url":"","jetpack-related-posts":[{"id":19795,"url":"https:\/\/moir.com.co\/web\/de-salvacion-agropecuaria-la-resistencia-civil-dio-el-triunfo-a-los-paneleros-frente-a-las-pretensiones-de-los-monopolios\/","url_meta":{"origin":553,"position":0},"title":"De Salvaci\u00f3n Agropecuaria: LA RESISTENCIA CIVIL DIO EL TRIUNFO A LOS PANELEROS FRENTE A LAS PRETENSIONES DE LOS MONOPOLIOS","author":"admin","date":"agosto 10, 2004","format":false,"excerpt":"El Ministerio del Medio Ambiente, mediante resoluci\u00f3n n\u00famero 0960 del 18 de octubre de 2002, revoc\u00f3 la resoluci\u00f3n de la Corporaci\u00f3n Regional del Cauca del 3 de mayo de este a\u00f1o que otorgaba la licencia ambiental al ingenio panelero de Padilla, Cauca. Dicha revocatoria se bas\u00f3 en \u00ablos impactos que\u2026","rel":"","context":"En \u00abJos\u00e9 Fernando Ocampo\u00bb","block_context":{"text":"Jos\u00e9 Fernando Ocampo","link":"https:\/\/moir.com.co\/web\/category\/bitacoras\/jose-fernando-ocampo\/"},"img":{"alt_text":"","src":"","width":0,"height":0},"classes":[]},{"id":453,"url":"https:\/\/moir.com.co\/web\/la-resistencia-civil-dio-el-triunfo-a-los-paneleros-frente-a-las-pretensiones-de-los-monopolios\/","url_meta":{"origin":553,"position":1},"title":"\u00a1LA RESISTENCIA CIVIL DIO EL TRIUNFO A LOS PANELEROS FRENTE A LAS PRETENSIONES DE LOS MONOPOLIOS!","author":"admin","date":"agosto 9, 2004","format":false,"excerpt":"Asociaci\u00f3n Nacional por la Salvaci\u00f3n Agropecuaria, Noviembre 9 de 2002 El Ministerio del Medio Ambiente, mediante resoluci\u00f3n n\u00famero 0960 del 18 de octubre de 2002, revoc\u00f3 la resoluci\u00f3n de la Corporaci\u00f3n Regional del Cauca del 3 de mayo de este a\u00f1o que otorgaba la licencia ambiental al ingenio panelero de\u2026","rel":"","context":"En \u00abPronunciamientos de Organizaciones Sociales\u00bb","block_context":{"text":"Pronunciamientos de Organizaciones Sociales","link":"https:\/\/moir.com.co\/web\/category\/pronunciamientos-de-organizaciones-sociales\/"},"img":{"alt_text":"","src":"","width":0,"height":0},"classes":[]},{"id":514,"url":"https:\/\/moir.com.co\/web\/exitoso-encuentro-de-dirigentes-del-sector-agropecuario-del-quindio-y-norte-del-valle\/","url_meta":{"origin":553,"position":2},"title":"EXITOSO ENCUENTRO DE DIRIGENTES DEL SECTOR AGROPECUARIO DEL QUIND\u00cdO Y NORTE DEL VALLE","author":"admin","date":"agosto 9, 2004","format":false,"excerpt":"Antonio Jos\u00e9 Guti\u00e9rrez Blanco, Armenia, mayo 5 de 2003 Con la presencia de 112 delegados de 15 municipios del Quind\u00edo y del norte de Valle, se llev\u00f3 a cabo, el 29 de abril en el Centro Recreacional de Confenalco del Alto del R\u00edo, en Calarc\u00e1 (Quind\u00edo), un exitoso encuentro de\u2026","rel":"","context":"En \u00abPronunciamientos de Organizaciones Sociales\u00bb","block_context":{"text":"Pronunciamientos de Organizaciones Sociales","link":"https:\/\/moir.com.co\/web\/category\/pronunciamientos-de-organizaciones-sociales\/"},"img":{"alt_text":"","src":"","width":0,"height":0},"classes":[]},{"id":20094,"url":"https:\/\/moir.com.co\/web\/congreso-de-la-asociacion-nacional-por-la-salvacion-agropecuaria-en-caldas\/","url_meta":{"origin":553,"position":3},"title":"CONGRESO DE LA ASOCIACI\u00d3N NACIONAL POR LA SALVACI\u00d3N AGROPECUARIA EN CALDAS","author":"admin","date":"septiembre 16, 2004","format":false,"excerpt":"Con 160 delegados de quince municipios del departamento y nueve organizaciones del sector agrario, la Asociaci\u00f3n Nacional por la Salvaci\u00f3n Agropecuaria, cap\u00edtulo Caldas, celebr\u00f3 el pasado 06 de septiembre en la ciudad de Manizales su Primer Congreso Departamental Agrario \u00abEl agro caldense frente al ALCA y al TLC\u00bb, para analizar\u2026","rel":"","context":"En \u00abTribuna Roja N\u00ba 97; septiembre 28 de 2004\u00bb","block_context":{"text":"Tribuna Roja N\u00ba 97; septiembre 28 de 2004","link":"https:\/\/moir.com.co\/web\/category\/tribuna-roja\/ediciones-2000-2004\/tribuna-roja-no-97-septiembre-28-de-2004\/"},"img":{"alt_text":"","src":"","width":0,"height":0},"classes":[]},{"id":640,"url":"https:\/\/moir.com.co\/web\/salvacion-agropecuaria-dira-no-al-alca-y-al-tlc-el-15-de-abril\/","url_meta":{"origin":553,"position":4},"title":"\u00a1SALVACI\u00d3N  AGROPECUARIA DIR\u00c1 NO AL ALCA Y AL TLC EL 15 DE ABRIL!","author":"admin","date":"agosto 11, 2004","format":false,"excerpt":"La Asociaci\u00f3n Nacional por la Salvaci\u00f3n Agropecuaria, seg\u00fan lo convenido con organizaciones agrarias, campesinas, ind\u00edgenas, sindicales y sociales de Colombia, Ecuador, Per\u00fa y Bolivia y de acuerdo al mandato de su VIII Junta Nacional, se movilizar\u00e1 el pr\u00f3ximo jueves 15 de abril en el marco de la Primera Jornada Andina\u2026","rel":"","context":"En \u00abPronunciamientos de Organizaciones Sociales\u00bb","block_context":{"text":"Pronunciamientos de Organizaciones Sociales","link":"https:\/\/moir.com.co\/web\/category\/pronunciamientos-de-organizaciones-sociales\/"},"img":{"alt_text":"","src":"","width":0,"height":0},"classes":[]},{"id":550,"url":"https:\/\/moir.com.co\/web\/miles-de-agricultores-indigenas-y-productores-agropecuarios-desfilaran-en-bogota-contra-el-alca-en-martes-12-de-agosto\/","url_meta":{"origin":553,"position":5},"title":"MILES DE AGRICULTORES IND\u00cdGENAS Y PRODUCTORES AGROPECUARIOS DESFILAR\u00c1N EN BOGOT\u00c1 CONTRA EL ALCA EN MARTES 12 DE AGOSTO","author":"admin","date":"agosto 10, 2004","format":false,"excerpt":"Salvaci\u00f3n Agropecuaria, agosto 8 de 2003 Delegaciones de m\u00e1s de 20 departamentos, de cerca de 200 municipios, representando a los productores colombianos de caf\u00e9, arroz, panela, leche, hortalizas, banano y pl\u00e1tano y de los principales g\u00e9neros agropecuarios, desfilar\u00e1n el martes 12 de agosto, despu\u00e9s del medio d\u00eda, por las calles\u2026","rel":"","context":"En \u00abPronunciamientos de Organizaciones Sociales\u00bb","block_context":{"text":"Pronunciamientos de Organizaciones Sociales","link":"https:\/\/moir.com.co\/web\/category\/pronunciamientos-de-organizaciones-sociales\/"},"img":{"alt_text":"","src":"","width":0,"height":0},"classes":[]}],"jetpack_sharing_enabled":true,"_links":{"self":[{"href":"https:\/\/moir.com.co\/web\/wp-json\/wp\/v2\/posts\/553","targetHints":{"allow":["GET"]}}],"collection":[{"href":"https:\/\/moir.com.co\/web\/wp-json\/wp\/v2\/posts"}],"about":[{"href":"https:\/\/moir.com.co\/web\/wp-json\/wp\/v2\/types\/post"}],"author":[{"embeddable":true,"href":"https:\/\/moir.com.co\/web\/wp-json\/wp\/v2\/users\/1"}],"replies":[{"embeddable":true,"href":"https:\/\/moir.com.co\/web\/wp-json\/wp\/v2\/comments?post=553"}],"version-history":[{"count":0,"href":"https:\/\/moir.com.co\/web\/wp-json\/wp\/v2\/posts\/553\/revisions"}],"wp:attachment":[{"href":"https:\/\/moir.com.co\/web\/wp-json\/wp\/v2\/media?parent=553"}],"wp:term":[{"taxonomy":"category","embeddable":true,"href":"https:\/\/moir.com.co\/web\/wp-json\/wp\/v2\/categories?post=553"},{"taxonomy":"post_tag","embeddable":true,"href":"https:\/\/moir.com.co\/web\/wp-json\/wp\/v2\/tags?post=553"}],"curies":[{"name":"wp","href":"https:\/\/api.w.org\/{rel}","templated":true}]}}