{"id":552,"date":"2004-08-10T07:00:00","date_gmt":"2004-08-10T07:00:00","guid":{"rendered":"https:\/\/moir.org.co\/web\/estados-unidos-presiona-a-colombia-para-que-abandone-el-sistema-de-franja-de-precios-en-las-conversaciones-del-tratado-de-libre\/"},"modified":"2004-08-10T07:00:00","modified_gmt":"2004-08-10T07:00:00","slug":"estados-unidos-presiona-a-colombia-para-que-abandone-el-sistema-de-franja-de-precios-en-las-conversaciones-del-tratado-de-libre","status":"publish","type":"post","link":"https:\/\/moir.com.co\/web\/estados-unidos-presiona-a-colombia-para-que-abandone-el-sistema-de-franja-de-precios-en-las-conversaciones-del-tratado-de-libre\/","title":{"rendered":"ESTADOS UNIDOS PRESIONA A COLOMBIA PARA QUE ABANDONE EL SISTEMA DE FRANJA DE PRECIOS EN LAS CONVERSACIONES DEL TRATADO DE LIBRE"},"content":{"rendered":"<p>FTAA-INTL, agosto 22 de 2003<br \/>\nEstados Unidos indic\u00f3 que presionar\u00e1 a Colombia para que abandone un sistema de franjas de precios en la agricultura similar a uno que Chile abandon\u00f3 como parte del pacto de libre comercio con E.U., seg\u00fan dijo un funcionario colombiano.<\/p>\n<p>El sistema de bandas de precios se usa en la actualidad en las importaciones de 13 productos incluidos el trigo, el ma\u00edz, el sorgo, el arroz, la cebada, la leche y los trozos de pollo, e impide que las exportaciones de E.U. a Colombia de esos productos obtengan una ventaja competitiva en precios sobre otros productos y otras importaciones. Cuando los precios internacionales caen por debajo del piso de la banda, aranceles m\u00e1s altos operan para estos productos y son removidos cuando los precios suben por encima del techo de la banda para asegurar que todas las importaciones de estos 13 productos se vendan dentro del mismo rango de precios en Colombia.<\/p>\n<p>Lo m\u00e1s probable es que la franja de precios sea removida para cuando los negociadores colombianos se re\u00fanan en octubre o noviembre con la Directora Adjunta del Representante Comercial de Estados Unidos, Regina Vargo, para revisar las provisiones del tratado de Libre Comercio de Chile con Estados Unidos. El Representante Comercial de Estados Unidos, Robert Zoellick, anunci\u00f3 esta reuni\u00f3n en una rueda de prensa realizada el 8 de agosto en Colombia, al concluir una reuni\u00f3n con el presidente \u00c1lvaro Uribe V\u00e9lez.<\/p>\n<p>Se espera que luego de que se lleve a cabo la reuni\u00f3n entre Vargo y los negociadores colombianos, el representante Comercial de E.U. notifique oficialmente al Congreso su intenci\u00f3n de comenzar las negociaciones del TLC antes de que termine el a\u00f1o, dijo un asistente del Senado. El fast-track o autoridad especial para negociar tratados comerciales requiere que el Representante Comercial notifique al Congreso con 90 d\u00edas de antelaci\u00f3n al inicio de las negociaciones.<\/p>\n<p>Un informe del Representante Comercial de EU del 2003 llamado National Trade Estimate, NTE, se\u00f1ala que el sistema de franjas de precios es el &#8220;m\u00e1s importante tema de acceso a mercados para el sector agr\u00edcola de Estados Unidos&#8221;. El documento condena el mecanismo de bandas de precios por carecer de transparencia, y agrega que puede ser manipulado para proveer niveles arbitrarios de protecci\u00f3n a las importaciones.<\/p>\n<p>Colombia espera iniciar las negociaciones con los E.U. sobre el TLC en el primer trimestre de 2004, seg\u00fan dijo un funcionario colombiano. Sin embargo, esta programaci\u00f3n depende en parte de la evoluci\u00f3n de otras negociaciones bilaterales con E.U., particularmente con pa\u00edses centroamericanos, expres\u00f3 el funcionario. E.U. espera concluir conversaciones comerciales para finales de este a\u00f1o con cinco pa\u00edses de Centroam\u00e9rica al igual que con Australia y Marruecos.<\/p>\n<p>Durante el encuentro con Uribe, Zoellick esboz\u00f3 una lista de temas bilaterales que deben ser abordados, pero el funcionario colombiano neg\u00f3 el que Zoellick haya presentado esta lista como un conjunto de condiciones que Colombia deba cumplir antes de que las negociaciones comiencen.<\/p>\n<p>En cuanto a las disputas comerciales bilaterales, las dos partes tendr\u00e1n que trabajar antes de que se formalicen las negociaciones. Zoellick no especific\u00f3 una lista precisa de las disputas sobre las cuales ambas partes tendr\u00e1n que trabajar, pero hizo \u00e9nfasis en los beneficios que tendr\u00eda para Colombia contar con normas s\u00f3lidas sobre Derechos de Propiedad Intelectual, DPI, e inversi\u00f3n. M\u00e1s fuertes DPI &#8220;ayudar\u00e1n a Colombia a convertirse en un l\u00edder de una econom\u00eda basada en el conocimiento&#8221;, dijo Zoellick. Agreg\u00f3 que para que Colombia atraiga inversi\u00f3n en la industria del conocimiento necesita normas DPI &#8220;propias de una econom\u00eda digital&#8221;.<\/p>\n<p>En una carta del 7 de julio, Pfizer elogi\u00f3 a Colombia por haber &#8220;dado pasos significativos para mejorar el entorno de la propiedad intelectual&#8221;. La carta alaba un decreto que dispone la protecci\u00f3n de la confidencialidad de las pruebas sobre &#8220;nuevos productos farmac\u00e9uticos&#8221;, anota que ning\u00fan otro pa\u00eds andino ha dado pasos semejantes y evidencia el compromiso &#8220;del presidente Uribe y el gobierno colombiano de despojarse de su ya larga y pobre trayectoria en la aplicaci\u00f3n del Trade Related Aspects of Intellectual Property Rights, TRIPS, (aspectos de los derechos de propiedad intelectual relacionados con el comercio)&#8221;.<\/p>\n<p>A\u00fan cuando el funcionario colombiano le rest\u00f3 importancia a las diferencias entre E.U. y Colombia en materia de DPI, el informe NTE anot\u00f3 que desde 1991 Colombia ha sido colocada en la lista especial de observaci\u00f3n 301 y en 2001 fue adicionada a la lista prioritaria especial de observaci\u00f3n 301.<\/p>\n<p>Sobre inversi\u00f3n, hay &#8220;algunos asuntos bajo el Andean Trade Preference Act, ATPA, que se deben seguir trabajando con Colombia&#8221;, dijo Zoellick en la rueda de prensa.<\/p>\n<p>El informe NTE de 2003 reclama que bajo el Andean Community Common Automotive Policy, (acuerdo o pol\u00edtica com\u00fan automotriz de la Comunidad Andina), Colombia, Venezuela y Ecuador, impongan requerimientos de contenido local para ser beneficiarios de impuestos a las importaciones reducidos. Este requerimiento gradualmente se ha incrementado del 23% al principio de 1999 y va a llegar a un tope del 34% en el 2009. El informe NTE critica la medida como inconsistente con las obligaciones colombianas ante la OMC, bajo el Trade Related Investment Measures, (las Medidas de Inversi\u00f3n Relacionadas con el Comercio de la OMC).<\/p>\n<p>Por aparte, E.U. y los negociadores centroamericanos, ten\u00edan programado tentativamente reunirse la semana entrante en EL Salvador para una mini ronda de negociaciones durante un d\u00eda, el 26 de agosto, centrada en acceso a mercados agr\u00edcolas, dijo el funcionario comercial estadounidense. La reuni\u00f3n ser\u00e1 de nivel ejecutivo. Vargo, la negociadora l\u00edder de E.U., y el jefe de los negociadores en agricultura, Allen Johnson, no est\u00e1n programados para asistir, dijo un funcionario de Estados Unidos. Sin embargo, al cierre de la edici\u00f3n no era claro si E.U. mandar\u00eda un representante, ya que el m\u00e1s probable delegado estaba en Ginebra, dijo el funcionario.<\/p>\n<p>Durante la \u00faltima ronda de negociaciones formales que concluyeron a comienzos del mes (Inside U.S. Trade, agosto 8, p 1), los E.U. y los cinco pa\u00edses centroamericanos, Costa Rica, El Salvador, Guatemala, Honduras y Nicaragua soltaron la idea de una posible reuni\u00f3n informal sobre agricultura para que se llevara a cabo antes de la s\u00e9ptima ronda de conversaciones programada para el 8-12 de septiembre en Nicaragua.<\/p>\n<p>La reuni\u00f3n de un d\u00eda podr\u00eda centrarse en una lista de una docena de productos agr\u00edcolas y en una propuesta informal lanzada por Centroam\u00e9rica sobre c\u00f3mo manejar el acceso al mercado de estos productos, dijo una fuente centroamericana al concluir la \u00faltima ronda de negociaciones.<\/p>\n<p>La propuesta centroamericana examinar\u00eda cu\u00e1les de estos doce productos agr\u00edcolas sensibles podr\u00edan estar sujetos a una Tariff Rate Quota, (sistema de cuotas), cu\u00e1les ser\u00edan el piso y el techo de los aranceles y si el TRQ se prolongar\u00eda en el tiempo y c\u00faanto durar\u00eda su vigencia antes de ser desmontado.<\/p>\n<p>Traducci\u00f3n: EB<\/p>\n","protected":false},"excerpt":{"rendered":"<p>FTAA-INTL, agosto 22 de 2003 Estados Unidos indic\u00f3 que presionar\u00e1 a Colombia para que abandone un sistema de franjas de precios en la agricultura similar a uno que Chile abandon\u00f3 como parte del pacto de libre comercio con E.U., seg\u00fan dijo un funcionario colombiano. El sistema de bandas de precios se usa en la actualidad [&hellip;]<\/p>\n","protected":false},"author":1,"featured_media":0,"comment_status":"open","ping_status":"open","sticky":false,"template":"","format":"standard","meta":{"advanced_seo_description":"","jetpack_seo_html_title":"","jetpack_seo_noindex":false,"_jetpack_memberships_contains_paid_content":false,"footnotes":""},"categories":[7],"tags":[],"class_list":["post-552","post","type-post","status-publish","format-standard","hentry","category-pronunciamientos-de-organizaciones-sociales"],"jetpack_featured_media_url":"","jetpack-related-posts":[{"id":5025,"url":"https:\/\/moir.com.co\/web\/el-algodon-una-bonanza-que-no-podra-ser\/","url_meta":{"origin":552,"position":0},"title":"El algod\u00f3n: una bonanza que no podr\u00e1 ser","author":"admin","date":"noviembre 17, 2010","format":false,"excerpt":"El precio mundial del algod\u00f3n est\u00e1 disparado. Durante los \u00faltimos tres meses los precios han subido, de manera consistente, en el mercado norteamericano \u2013principal exportador mundial\u2013, de 77 centavos a 107 centavos de d\u00f3lar por libra; y en el mercado mundial de 86 centavos a 118 centavos de d\u00f3lar por\u2026","rel":"","context":"En \u00abTemas\u00bb","block_context":{"text":"Temas","link":"https:\/\/moir.com.co\/web\/category\/temas\/"},"img":{"alt_text":"","src":"","width":0,"height":0},"classes":[]},{"id":9465,"url":"https:\/\/moir.com.co\/web\/robledo-rechaza-ataques-de-coca-cola-femsa-al-sector-del-azucar-y-la-panela-de-colombia\/","url_meta":{"origin":552,"position":1},"title":"Robledo rechaza ataques de Coca-Cola Femsa al sector del az\u00facar y la panela de Colombia","author":"admin","date":"junio 17, 2015","format":false,"excerpt":"Coca-Cola alega que es m\u00e1s cara por cuenta del az\u00facar pero esa gaseosa es entre 54 y 100% m\u00e1s cara que la Big Cola y eso no lo explica el precio del az\u00facar. Aunque Coca Cola Femsa reconoce mayores ventas en Colombia, pretende aumentar ganancias a partir de amenazar la\u2026","rel":"","context":"En \u00abJorge Enrique Robledo\u00bb","block_context":{"text":"Jorge Enrique Robledo","link":"https:\/\/moir.com.co\/web\/category\/jorge-enrique-robledo\/"},"img":{"alt_text":"","src":"","width":0,"height":0},"classes":[]},{"id":1105,"url":"https:\/\/moir.com.co\/web\/salvaguardias-especiales-agropecuarias-el-guayuco-del-tlc\/","url_meta":{"origin":552,"position":2},"title":"SALVAGUARDIAS ESPECIALES AGROPECUARIAS: EL GUAYUCO DEL TLC","author":"admin","date":"enero 30, 2005","format":false,"excerpt":"El ministro de Agricultura, Andr\u00e9s Arias, tiene una p\u00e9rfida tarea en el futuro inmediato: convencer a Colombia que el abandono en las negociaciones de Agricultura en el TLC del principal mecanismo de protecci\u00f3n a la producci\u00f3n rural nacional, el Sistema Andino de Franjas de Precios, que impide a los productos\u2026","rel":"","context":"En \u00abTemas\u00bb","block_context":{"text":"Temas","link":"https:\/\/moir.com.co\/web\/category\/temas\/"},"img":{"alt_text":"","src":"","width":0,"height":0},"classes":[]},{"id":1136,"url":"https:\/\/moir.com.co\/web\/jorge-enrique-robledo-angel-maria-caballero-tiene-la-razon\/","url_meta":{"origin":552,"position":3},"title":"JORGE ENRIQUE ROBLEDO: \u00c1NGEL MAR\u00cdA CABALLERO TIENE LA RAZ\u00d3N","author":"admin","date":"marzo 25, 2005","format":false,"excerpt":"\u00c1ngel Mar\u00eda Caballero, presidente de la Asociaci\u00f3n Nacional por la Salvaci\u00f3n Agropecuaria, tiene la raz\u00f3n cuando afirma que el gobierno que preside \u00c1lvaro Uribe V\u00e9lez entreg\u00f3 los intereses de los arroceros en las negociaciones del Tratado de Libre Comercio con Estados Unidos (TLC). Y la tiene por las siguientes razones:\u2026","rel":"","context":"En \u00abEscritos del Moir\u00bb","block_context":{"text":"Escritos del Moir","link":"https:\/\/moir.com.co\/web\/category\/moir\/escritos-del-moir\/"},"img":{"alt_text":"","src":"","width":0,"height":0},"classes":[]},{"id":4843,"url":"https:\/\/moir.com.co\/web\/el-reverzaso-de-la-sac\/","url_meta":{"origin":552,"position":4},"title":"El reverzaso de la SAC","author":"admin","date":"septiembre 29, 2010","format":false,"excerpt":"Lo le\u00eda y no lo cre\u00eda. El se\u00f1or Rafael Mej\u00eda, Presidente de la Sociedad de Agricultores de Colombia, gobiernista de todas las horas, discrepaba \u2013as\u00ed fuera t\u00edmidamente\u2013, de la posici\u00f3n oficial del gobierno Santos de continuar profundizando la apertura neoliberal con la propuesta de reducir, a\u00fan m\u00e1s, los aranceles a\u2026","rel":"","context":"En \u00abTemas\u00bb","block_context":{"text":"Temas","link":"https:\/\/moir.com.co\/web\/category\/temas\/"},"img":{"alt_text":"","src":"","width":0,"height":0},"classes":[]},{"id":1273,"url":"https:\/\/moir.com.co\/web\/tras-la-apertura-del-tlc\/","url_meta":{"origin":552,"position":5},"title":"TRAS LA APERTURA DEL TLC","author":"admin","date":"septiembre 21, 2005","format":false,"excerpt":"A estas alturas el pa\u00eds no ha logrado superar los desajustes de la apertura. Recientemente se establecieron aranceles de m\u00e1s de 100% para detener la entrada masiva de importaciones de China. En los \u00faltimos meses se ha presentado la arremetida de las multinacionales orientada a adquirir empresas nacionales que se\u2026","rel":"","context":"En \u00ab\u00a1No a los TLC y al ALCA!\u00bb","block_context":{"text":"\u00a1No a los TLC y al ALCA!","link":"https:\/\/moir.com.co\/web\/category\/temas\/no-a-los-tlc-y-al-alca\/"},"img":{"alt_text":"","src":"","width":0,"height":0},"classes":[]}],"jetpack_sharing_enabled":true,"_links":{"self":[{"href":"https:\/\/moir.com.co\/web\/wp-json\/wp\/v2\/posts\/552","targetHints":{"allow":["GET"]}}],"collection":[{"href":"https:\/\/moir.com.co\/web\/wp-json\/wp\/v2\/posts"}],"about":[{"href":"https:\/\/moir.com.co\/web\/wp-json\/wp\/v2\/types\/post"}],"author":[{"embeddable":true,"href":"https:\/\/moir.com.co\/web\/wp-json\/wp\/v2\/users\/1"}],"replies":[{"embeddable":true,"href":"https:\/\/moir.com.co\/web\/wp-json\/wp\/v2\/comments?post=552"}],"version-history":[{"count":0,"href":"https:\/\/moir.com.co\/web\/wp-json\/wp\/v2\/posts\/552\/revisions"}],"wp:attachment":[{"href":"https:\/\/moir.com.co\/web\/wp-json\/wp\/v2\/media?parent=552"}],"wp:term":[{"taxonomy":"category","embeddable":true,"href":"https:\/\/moir.com.co\/web\/wp-json\/wp\/v2\/categories?post=552"},{"taxonomy":"post_tag","embeddable":true,"href":"https:\/\/moir.com.co\/web\/wp-json\/wp\/v2\/tags?post=552"}],"curies":[{"name":"wp","href":"https:\/\/api.w.org\/{rel}","templated":true}]}}