{"id":550,"date":"2004-08-10T07:00:00","date_gmt":"2004-08-10T07:00:00","guid":{"rendered":"https:\/\/moir.org.co\/web\/miles-de-agricultores-indigenas-y-productores-agropecuarios-desfilaran-en-bogota-contra-el-alca-en-martes-12-de-agosto\/"},"modified":"2004-08-10T07:00:00","modified_gmt":"2004-08-10T07:00:00","slug":"miles-de-agricultores-indigenas-y-productores-agropecuarios-desfilaran-en-bogota-contra-el-alca-en-martes-12-de-agosto","status":"publish","type":"post","link":"https:\/\/moir.com.co\/web\/miles-de-agricultores-indigenas-y-productores-agropecuarios-desfilaran-en-bogota-contra-el-alca-en-martes-12-de-agosto\/","title":{"rendered":"MILES DE AGRICULTORES IND\u00cdGENAS Y PRODUCTORES AGROPECUARIOS DESFILAR\u00c1N EN BOGOT\u00c1 CONTRA EL ALCA EN MARTES 12 DE AGOSTO"},"content":{"rendered":"<p>Salvaci\u00f3n Agropecuaria, agosto 8 de 2003<\/p>\n<p>Delegaciones de m\u00e1s de 20 departamentos, de cerca de 200 municipios, representando a los productores colombianos de caf\u00e9, arroz, panela, leche, hortalizas, banano y pl\u00e1tano y de los principales g\u00e9neros agropecuarios, desfilar\u00e1n el martes 12 de agosto, despu\u00e9s del medio d\u00eda, por las calles de Bogot\u00e1 en contra de la implantaci\u00f3n del \u00c1rea de Libre Comercio de las Am\u00e9ricas \u2013ALCA- o de cualquier otro acuerdo de libre comercio que, como est\u00e1 demostrado, acabar\u00e1 con la producci\u00f3n de la mayor\u00eda de los alimentos en Colombia, conduciendo a la ruina a millones y comprometiendo la soberan\u00eda alimentaria nacional.<\/p>\n<p>Ni en las negociaciones adelantadas ni en los documentos discutidos hay cosa alguna que favorezca al sector agropecuario. Para los promocionados productos tropicales como el caf\u00e9, la palma africana, el banano, el cacao y el az\u00facar de ca\u00f1a se desatar\u00e1 la m\u00e1s agresiva competencia comercial entre los pa\u00edses productores, casi todos pa\u00edses pobres, de la cual s\u00f3lo saldr\u00e1n gananciosas las multinacionales del comercio de estos bienes, adquiri\u00e9ndolos cada vez m\u00e1s baratos. La manifestaci\u00f3n reclamar\u00e1 al gobierno del presidente Uribe que cese la entrega del mercado interno a las mercanc\u00edas extranjeras; las cuales, en muchos casos, vienen subsidiadas haciendo un comercio todav\u00eda m\u00e1s inicuo y desleal y se abstenga de firmar los documentos y tratados que en otras materias como salud y nutrici\u00f3n, educaci\u00f3n y bienestar social lesionan de manera enorme la institucionalidad colombiana y la soberan\u00eda en beneficio de intereses for\u00e1neos.<\/p>\n<p>El desfile recorrer\u00e1 las calles de Bogot\u00e1, por la carrera 7\u00aa desde la Plaza de Toros hasta la Plaza de Bol\u00edvar, donde, presididos por \u00c1ngel Mar\u00eda Caballero, presidente nacional de la Asociaci\u00f3n Nacional por la Salvaci\u00f3n Agropecuaria, y con la presencia de delegados de los distintos sectores productivos y de la ANUC, CECORA, FANAL, Acci\u00f3n Campesina Colombiana \u2013ACC- y las organizaciones ind\u00edgenas, se llevar\u00e1 a cabo una concentraci\u00f3n en la cual los principales voceros har\u00e1n uso de la palabra.<\/p>\n<p>Esta ser\u00e1 la primera de las jornadas de Resistencia Civil que la Asociaci\u00f3n Nacional por la Salvaci\u00f3n Agropecuaria \u2013ANSA- adelantar\u00e1 en asocio de otros sectores gremiales y organizaciones sociales por defender la soberan\u00eda y resistir los proyectos neoliberales de libre comercio encarnados principalmente en el ALCA.<\/p>\n<p>ASOCIACI\u00d3N NACIONAL POR LA SALVACI\u00d3N AGROPECUARIA<\/p>\n<p>Aurelio Su\u00e1rez Montoya<br \/>\nDirector Ejecutivo<\/p>\n","protected":false},"excerpt":{"rendered":"<p>Salvaci\u00f3n Agropecuaria, agosto 8 de 2003 Delegaciones de m\u00e1s de 20 departamentos, de cerca de 200 municipios, representando a los productores colombianos de caf\u00e9, arroz, panela, leche, hortalizas, banano y pl\u00e1tano y de los principales g\u00e9neros agropecuarios, desfilar\u00e1n el martes 12 de agosto, despu\u00e9s del medio d\u00eda, por las calles de Bogot\u00e1 en contra de [&hellip;]<\/p>\n","protected":false},"author":1,"featured_media":0,"comment_status":"open","ping_status":"open","sticky":false,"template":"","format":"standard","meta":{"advanced_seo_description":"","jetpack_seo_html_title":"","jetpack_seo_noindex":false,"_jetpack_memberships_contains_paid_content":false,"footnotes":""},"categories":[7],"tags":[],"class_list":["post-550","post","type-post","status-publish","format-standard","hentry","category-pronunciamientos-de-organizaciones-sociales"],"jetpack_featured_media_url":"","jetpack-related-posts":[{"id":633,"url":"https:\/\/moir.com.co\/web\/movilizacion-en-rechazo-al-tratado-de-libre-comercio-al-alca-y-a-las-fumigaciones-en-la-sierra-nevada\/","url_meta":{"origin":550,"position":0},"title":"MOVILIZACI\u00d3N EN RECHAZO AL TRATADO DE LIBRE COMERCIO, AL ALCA Y A LAS FUMIGACIONES EN LA SIERRA NEVADA","author":"admin","date":"agosto 11, 2004","format":false,"excerpt":"La Red Colombiana de Acci\u00f3n Frente al Tratado de Libre Comercio y el Alca (Recalca), cap\u00edtulo Magdalena, acogiendo el Llamamiento de Los Andes y la Declaraci\u00f3n de Quito aprobados por centenares de organizaciones sociales, gremiales, sindicales, productivas, agropecuarias, ambientalistas, ONGs de Colombia, Ecuador, Per\u00fa y Bolivia, convoca a las fuerzas\u2026","rel":"","context":"En \u00abPronunciamientos de Organizaciones Sociales\u00bb","block_context":{"text":"Pronunciamientos de Organizaciones Sociales","link":"https:\/\/moir.com.co\/web\/category\/pronunciamientos-de-organizaciones-sociales\/"},"img":{"alt_text":"","src":"","width":0,"height":0},"classes":[]},{"id":505,"url":"https:\/\/moir.com.co\/web\/encuentro-regional-de-dirigentes-del-sector-agropecuario-del-norte-de-valle-y-del-quindio\/","url_meta":{"origin":550,"position":1},"title":"ENCUENTRO REGIONAL DE DIRIGENTES DEL SECTOR AGROPECUARIO DEL NORTE DE VALLE Y DEL QUIND\u00cdO","author":"admin","date":"agosto 9, 2004","format":false,"excerpt":"Unidad Cafetera Nacional-Salvaci\u00f3n Agropecuaria, abril 24 de 2003 La Junta Directiva de la UNIDAD CAFETERA NACIONAL, Seccional Quind\u00edo, integrante de la ASOCIACI\u00d3N NACIONAL POR LA SALVACI\u00d3N AGROPECUARIA, reunida en la ciudad de Armenia y, CONSIDERANDO: 1. Que a la grave situaci\u00f3n del sector agropecuario en general y, en particular, a\u2026","rel":"","context":"En \u00abPronunciamientos de Organizaciones Sociales\u00bb","block_context":{"text":"Pronunciamientos de Organizaciones Sociales","link":"https:\/\/moir.com.co\/web\/category\/pronunciamientos-de-organizaciones-sociales\/"},"img":{"alt_text":"","src":"","width":0,"height":0},"classes":[]},{"id":514,"url":"https:\/\/moir.com.co\/web\/exitoso-encuentro-de-dirigentes-del-sector-agropecuario-del-quindio-y-norte-del-valle\/","url_meta":{"origin":550,"position":2},"title":"EXITOSO ENCUENTRO DE DIRIGENTES DEL SECTOR AGROPECUARIO DEL QUIND\u00cdO Y NORTE DEL VALLE","author":"admin","date":"agosto 9, 2004","format":false,"excerpt":"Antonio Jos\u00e9 Guti\u00e9rrez Blanco, Armenia, mayo 5 de 2003 Con la presencia de 112 delegados de 15 municipios del Quind\u00edo y del norte de Valle, se llev\u00f3 a cabo, el 29 de abril en el Centro Recreacional de Confenalco del Alto del R\u00edo, en Calarc\u00e1 (Quind\u00edo), un exitoso encuentro de\u2026","rel":"","context":"En \u00abPronunciamientos de Organizaciones Sociales\u00bb","block_context":{"text":"Pronunciamientos de Organizaciones Sociales","link":"https:\/\/moir.com.co\/web\/category\/pronunciamientos-de-organizaciones-sociales\/"},"img":{"alt_text":"","src":"","width":0,"height":0},"classes":[]},{"id":640,"url":"https:\/\/moir.com.co\/web\/salvacion-agropecuaria-dira-no-al-alca-y-al-tlc-el-15-de-abril\/","url_meta":{"origin":550,"position":3},"title":"\u00a1SALVACI\u00d3N  AGROPECUARIA DIR\u00c1 NO AL ALCA Y AL TLC EL 15 DE ABRIL!","author":"admin","date":"agosto 11, 2004","format":false,"excerpt":"La Asociaci\u00f3n Nacional por la Salvaci\u00f3n Agropecuaria, seg\u00fan lo convenido con organizaciones agrarias, campesinas, ind\u00edgenas, sindicales y sociales de Colombia, Ecuador, Per\u00fa y Bolivia y de acuerdo al mandato de su VIII Junta Nacional, se movilizar\u00e1 el pr\u00f3ximo jueves 15 de abril en el marco de la Primera Jornada Andina\u2026","rel":"","context":"En \u00abPronunciamientos de Organizaciones Sociales\u00bb","block_context":{"text":"Pronunciamientos de Organizaciones Sociales","link":"https:\/\/moir.com.co\/web\/category\/pronunciamientos-de-organizaciones-sociales\/"},"img":{"alt_text":"","src":"","width":0,"height":0},"classes":[]},{"id":504,"url":"https:\/\/moir.com.co\/web\/salvacion-agropecuaria-aprueba-gran-campana-contra-el-alca\/","url_meta":{"origin":550,"position":4},"title":"SALVACI\u00d3N AGROPECUARIA APRUEBA GRAN CAMPA\u00d1A CONTRA EL ALCA","author":"admin","date":"agosto 9, 2004","format":false,"excerpt":"Salvaci\u00f3n Agropecuaria, marzo 27 de 2003 La VII Junta nacional de la Asociaci\u00f3n Nacional por la Salvaci\u00f3n Agropecuaria, reunida en Ibagu\u00e9 con la presencia de 220 delegados, en representaci\u00f3n de cerca de 30 organizaciones regionales y nacionales de productores agropecuarios, de profesionales del sector y de estudiantes universitarios de carreras\u2026","rel":"","context":"En \u00abPronunciamientos de Organizaciones Sociales\u00bb","block_context":{"text":"Pronunciamientos de Organizaciones Sociales","link":"https:\/\/moir.com.co\/web\/category\/pronunciamientos-de-organizaciones-sociales\/"},"img":{"alt_text":"","src":"","width":0,"height":0},"classes":[]},{"id":310,"url":"https:\/\/moir.com.co\/web\/gobierno-nacional-impulsa-desproteccion-del-agro\/","url_meta":{"origin":550,"position":5},"title":"GOBIERNO NACIONAL IMPULSA DESPROTECCI\u00d3N DEL AGRO","author":"admin","date":"agosto 7, 2004","format":false,"excerpt":"En el marco del VIII Encuentro para la Productividad y la Competitividad realizado en Bucaramanga el pasado fin de semana, altos funcionarios del gobierno nacional y de entidades asesoras del mismo, como Jorge Humberto Botero, ministro de Comercio Exterior, Mauricio Reina, investigador de Fedesarrollo y Jos\u00e9 Leibovich, asesor del gobierno\u2026","rel":"","context":"En \u00abTemas\u00bb","block_context":{"text":"Temas","link":"https:\/\/moir.com.co\/web\/category\/temas\/"},"img":{"alt_text":"","src":"","width":0,"height":0},"classes":[]}],"jetpack_sharing_enabled":true,"_links":{"self":[{"href":"https:\/\/moir.com.co\/web\/wp-json\/wp\/v2\/posts\/550","targetHints":{"allow":["GET"]}}],"collection":[{"href":"https:\/\/moir.com.co\/web\/wp-json\/wp\/v2\/posts"}],"about":[{"href":"https:\/\/moir.com.co\/web\/wp-json\/wp\/v2\/types\/post"}],"author":[{"embeddable":true,"href":"https:\/\/moir.com.co\/web\/wp-json\/wp\/v2\/users\/1"}],"replies":[{"embeddable":true,"href":"https:\/\/moir.com.co\/web\/wp-json\/wp\/v2\/comments?post=550"}],"version-history":[{"count":0,"href":"https:\/\/moir.com.co\/web\/wp-json\/wp\/v2\/posts\/550\/revisions"}],"wp:attachment":[{"href":"https:\/\/moir.com.co\/web\/wp-json\/wp\/v2\/media?parent=550"}],"wp:term":[{"taxonomy":"category","embeddable":true,"href":"https:\/\/moir.com.co\/web\/wp-json\/wp\/v2\/categories?post=550"},{"taxonomy":"post_tag","embeddable":true,"href":"https:\/\/moir.com.co\/web\/wp-json\/wp\/v2\/tags?post=550"}],"curies":[{"name":"wp","href":"https:\/\/api.w.org\/{rel}","templated":true}]}}