{"id":548,"date":"2004-08-10T07:00:00","date_gmt":"2004-08-10T07:00:00","guid":{"rendered":"https:\/\/moir.org.co\/web\/los-equipos-politicos-que-en-antioquia-siguen-las-orientaciones-de-los-senadores-carlos-gaviria-diaz-y-jorge-enrique-robledo-c\/"},"modified":"2004-08-10T07:00:00","modified_gmt":"2004-08-10T07:00:00","slug":"los-equipos-politicos-que-en-antioquia-siguen-las-orientaciones-de-los-senadores-carlos-gaviria-diaz-y-jorge-enrique-robledo-c","status":"publish","type":"post","link":"https:\/\/moir.com.co\/web\/los-equipos-politicos-que-en-antioquia-siguen-las-orientaciones-de-los-senadores-carlos-gaviria-diaz-y-jorge-enrique-robledo-c\/","title":{"rendered":"LOS EQUIPOS POL\u00cdTICOS QUE EN ANTIOQUIA SIGUEN LAS ORIENTACIONES DE LOS SENADORES CARLOS GAVIRIA D\u00cdAZ Y JORGE ENRIQUE ROBLEDO C"},"content":{"rendered":"<p>Frente Social y Pol\u00edtico-Unidad C\u00edvica y Agraria \u2013 MOIR, Medell\u00edn, Agosto 5 de 2003<\/p>\n<p>Se protocoliz\u00f3 el acuerdo pol\u00edtico mediante el cual, el Frente Social y Pol\u00edtico, organizaci\u00f3n que sigue las orientaciones del abogado, ex presidente de la Corte Constitucional, y actual Senador antioque\u00f1o Carlos Gaviria D\u00edaz, y Unidad C\u00edvica y Agraria \u2013 MOIR, cuyo vocero en la C\u00e1mara Alta es el arquitecto, escritor y dirigente agrario Jorge Enrique Robledo Castillo, deciden apoyar listas \u00fanicas para Asamblea Departamental de Antioquia, para el Concejo de Medell\u00edn, y de un buen n\u00famero de municipios y de Juntas Administradoras Locales.<\/p>\n<p>El acuerdo establece que Unidad C\u00edvica y Agraria \u2013 MOIR declina su aspiraci\u00f3n al Concejo de Medell\u00edn, y decide respaldar la lista que para esa corporaci\u00f3n, y con el aval del Frente Social y Pol\u00edtico, encabezar\u00e1 el destacado abogado laboralista, Manuel Mu\u00f1oz, egresado de la Universidad de Antioquia, especializado en derecho p\u00fablico en la Universidad Nacional, asesor de la Asamblea Nacional Constituyente de 1991 y miembro de la Asociaci\u00f3n de Abogados Laboralistas. El segundo rengl\u00f3n lo ocupar\u00e1 la enfermera profesional Alba Helena Correa, Mag\u00edster en Salud P\u00fablica y en Investigaci\u00f3n Socio \u2013 pedag\u00f3gica, y actual profesora de la Universidad de Antioquia.<\/p>\n<p>A su vez, el Frente Social y Pol\u00edtico no presentar\u00e1 lista para la Asamblea Departamental, y votar\u00e1 por la que inscribe el MOIR, con primer rengl\u00f3n del dirigente cafetero, agrario y popular, Jorge G\u00f3mez Gallego, secundado por el tres veces presidente de ADIDA, licenciado Luis Alfonso Berr\u00edo Mej\u00eda<\/p>\n<p>El acuerdo est\u00e1 basado en la coincidencia que las dos organizaciones han tenido en los \u00faltimos tiempos en su actividad por promover la abstenci\u00f3n activa en el referendo convocado para la v\u00edspera de las elecciones, en la defensa del patrimonio p\u00fablico, la soberan\u00eda nacional, los derechos democr\u00e1ticos de la poblaci\u00f3n, y en la denuncia y oposici\u00f3n al conjunto de medidas adoptadas por la actual administraci\u00f3n, consideradas por ambos como fruto de las imposiciones del Fondo Monetario Internacional y del gobierno de los Estados Unidos en contra de la naci\u00f3n entera.<\/p>\n<p>Por esa raz\u00f3n, se desarrollar\u00e1 la campa\u00f1a electoral bajo la gu\u00eda de un programa conjunto de lucha, y la acci\u00f3n de los concejales y diputados que se obtengan, tendr\u00e1 igualmente una orientaci\u00f3n com\u00fan, lo que permitir\u00e1 que la alianza tenga un alcance que trascienda lo meramente electoral.<\/p>\n<p>Medell\u00edn, Agosto 5 de 2003<\/p>\n<p>V\u00cdCTOR ARBEL\u00c1EZ V.<br \/>\nComunicaciones Unidad C\u00edvica y Agraria\u2013MOIR.<\/p>\n<p>TERESA CASTRO<br \/>\nComunicaciones Frente Social y Pol\u00edtico.<\/p>\n","protected":false},"excerpt":{"rendered":"<p>Frente Social y Pol\u00edtico-Unidad C\u00edvica y Agraria \u2013 MOIR, Medell\u00edn, Agosto 5 de 2003 Se protocoliz\u00f3 el acuerdo pol\u00edtico mediante el cual, el Frente Social y Pol\u00edtico, organizaci\u00f3n que sigue las orientaciones del abogado, ex presidente de la Corte Constitucional, y actual Senador antioque\u00f1o Carlos Gaviria D\u00edaz, y Unidad C\u00edvica y Agraria \u2013 MOIR, cuyo [&hellip;]<\/p>\n","protected":false},"author":1,"featured_media":0,"comment_status":"open","ping_status":"open","sticky":false,"template":"","format":"standard","meta":{"advanced_seo_description":"","jetpack_seo_html_title":"","jetpack_seo_noindex":false,"_jetpack_memberships_contains_paid_content":false,"footnotes":""},"categories":[7],"tags":[],"class_list":["post-548","post","type-post","status-publish","format-standard","hentry","category-pronunciamientos-de-organizaciones-sociales"],"jetpack_featured_media_url":"","jetpack-related-posts":[{"id":590,"url":"https:\/\/moir.com.co\/web\/senadores-gaviria-y-robledo-avalan-candidaturas-a-alcaldias-asamblea-y-concejos-en-antioquia-por-la-alianza-fsp-moir\/","url_meta":{"origin":548,"position":0},"title":"SENADORES GAVIRIA Y ROBLEDO AVALAN CANDIDATURAS A ALCALD\u00cdAS, ASAMBLEA Y CONCEJOS EN ANTIOQUIA POR LA ALIANZA FSP &#8211; MOIR","author":"admin","date":"agosto 11, 2004","format":false,"excerpt":"FSP - MOIR, Medell\u00edn, septiembre 17 de 2003 El lunes 29 de septiembre, en la ciudad de Medell\u00edn, los senadores Carlos Gaviria D\u00edaz -Presidente del Frente Social y Pol\u00edtico- y Jorge Enrique Robledo Castillo -Vocero de la Unidad C\u00edvica y Agraria MOIR- presidir\u00e1n varios actos en cumplimiento de una amplia\u2026","rel":"","context":"En \u00abPronunciamientos de Organizaciones Sociales\u00bb","block_context":{"text":"Pronunciamientos de Organizaciones Sociales","link":"https:\/\/moir.com.co\/web\/category\/pronunciamientos-de-organizaciones-sociales\/"},"img":{"alt_text":"","src":"","width":0,"height":0},"classes":[]},{"id":593,"url":"https:\/\/moir.com.co\/web\/alianza-fsp-moir-en-antioquia-corrobora-abstencion-activa-al-referendo\/","url_meta":{"origin":548,"position":1},"title":"ALIANZA FSP -MOIR EN ANTIOQUIA CORROBORA ABSTENCI\u00d3N ACTIVA AL REFERENDO","author":"admin","date":"agosto 11, 2004","format":false,"excerpt":"Senadores reafirman su posici\u00f3n de izquierda democr\u00e1tica Comit\u00e9 de Prensa y Comunicaciones, Medell\u00edn, septiembre 30 de 2003 En acto masivo que desarroll\u00f3 ayer en la ciudad de Medell\u00edn, la alianza en Antioquia del Frente Social y Pol\u00edtico FSP \u2013 Unidad C\u00edvica y Agraria MOIR, los senadores Carlos Gaviria D\u00edaz y\u2026","rel":"","context":"En \u00abPronunciamientos de Organizaciones Sociales\u00bb","block_context":{"text":"Pronunciamientos de Organizaciones Sociales","link":"https:\/\/moir.com.co\/web\/category\/pronunciamientos-de-organizaciones-sociales\/"},"img":{"alt_text":"","src":"","width":0,"height":0},"classes":[]},{"id":1051,"url":"https:\/\/moir.com.co\/web\/lanzada-anoche-en-cali-precandidatura-de-carlos-gaviria-a-la-presidencia-de-la-rep__blica\/","url_meta":{"origin":548,"position":2},"title":"LANZADA ANOCHE EN CALI PRECANDIDATURA DE CARLOS GAVIRIA A LA PRESIDENCIA DE LA REP__BLICA","author":"admin","date":"octubre 25, 2004","format":false,"excerpt":"El senador y ex magistrado Carlos Gaviria D\u00edaz postul\u00f3 anoche en Cali su precandidatura a la Presidencia de la Rep\u00fablica en nutrida concentraci\u00f3n que cont\u00f3 con la presencia de varios congresistas de Alternativa Democr\u00e1tica y m\u00e1s de mil quinientos de sus seguidores. El lanzamiento tuvo lugar en el Auditorio Pedro\u2026","rel":"","context":"En \u00abRevista de Prensa\u00bb","block_context":{"text":"Revista de Prensa","link":"https:\/\/moir.com.co\/web\/category\/prensa\/revista-de-prensa\/"},"img":{"alt_text":"","src":"","width":0,"height":0},"classes":[]},{"id":20446,"url":"https:\/\/moir.com.co\/web\/alternativa-democratica-con-carlos-gaviria-diaz\/","url_meta":{"origin":548,"position":3},"title":"ALTERNATIVA DEMOCR\u00c1TICA CON CARLOS GAVIRIA D\u00cdAZ","author":"admin","date":"noviembre 20, 2004","format":false,"excerpt":"Desde el 4 de noviembre hasta el 10 de diciembre, el doctor Carlos Gaviria D\u00edaz, precandidato de Alternativa Democr\u00e1tica a la Presidencia para el per\u00edodo 2006-2010, inici\u00f3 una exitosa gira que ha congregado a miles de sus seguidores y activistas del Frente Social y Pol\u00edtico, el MOIR, el Partido Unidad\u2026","rel":"","context":"En \u00abTribuna Roja N\u00ba 98, diciembre 4 de 2004\u00bb","block_context":{"text":"Tribuna Roja N\u00ba 98, diciembre 4 de 2004","link":"https:\/\/moir.com.co\/web\/category\/tribuna-roja\/ediciones-2000-2004\/tribuna-roja-no-98-diciembre-4-de-2004\/"},"img":{"alt_text":"","src":"","width":0,"height":0},"classes":[]},{"id":846,"url":"https:\/\/moir.com.co\/web\/con-los-independientes-pero-de-verdad\/","url_meta":{"origin":548,"position":4},"title":"CON LOS INDEPENDIENTES PERO DE VERDAD","author":"admin","date":"agosto 12, 2004","format":false,"excerpt":"Los Senadores Carlos Gaviria y Jorge Enrique Robledo, que se identifican como \"Los independientes, pero de verdad\" participar\u00e1n \u00e9ste lunes 29 de septiembre en tres eventos en los que sustentar\u00e1n ante amplios sectores de intelectuales y dirigentes populares sus posiciones por la abstenci\u00f3n activa al referendo, las denuncias contra la\u2026","rel":"","context":"En \u00abRevista de Prensa\u00bb","block_context":{"text":"Revista de Prensa","link":"https:\/\/moir.com.co\/web\/category\/prensa\/revista-de-prensa\/"},"img":{"alt_text":"","src":"","width":0,"height":0},"classes":[]},{"id":19740,"url":"https:\/\/moir.com.co\/web\/sectores-sociales-y-politicos-ratifican-campana-de-abstencion-activa-contra-el-referendo-respaldan-realizacion-del-paro-civico\/","url_meta":{"origin":548,"position":5},"title":"SECTORES SOCIALES Y POL\u00edTICOS RATIFICAN CAMPA\u00d1A DE ABSTENCI\u00f3N ACTIVA CONTRA EL REFERENDO, RESPALDAN REALIZACI\u00d3N DEL PARO C\u00cdVICO","author":"admin","date":"agosto 9, 2004","format":false,"excerpt":"Agosto 1 de 2003 Amplios sectores de colombianos, organizados en partidos pol\u00edticos y movimientos sociales, preocupados por el agravamiento de la situaci\u00f3n nacional, hemos convenido desplegar un proceso de acci\u00f3n pol\u00edtica conjunta, en torno a la campa\u00f1a nacional de ABSTENCI\u00d3N ACTIVA contra el referendo del gobierno de \u00c1lvaro Uribe V\u00e9lez;\u2026","rel":"","context":"En \u00abTribuna Roja N\u00ba 92, agosto 6 de 2003\u00bb","block_context":{"text":"Tribuna Roja N\u00ba 92, agosto 6 de 2003","link":"https:\/\/moir.com.co\/web\/category\/tribuna-roja\/ediciones-2000-2004\/tribuna-roja-no-92-agosto-6-de-2003\/"},"img":{"alt_text":"","src":"","width":0,"height":0},"classes":[]}],"jetpack_sharing_enabled":true,"_links":{"self":[{"href":"https:\/\/moir.com.co\/web\/wp-json\/wp\/v2\/posts\/548","targetHints":{"allow":["GET"]}}],"collection":[{"href":"https:\/\/moir.com.co\/web\/wp-json\/wp\/v2\/posts"}],"about":[{"href":"https:\/\/moir.com.co\/web\/wp-json\/wp\/v2\/types\/post"}],"author":[{"embeddable":true,"href":"https:\/\/moir.com.co\/web\/wp-json\/wp\/v2\/users\/1"}],"replies":[{"embeddable":true,"href":"https:\/\/moir.com.co\/web\/wp-json\/wp\/v2\/comments?post=548"}],"version-history":[{"count":0,"href":"https:\/\/moir.com.co\/web\/wp-json\/wp\/v2\/posts\/548\/revisions"}],"wp:attachment":[{"href":"https:\/\/moir.com.co\/web\/wp-json\/wp\/v2\/media?parent=548"}],"wp:term":[{"taxonomy":"category","embeddable":true,"href":"https:\/\/moir.com.co\/web\/wp-json\/wp\/v2\/categories?post=548"},{"taxonomy":"post_tag","embeddable":true,"href":"https:\/\/moir.com.co\/web\/wp-json\/wp\/v2\/tags?post=548"}],"curies":[{"name":"wp","href":"https:\/\/api.w.org\/{rel}","templated":true}]}}