{"id":547,"date":"2004-08-10T07:00:00","date_gmt":"2004-08-10T07:00:00","guid":{"rendered":"https:\/\/moir.org.co\/web\/a-los-directivos-docentes-de-colombia\/"},"modified":"2004-08-10T07:00:00","modified_gmt":"2004-08-10T07:00:00","slug":"a-los-directivos-docentes-de-colombia","status":"publish","type":"post","link":"https:\/\/moir.com.co\/web\/a-los-directivos-docentes-de-colombia\/","title":{"rendered":"A LOS DIRECTIVOS DOCENTES DE COLOMBIA"},"content":{"rendered":"<p>Tribuna Magisterial, Bogot\u00e1, julio 31 de 2003<\/p>\n<p>A partir del Acto Legislativo Nro. 1 de 2001 y de la ley 715, el gobierno ha venido sometiendo a la educaci\u00f3n p\u00fablica, de manera met\u00f3dica y sistem\u00e1tica a un proceso de desvertebramiento y privatizaci\u00f3n. En este sentido, se cumple con creces el cometido de la pol\u00edtica ordenada al anterior gobierno por el FMI y se adiciona con m\u00e1s medidas y proyecciones que, sin duda alguna, ciernen sobre la educaci\u00f3n p\u00fablica y los derechos del magisterio un futuro nada promisorio.<\/p>\n<p>Los ejes de la pol\u00edtica oficial contenidos en la mal llamada \u201cRevoluci\u00f3n Educativa\u201d, tienen que ver, en primer lugar, con su desfinanciamiento paulatino que la conduzca a la inevitable privatizaci\u00f3n, al entrar a saco sobre las transferencias territoriales en busca de recursos que le permitan subsanar las obligaciones de la creciente deuda externa; en segundo lugar con su desvertebramiento administrativo total mediante la municipalizaci\u00f3n y la plantelizaci\u00f3n; y en tercer lugar, con el arrasamiento absoluto de los derechos laborales y prestacionales del magisterio colombiano.<\/p>\n<p>Todas estas medidas, acompa\u00f1adas en lo pedag\u00f3gico de la imposici\u00f3n de las concepciones constructivistas, de los indicadores de logro, las competencias b\u00e1sicas y los est\u00e1ndares educativos, hacen parte de la decisi\u00f3n del r\u00e9gimen uribista de adecuar el pa\u00eds en todos sus \u00f3rdenes a los par\u00e1metros del ALCA, en el cual, la educaci\u00f3n entendida como venta de servicio, es uno de los nuevos frentes apetecidos por las grandes multinacionales de la educaci\u00f3n.<\/p>\n<p>En este orden de ideas, el desvertebramiento de la educaci\u00f3n p\u00fablica tiene que ver con la determinaci\u00f3n de la Naci\u00f3n de desprenderse, m\u00e1s all\u00e1 del recortado Sistema General de Participaciones, de toda obligaci\u00f3n operativa y financiera, descargando estas funciones en los quebrados entes territoriales, al tiempo que centraliza de manera autoritaria y desp\u00f3tica todas las decisiones claves en materia de pol\u00edtica educativa. Para corroborar esto basta repasar las funciones y obligaciones de los diferentes entes territoriales definidas en los art\u00edculos 5\u00b0, 6\u00b0 y 7\u00b0 de la ley 715 de 2001.<\/p>\n<p>En las perspectivas de esta pol\u00edtica, entra en juego el nuevo papel que se le ha asignado a los rectores, al pretender convertirlos en gerentes de la empresa educativa concretada en la instituci\u00f3n, en la cual, por encima de cualquier criterio pedag\u00f3gico, t\u00e9cnico o cient\u00edfico, deben primar la racionalidad y la eficiencias neoliberales, entendidas al estilo de las f\u00e1bricas en el sistema capitalista, como la producci\u00f3n de mas bienes o servicios a menos costos.<\/p>\n<p>Esto es lo que explica, entre otras disposiciones los decretos 1850 y 3020; la congelaci\u00f3n de los salarios en los \u00faltimos tres a\u00f1os; su anunciada congelaci\u00f3n por dos a\u00f1os m\u00e1s con el referendo uribista; la congelaci\u00f3n del escalaf\u00f3n y la anunciada expedici\u00f3n del decreto reglamentario del art\u00edculo 24 de la ley 715 que, en la pr\u00e1ctica, congela de manera absoluta el escalaf\u00f3n de los docentes, al sujetar el mismo a la existencia de disponibilidad presupuestal; el incremento de los aportes prestacionales a los docentes activos y pensionados establecido en el reci\u00e9n aprobado Plan Nacional de Desarrollo; la supresi\u00f3n total del r\u00e9gimen especial de los maestros contenida en el mismo referendo y los anuncios de abolir la mesada pensional n\u00famero catorce, gravar con una sobretasa a las pensiones y presentar un nuevo Acto Legislativo para recortar, una vez m\u00e1s, las transferencias territoriales en por los menos dos billones de pesos.<\/p>\n<p>Las 17 funciones asignadas a los rectores en el art\u00edculo 10\u00b0 de la ley 715 enfatizan la intenci\u00f3n del gobierno de acrecentar su car\u00e1cter gerencial y de convertirlos en pieza clave de un nuevo despotismo institucional, el mismo que se entroniza a nivel nacional en los marcos de la llamada seguridad democr\u00e1tica. Por eso, la gama de funciones abarca desde las rutinarias de dirigir la preparaci\u00f3n de los PEI y presidir los \u00f3rganos de gobierno escolar, hasta rendir informes semestrales al Consejo Directivo de la Instituci\u00f3n Educativa, representar legalmente la instituci\u00f3n y realizar control de cumplimiento sobre docentes y administrativos; hasta las in\u00e9ditas de definir perfiles y seleccionar personal, proponer a los docentes que ser\u00e1n apoyados para recibir capacitaci\u00f3n y responder por la calidad de la prestaci\u00f3n del servicio en su instituci\u00f3n.<\/p>\n<p>Menci\u00f3n especial merece el tema de la evaluaci\u00f3n de los docentes. Desde hace a\u00f1os, la evaluaci\u00f3n viene siendo defendida contumazmente por parte del gobierno, no como una herramienta de mejoramiento pedag\u00f3gico sino como un instrumento administrativo para el recorte y la racionalizaci\u00f3n de la planta de personal y como el mecanismo expedito para destituir educadores. Despu\u00e9s de la ley 715 y del decreto 1278 de 2002, la evaluaci\u00f3n-destituci\u00f3n tiene adem\u00e1s de los prop\u00f3sitos iniciales ya se\u00f1alados, forzar contra los educadores en trance de reingreso a la docencia, la p\u00e9rdida del derecho a permanecer bajo el viejo estatuto docente (decreto 2277 de 1979), y ahora, despu\u00e9s del Plan de Desarrollo de Uribe, acordado con la actual direcci\u00f3n mayoritaria de Fecode, en medio de gran alborozo de unos y otro, abolir el r\u00e9gimen pensional especial, a\u00fan antes de que entre en vigencia lo proyectado en el numeral 8\u00b0 del referendo uribista.<\/p>\n<p>Bajo tales enfoques, y sali\u00e9ndole al paso a la ca\u00edda del decreto 1283 que establec\u00eda la evaluaci\u00f3n-despido por competencias espec\u00edficas, el gobierno ha proyectado un decreto reglamentario de la evaluaci\u00f3n anual de desempe\u00f1o, que pretende convertirla en su anhelada evaluaci\u00f3n-destituci\u00f3n. De esta forma, evita correr el riesgo de convocar al magisterio a una evaluaci\u00f3n de tal naturaleza y enfrentar una segura derrota con una campa\u00f1a de \u201cDesobediencia Civil\u201d, a la vez que se lava hip\u00f3critamente las manos con los rectores y genera al interior de la comunidad docente una nueva contradicci\u00f3n de impredecibles consecuencias.<\/p>\n<p>En este asunto, como en todo lo atinente a las nuevas funciones de rectores y dem\u00e1s directivos docentes, est\u00e1 impl\u00edcita la vieja aspiraci\u00f3n del gobierno manifestada desde las \u00e9pocas en que se discut\u00eda el Estatuto Docente de 1979, de abolir el car\u00e1cter de docentes a los directivos y de convertirlos en empleados de libre nombramiento y remoci\u00f3n y en consecuencia, en funcionarios de plena confianza. El gobierno pretende convertir a los rectores y dem\u00e1s directivos docentes en la punta de lanza contra el magisterio. Unos, han manifestado contrariedad y resistencia frente a estos designios y han hecho causa com\u00fan con los maestros y padres de familia para oponerse a la ventolera neoliberal en boga; pero otros, de manera incorrecta, han asumido con inusitado entusiasmo, digno de mejor causa, su nuevo papel de capataces y jefes de personal y de hecho, se han convertido en los principales propulsores de toda la contrarreforma en curso.<\/p>\n<p>La hora llama al fortalecimiento de la m\u00e1s decidida unidad entre docentes y directivos docentes, para la defensa de la educaci\u00f3n p\u00fablica y los derechos del magisterio. Esta unidad tiene que pasar de la ret\u00f3rica a los hechos y materializarse, no s\u00f3lo en la din\u00e1mica interna de funcionamiento de las instituciones educativas, en las cuales, por encima de todo, deben preservarse y garantizarse condiciones de libertad y democracia; sino tambi\u00e9n, en relaci\u00f3n con las intenciones del gobierno de descargar en rectores y coordinadores las responsabilidades de aplicar la evaluaci\u00f3n-destituci\u00f3n, frente a la cual, sin la menor vacilaci\u00f3n, docentes y directivos docentes debemos cerrar filas para oponernos a ella y derrotarla, tal como lo hicimos en 1999, durante el ministerio de Bula. Esto es mucho m\u00e1s importante, si se parte del supuesto que la defensa de la estabilidad laboral es lo m\u00e1s sagrado y que rectores y directores, ser\u00e1n a su vez evaluados en su desempe\u00f1o con los mismos fines arteros, por parte de las gobernaciones o alcald\u00edas, ante lo cual su estabilidad depender\u00e1 del grado y fortuna con que logren involucrarse en los tejemanejes de la politiquer\u00eda regional.<\/p>\n<p>Por lo anterior, la pol\u00edtica contenida en la cacareada \u201cRevoluci\u00f3n Educativa\u201d conducir\u00e1 en un corto lapso de tiempo, sin lugar a dudas, a un verdadero desastre en materia de educaci\u00f3n p\u00fablica y derechos laborales del magisterio. Esta situaci\u00f3n ser\u00e1 mucho m\u00e1s grave si el gobierno logra imponer sus designios en relaci\u00f3n con la evaluaci\u00f3n-destituci\u00f3n. Desde el Frente de educadores \u201cTribuna Magisterial\u201d saludamos este encuentro nacional de rectores y dem\u00e1s directivos docentes a la vez que esperamos que sus conclusiones fortalezcan las pol\u00edticas de resistencia y lucha contra las imposiciones del imperialismo y el FMI que Uribe, de manera servil, ha convertido en brutal avalancha contra la Naci\u00f3n y el pueblo.<\/p>\n<p>FRENTE DE EDUCADORES \u201cTRIBUNA MAGISTERIAL\u201d<\/p>\n<p>MIEMBROS DEL COMIT\u00c8 EJECUTIVO DE FECODE<br \/>\nRA\u00daL ARROYAVE A. EL\u00cdAS FONSECA C.<br \/>\nMEDARDO HERN\u00c1NDEZ B.<\/p>\n","protected":false},"excerpt":{"rendered":"<p>Tribuna Magisterial, Bogot\u00e1, julio 31 de 2003 A partir del Acto Legislativo Nro. 1 de 2001 y de la ley 715, el gobierno ha venido sometiendo a la educaci\u00f3n p\u00fablica, de manera met\u00f3dica y sistem\u00e1tica a un proceso de desvertebramiento y privatizaci\u00f3n. En este sentido, se cumple con creces el cometido de la pol\u00edtica ordenada [&hellip;]<\/p>\n","protected":false},"author":1,"featured_media":0,"comment_status":"open","ping_status":"open","sticky":false,"template":"","format":"standard","meta":{"advanced_seo_description":"","jetpack_seo_html_title":"","jetpack_seo_noindex":false,"_jetpack_memberships_contains_paid_content":false,"footnotes":""},"categories":[7],"tags":[],"class_list":["post-547","post","type-post","status-publish","format-standard","hentry","category-pronunciamientos-de-organizaciones-sociales"],"jetpack_featured_media_url":"","jetpack-related-posts":[{"id":6377,"url":"https:\/\/moir.com.co\/web\/hasta-donde-llega-la-privatizacion\/","url_meta":{"origin":547,"position":0},"title":"Hasta donde llega la privatizaci\u00f3n","author":"admin","date":"marzo 14, 2012","format":false,"excerpt":"En diversos terrenos ha sido desnudada la privatizaci\u00f3n: la incre\u00edble y vergonzosa historia de las EPS; la crisis del sector el\u00e9ctrico en el Norte del pa\u00eds donde empresas extranjeras dejan a oscuras municipios enteros por no gastar en mantenimiento; el fabuloso regalo de TELECOM a TELEF\u00d3NICA; la contrataci\u00f3n de la\u2026","rel":"","context":"En \u00abTribuna Magisterial\u00bb","block_context":{"text":"Tribuna Magisterial","link":"https:\/\/moir.com.co\/web\/category\/tribuna-magisterial\/"},"img":{"alt_text":"","src":"","width":0,"height":0},"classes":[]},{"id":5290,"url":"https:\/\/moir.com.co\/web\/la-privatizacion-de-la-educacion-no-se-detiene\/","url_meta":{"origin":547,"position":1},"title":"La privatizaci\u00f3n de la educaci\u00f3n no se detiene","author":"admin","date":"febrero 15, 2011","format":false,"excerpt":"Desde el inicio de la era neoliberal, con el gobierno de C\u00e9sar Gaviria, se ha buscado implantar en Colombia una pol\u00edtica de privatizaci\u00f3n de la educaci\u00f3n. Por esa \u00e9poca el magisterio colombiano, con la acertada direcci\u00f3n de FECODE, se opuso f\u00e9rreamente a esa pol\u00edtica. El gobierno propuso otorgar autonom\u00eda financiera\u2026","rel":"","context":"En \u00abTribuna Magisterial\u00bb","block_context":{"text":"Tribuna Magisterial","link":"https:\/\/moir.com.co\/web\/category\/tribuna-magisterial\/"},"img":{"alt_text":"","src":"","width":0,"height":0},"classes":[]},{"id":8679,"url":"https:\/\/moir.com.co\/web\/los-caminos-de-la-privatizacion\/","url_meta":{"origin":547,"position":2},"title":"Los caminos de la privatizaci\u00f3n","author":"admin","date":"agosto 29, 2014","format":false,"excerpt":"El Tratado de Libre Comercio con los Estados Unidos establece la privatizaci\u00f3n de la educaci\u00f3n. Es el elevamiento de esa pol\u00edtica sobre cualquier consideraci\u00f3n y el perfeccionamiento de lo que se viene haciendo desde que comenz\u00f3 la Apertura Econ\u00f3mica y la Constituci\u00f3n de 1991, volvi\u00f3 a la sociedad y los\u2026","rel":"","context":"En \u00abTribuna Magisterial\u00bb","block_context":{"text":"Tribuna Magisterial","link":"https:\/\/moir.com.co\/web\/category\/tribuna-magisterial\/"},"img":{"alt_text":"","src":"","width":0,"height":0},"classes":[]},{"id":13565,"url":"https:\/\/moir.com.co\/web\/desnutricion-escolar-y-privatizacion-la-nueva-politica-educativa-de-cartagena\/","url_meta":{"origin":547,"position":3},"title":"\u00bfDesnutrici\u00f3n escolar y privatizaci\u00f3n: la nueva pol\u00edtica educativa de Cartagena?","author":"admin","date":"octubre 20, 2017","format":false,"excerpt":"Luis Ariel Carpio Galindo, Cartagena, octubre 19 de 2017 El pasado 15 de septiembre, el secretario de Educaci\u00f3n de Cartagena Jaime Hern\u00e1ndez Am\u00edn, advenedizo como el alcalde encargado, dijo en un diario local que encontr\u00f3 la Secretar\u00eda con un d\u00e9ficit de 21 mil millones de pesos, en \u00e1reas como aseo,\u2026","rel":"","context":"En \u00abEducaci\u00f3n\u00bb","block_context":{"text":"Educaci\u00f3n","link":"https:\/\/moir.com.co\/web\/category\/temas\/educacion\/"},"img":{"alt_text":"","src":"https:\/\/i0.wp.com\/moir.com.co\/web\/wp-content\/uploads\/2017\/10\/cartagenaprivatizaeducacion.jpg?fit=700%2C500&ssl=1&resize=350%2C200","width":350,"height":200,"srcset":"https:\/\/i0.wp.com\/moir.com.co\/web\/wp-content\/uploads\/2017\/10\/cartagenaprivatizaeducacion.jpg?fit=700%2C500&ssl=1&resize=350%2C200 1x, https:\/\/i0.wp.com\/moir.com.co\/web\/wp-content\/uploads\/2017\/10\/cartagenaprivatizaeducacion.jpg?fit=700%2C500&ssl=1&resize=525%2C300 1.5x, https:\/\/i0.wp.com\/moir.com.co\/web\/wp-content\/uploads\/2017\/10\/cartagenaprivatizaeducacion.jpg?fit=700%2C500&ssl=1&resize=700%2C400 2x"},"classes":[]},{"id":9621,"url":"https:\/\/moir.com.co\/web\/en-educacion-petro-afianza-la-privatizacion-y-la-tercerizarizacion\/","url_meta":{"origin":547,"position":4},"title":"En educaci\u00f3n, Petro afianza la privatizaci\u00f3n y la tercerizarizaci\u00f3n","author":"admin","date":"septiembre 6, 2015","format":false,"excerpt":"Si en alg\u00fan sector Petro ha hecho alarde de su naturaleza demag\u00f3gica, ha sido en el campo educativo. Quien se tome el trabajo de estudiar cu\u00e1l es el fondo de la pol\u00edtica educativa de Gustavo Petro y su secretario \u00d3scar S\u00e1nchez, reconocer\u00e1 que su \u201cdefensa de lo p\u00fablico\u201d se ha\u2026","rel":"","context":"En \u00abTribuna Magisterial\u00bb","block_context":{"text":"Tribuna Magisterial","link":"https:\/\/moir.com.co\/web\/category\/tribuna-magisterial\/"},"img":{"alt_text":"","src":"","width":0,"height":0},"classes":[]},{"id":9986,"url":"https:\/\/moir.com.co\/web\/el-plan-de-infraestructura-escolar-mas-demagogia-y-privatizacion-de-santos-y-parody\/","url_meta":{"origin":547,"position":5},"title":"El Plan De Infraestructura Escolar, M\u00e1s Demagogia y Privatizaci\u00f3n de Santos y Parody","author":"admin","date":"marzo 3, 2016","format":false,"excerpt":"En el Plan Nacional de Desarrollo 2010 \u2013 2014 \u201cTodos por un Nuevo Pa\u00eds\u201d, en el art\u00edculo 59 crea el Fondo de Financiamiento de la Infraestructura Educativa Preescolar, B\u00e1sica y Media, como una cuenta del Ministerio de Educaci\u00f3n sin personer\u00eda, que tendr\u00e1 como fuente de financiaci\u00f3n; a) los recursos reglamentados\u2026","rel":"","context":"En \u00abTribuna Magisterial\u00bb","block_context":{"text":"Tribuna Magisterial","link":"https:\/\/moir.com.co\/web\/category\/tribuna-magisterial\/"},"img":{"alt_text":"","src":"","width":0,"height":0},"classes":[]}],"jetpack_sharing_enabled":true,"_links":{"self":[{"href":"https:\/\/moir.com.co\/web\/wp-json\/wp\/v2\/posts\/547","targetHints":{"allow":["GET"]}}],"collection":[{"href":"https:\/\/moir.com.co\/web\/wp-json\/wp\/v2\/posts"}],"about":[{"href":"https:\/\/moir.com.co\/web\/wp-json\/wp\/v2\/types\/post"}],"author":[{"embeddable":true,"href":"https:\/\/moir.com.co\/web\/wp-json\/wp\/v2\/users\/1"}],"replies":[{"embeddable":true,"href":"https:\/\/moir.com.co\/web\/wp-json\/wp\/v2\/comments?post=547"}],"version-history":[{"count":0,"href":"https:\/\/moir.com.co\/web\/wp-json\/wp\/v2\/posts\/547\/revisions"}],"wp:attachment":[{"href":"https:\/\/moir.com.co\/web\/wp-json\/wp\/v2\/media?parent=547"}],"wp:term":[{"taxonomy":"category","embeddable":true,"href":"https:\/\/moir.com.co\/web\/wp-json\/wp\/v2\/categories?post=547"},{"taxonomy":"post_tag","embeddable":true,"href":"https:\/\/moir.com.co\/web\/wp-json\/wp\/v2\/tags?post=547"}],"curies":[{"name":"wp","href":"https:\/\/api.w.org\/{rel}","templated":true}]}}