{"id":546,"date":"2004-08-10T07:00:00","date_gmt":"2004-08-10T07:00:00","guid":{"rendered":"https:\/\/moir.org.co\/web\/llego-la-catastrofe-arrocera-salvacion-agropecuaria\/"},"modified":"2004-08-10T07:00:00","modified_gmt":"2004-08-10T07:00:00","slug":"llego-la-catastrofe-arrocera-salvacion-agropecuaria","status":"publish","type":"post","link":"https:\/\/moir.com.co\/web\/llego-la-catastrofe-arrocera-salvacion-agropecuaria\/","title":{"rendered":"LLEG\u00d3 LA CAT\u00c1STROFE ARROCERA: SALVACI\u00d3N AGROPECUARIA"},"content":{"rendered":"<p>GERSAN; EL NUEVO DIA\/ 3 agosto de 2003<\/p>\n<p>Una protesta de agricultores tolimenses, en especial de los arroceros, se producir\u00eda la pr\u00f3xima semana en busca de que el Gobierno nacional tome medidas inmediatas para frenar la baja en el precio de la carga de arroz que en las \u00faltimas dos semanas ha rebajado hasta en diez mil pesos.<\/p>\n<p>Baja que los mantiene en alerta roja debido a que para ellos ser\u00eda la debacle que esta tendencia continuara, dado que todav\u00eda no ha salido al mercado el grueso de la cosecha nacional, proveniente precisamente de los llanos orientales, que a su vez podr\u00eda presionar mucho m\u00e1s el descenso, incluso irrespetando el precio piso que para el grano fij\u00f3 desde febrero pasado el Gobierno nacional.<\/p>\n<p>Seg\u00fan el presidente del Movimiento por la Salvaci\u00f3n Agropecuaria de Colombia, \u00c1ngel Mar\u00eda Caballero, los primeros s\u00edntomas de dicha cat\u00e1strofe anunciada de tiempo atr\u00e1s al ejecutivo nacional se dieron en el departamento del Tolima el jueves anterior cuando la carga de arroz se lleg\u00f3 a pagar por los empaquetadores hasta en 69 mil pesos; y en el Meta hasta en 63 mil pesos carga. Un precio pactado sin ni siquiera tener la cosecha en pleno en el mercado agropecuario, la cual comenzar\u00e1 de lleno en la segunda semana de este mes. Y como ser\u00eda l\u00f3gico dentro de un mercado de libre competencia de oferta y demanda, sin una regulaci\u00f3n o directriz clara del Gobierno nacional sobre incentivo al almacenamiento, los compradores y grandes molineros impondr\u00edan las condiciones de compra ante el desespero de venta de los productores.<\/p>\n<p>&#8220;Los llamamos a una gran protesta nacional arrocera la semana entrante. La situaci\u00f3n est\u00e1 de mal en peor cada d\u00eda; es una cat\u00e1strofe&#8221;, dijo Caballero a EL NUEVO D\u00cdA.<\/p>\n<p>Empeoramiento que pasa, adem\u00e1s, porque en la reuni\u00f3n del viernes anterior llevada a cabo por el Consejo Nacional del Arroz, donde los representantes de toda la cadena productiva se encuentran con el Gobierno, no se produjo ninguna acci\u00f3n contundente para mitigar el apocado precio de compra. Es m\u00e1s, el ministro de Agricultura, Carlos Gustavo Cano, del cual reclamaban su presencia los agricultores, no asisti\u00f3 a la cita. Una nueva reuni\u00f3n de este consejo fue propuesta para el martes, pero si las cosas siguen como quedaron all\u00ed nada pasar\u00e1 y el taco de la cosecha saldr\u00e1 sin que se tenga un salvavidas para el valor de oferta-demanda.<\/p>\n<p>Sobreproducci\u00f3n<\/p>\n<p>A la baja reiterada del precio de compra de carga de arroz presentado, y a la expectativa de la salida del taco arrocero que lo puede bajar mucho m\u00e1s, se suma otro factor que puede empeorar el panorama para los cultivadores: Se tendr\u00e1 sobre-producci\u00f3n. Ello debido a que dadas las alternativas planteadas por el Ministerio de Agricultra al fijar un precio piso para el cultivo en febrero, muchos decidieron cultivar m\u00e1s; por eso, en este ciclo de cosecha del mes de agosto saldr\u00e1n al mercado adicionalmente por lo menos 130 mil toneladas m\u00e1s de las acostumbradas, que representan dos millones m\u00e1s de sacos.<\/p>\n<p>En Meta se sembraron siete mil hect\u00e1reas m\u00e1s de arroz adicionales, en Casanere 16 mil hect\u00e1reas m\u00e1s y en el Tolima-Huila cuatro mil hect\u00e1reas. Lo que significa simplemente que habr\u00e1 mucho m\u00e1s arroz del habitualmente producido en plena temporada de recolecci\u00f3n, y el precio puede verse afectado negativamente si no existe una concertaci\u00f3n o un incentivo al almacenamiento que supere los 13 mil pesos, y recoja la sobreoferta del mercado con miras a que pueda almacenarse hasta por seis meses, para luego si venderlo.<\/p>\n<p>Esta acci\u00f3n de incentivar el almacenanamiento, en concepto del presidente de Salvaci\u00f3n Agropecuaria, podr\u00eda incluso ser ben\u00e9fica para el pa\u00eds, los compradores, los productores y los consumidores, porque permitir\u00eda contar con arroz hasta el a\u00f1o entrante y no requerir importar el mismo, permitiendo que lleguen productos con dumping. Caballero reclam\u00f3 que el Gobierno de \u00c1lvaro Uribe V\u00e9lez, sea m\u00e1s solidario con el campo y m\u00e1s consecuente con su propio discurso. Para \u00e9l \u00e9ste es el momento preciso para hacerlo al &#8220;desemtramparlos&#8221; de la &#8220;trampa&#8221; que les tendi\u00f3 en febrero. Como ya se dijo fue en dicho mes en el cual fij\u00f3 el precio piso de compra de carga, pero inmediatamente autoriz\u00f3 en m\u00e1s de un 45 por ciento el aumento de los insumos necesarios para sacar adelante las cosechas.<\/p>\n<p>&#8220;A hoy ese aumento va en 60 por ciento en fertilizantes y 32 por ciento en pesticida; en un promedio de m\u00e1s del 45 por ciento. Inmediatamente fij\u00f3 el precio, desbord\u00f3 los costos de producci\u00f3n y hoy en d\u00eda los costos para que la gente de Meta y Casanare saque la producci\u00f3n son del orden de 68 mil 500 pesos la carga de arroz paddy verde, y para el Tolima qued\u00f3 el costo para sacar la producci\u00f3n del orden de 72 mil pesos la carga de paddy verde&#8221;, coment\u00f3 Caballero. Seg\u00fan dijo, cualquiera que sepa y sea un seguidor de la problem\u00e1tica del arroz -y mucho m\u00e1s un Ministro- sabe que normalmente en julio-agosto hay que reunir la cadena del arroz, fijar el incentivo de almacenamiento, los molineros tienden a comprar regalado el producto, el Gobierno tiene que intervenir, pero hoy la situaci\u00f3n empeor\u00f3 porque a ra\u00edz de esos precios fijados desde febrero la gente se motiv\u00f3 a cultivar m\u00e1s y ese es un arroz que sale ahora en la cosecha.<\/p>\n<p>Al mismo tiempo el Gobierno permiti\u00f3 entrar por lo menos 69 mil toneladas de arroz al pa\u00eds por C\u00facuta con arancel cero, arroz que se vendi\u00f3 al p\u00fablico a 400 pesos la libra, afectando a los agricultores de la Costa Atl\u00e1ntica, y generando el rechazo de los molineros que se quejaron del arancel y de no permitir que ellos como compradores del paddy en Colombia, lo hubieran tra\u00eddo.<\/p>\n<p>&#8220;Lo peor es que entra por Venezuela, pero Venezuela no ten\u00eda arroz lo cual quiere decir que era un arroz triangulado, ya que entr\u00f3 por Guyana. Lo que demuestra que el Gobierno improvisa y enrarece la cadena del arroz porque ese es un arroz que viene con un subsidio de por lo menos el 80 por ciento&#8221;, manifest\u00f3 el presidente de Salvaci\u00f3n Agropecuaria.<\/p>\n<p>Reviviendo la cat\u00e1strofe<\/p>\n<p>Seg\u00fan Caballero, a partir del 10 de agosto pr\u00f3ximo cuando salga la cosecha del Llano se podr\u00eda repetir la tragedia ocurrida en 1982, cuando en el Tolima se quebraron much\u00edsimos peque\u00f1os molineros, productores y agricultores, porque el arroz alcanz\u00f3 precios incluso a la mitad del fijado oficialmente. Temen que con la llegada de la cosecha llanera y la sobreproducci\u00f3n que trae, y sin un incentivo de almacenamiento y sin concertar el precio del incentivo al almacenamiento, la bancarrota ser\u00e1 general porque el precio podr\u00eda fijarse en 31 mil 750 pesos, la mitad del precio piso fijado por el Gobierno en febrero sin concertaci\u00f3n con los molineros, quienes ahora se rehusan a discutir un precio de almacenamiento en busca de comprar a libre precio de mercado.<\/p>\n<p>Treinta y un mil 750 pesos, que obligar\u00edan a los arroceros del pa\u00eds a decir simplemente &#8220;apague y v\u00e1monos&#8221;, porque no tendr\u00edan nada que hacer. Situaci\u00f3n que significar\u00eda la ruina para muchas familias del campo, ya que este cultivo intensivo genera toda una econom\u00eda de cadena a mediana y peque\u00f1a escala en las zonas donde se siembra. Seg\u00fan la visi\u00f3n de Caballero, en el caso del Tolima ser\u00eda dejar la hambruna desde el municipio de Prado hasta Ambalema, lugares donde tradicionalmente se cultiva el grano.<\/p>\n<p>Por eso, asegur\u00f3 que no se puede entender que un Ministro como el de Agricultura, tolimense y arrocero por dem\u00e1s, no asista al Consejo Nacional del Arroz, para buscar concertaci\u00f3n entre quienes no quieren comprometerse porque les da miedo y el Gobierno no sabe si concertar, ofrecer o qu\u00e9 hacer. Lo que deriv\u00f3, en su concepto, en que la reuni\u00f3n sostenida el viernes fuera absolutamente nula. &#8220;La lucha nuestra es por los trabajadores, por las familias campesinas, por quienes no tienen un capital en el extranjero y pueden vivir tranquilos si se acaba con el cultivo de arroz, sino por quienes viven gracias a esta econom\u00eda de escala&#8221;.<\/p>\n<p>Seg\u00fan Caballero, queda claro de frente al pa\u00eds que el gobierno de Uribe V\u00e9lez anda predicando unas cosas en los consejos comunitarios de cada s\u00e1bado y haciendo otra totalmente distinta con sus determinaciones. &#8220;Existe un Gobierno que est\u00e1 diciendo que har\u00e1 crecer el campo; pero no ha hablado de la calidad de ese crecimiento del campo, si lo hace crecer para hacer crecer la miseria no est\u00e1 en nada&#8221;, asegur\u00f3 el dirigente sectorial. Indic\u00f3 que muy seguramente con indecisiones y posturas medias en un momento tan crucial como lo es la cosecha m\u00e1s grande del pa\u00eds en cuanto hace referencia al arroz, el Gobierno de Uribe V\u00e9lez pretende ir preparando la quiebra de renglones de la agroindustria nacional como el arrocero &#8220;para abrirle camino al ALCA o una negociaci\u00f3n transnacional&#8221;.<\/p>\n<p>Lo que se necesita. El presidente de Salvaci\u00f3n Agropecuaria advirti\u00f3 que \u00fanicamente hace falta que el ejecutivo central no ponga trampas al campo, no act\u00fae con doble moral como fijar precios de compra y no controlar el alza de insumos. Se requiere que el Presidente se apersone de la situaci\u00f3n de cara al pa\u00eds, para evitar que empeore mucho m\u00e1s. Que incentive el cultivo pero a buen precio de compra, que controle o baje los costos de insumos, que fije el precio de incentivo de almacenamiento para cubrir el excedente y la sobre oferta.<\/p>\n<p>As\u00ed mismo, que le d\u00e9 dinero a Fedearroz para que compre, as\u00ed como todo aquel que quiera intervenir, que responda igualmente por el almacenamiento y con ello evite la importaci\u00f3n de grano en el 2004. &#8220;Es simple, reitero, pedimos que haya Gobierno porque no sentimos gobierno, as\u00ed se re\u00fana en consejo comunitario todos los s\u00e1bados. Para evitar esta debacle no sentimos que exista un gobierno. As\u00ed no se puede decir que quiere agricultura, que haya empleo rural, cuando les da a las transnacionales la posibilidad de que nos arruinen; eso es una doble moral&#8221;.<\/p>\n","protected":false},"excerpt":{"rendered":"<p>GERSAN; EL NUEVO DIA\/ 3 agosto de 2003 Una protesta de agricultores tolimenses, en especial de los arroceros, se producir\u00eda la pr\u00f3xima semana en busca de que el Gobierno nacional tome medidas inmediatas para frenar la baja en el precio de la carga de arroz que en las \u00faltimas dos semanas ha rebajado hasta en [&hellip;]<\/p>\n","protected":false},"author":1,"featured_media":0,"comment_status":"open","ping_status":"open","sticky":false,"template":"","format":"standard","meta":{"advanced_seo_description":"","jetpack_seo_html_title":"","jetpack_seo_noindex":false,"_jetpack_memberships_contains_paid_content":false,"footnotes":""},"categories":[7],"tags":[],"class_list":["post-546","post","type-post","status-publish","format-standard","hentry","category-pronunciamientos-de-organizaciones-sociales"],"jetpack_featured_media_url":"","jetpack-related-posts":[{"id":655,"url":"https:\/\/moir.com.co\/web\/desastre-arrocero-en-colombia-entrevista-a-angel-maria-caballero\/","url_meta":{"origin":546,"position":0},"title":"DESASTRE ARROCERO EN COLOMBIA. ENTREVISTA A ANGEL MAR\u00cdA CABALLERO","author":"admin","date":"agosto 11, 2004","format":false,"excerpt":"Edwin Ballesteros; El Nuevo D\u00eda, mayo 31 de 2004 Un duro ataque a las pol\u00edticas del Gobierno del presidente \u00c1lvaro Uribe V\u00e9lez, por afectar el sector arrocero, hizo desde Ibagu\u00e9 la Asociaci\u00f3n Nacional por la Salvaci\u00f3n Agropecuaria, al llamar a los agricultores de este importante rengl\u00f3n de la econom\u00eda del\u2026","rel":"","context":"En \u00abPronunciamientos de Organizaciones Sociales\u00bb","block_context":{"text":"Pronunciamientos de Organizaciones Sociales","link":"https:\/\/moir.com.co\/web\/category\/pronunciamientos-de-organizaciones-sociales\/"},"img":{"alt_text":"","src":"","width":0,"height":0},"classes":[]},{"id":1034,"url":"https:\/\/moir.com.co\/web\/marcharemos-por-la-dignidad-de-los-arroceros-y-el-empleo-de-la-region\/","url_meta":{"origin":546,"position":1},"title":"MARCHAREMOS POR LA DIGNIDAD DE LOS ARROCEROS Y EL EMPLEO DE LA REGI\u00d3N","author":"admin","date":"octubre 7, 2004","format":false,"excerpt":"Centenares de agricultores y trabajadores participaremos masivamente en la marcha por la dignidad arrocera programada para el 19 de Octubre de 2004 hacia las capitales del Tolima, Huila y Meta. Las razones m\u00e1s que suficientes son las 7 bajas consecutivas en el precio del cereal, decretados por la gran industria\u2026","rel":"","context":"En \u00abPronunciamientos de Organizaciones Sociales\u00bb","block_context":{"text":"Pronunciamientos de Organizaciones Sociales","link":"https:\/\/moir.com.co\/web\/category\/pronunciamientos-de-organizaciones-sociales\/"},"img":{"alt_text":"","src":"","width":0,"height":0},"classes":[]},{"id":628,"url":"https:\/\/moir.com.co\/web\/resoluciones-de-la-viii-junta-directiva-nacional-de-la-asociacion-nacional-por-la-salvacion-agropecuaria-sobre-la-critica-situac\/","url_meta":{"origin":546,"position":2},"title":"RESOLUCIONES DE LA VIII JUNTA DIRECTIVA NACIONAL DE LA ASOCIACI\u00d3N NACIONAL POR LA SALVACI\u00d3N AGROPECUARIA SOBRE LA CR\u00cdTICA SITUAC","author":"admin","date":"agosto 11, 2004","format":false,"excerpt":"Ibagu\u00e9, marzo 13 de 2004 SOBRE LA CRISIS DE LA PRODUCCI\u00d3N PANELERA La persistente crisis de la producci\u00f3n panelera nacional originada en la ausencia de una pol\u00edtica gubernamental que fomente su desarrollo, en los continuos ciclos de precios bajos, en la pr\u00e1ctica ilegal de derretir az\u00facar para producir panela, en\u2026","rel":"","context":"En \u00abPronunciamientos de Organizaciones Sociales\u00bb","block_context":{"text":"Pronunciamientos de Organizaciones Sociales","link":"https:\/\/moir.com.co\/web\/category\/pronunciamientos-de-organizaciones-sociales\/"},"img":{"alt_text":"","src":"","width":0,"height":0},"classes":[]},{"id":402,"url":"https:\/\/moir.com.co\/web\/carta-al-ministro-de-agricultura-sobre-el-problema-arrocero\/","url_meta":{"origin":546,"position":3},"title":"CARTA AL MINISTRO DE AGRICULTURA SOBRE EL PROBLEMA ARROCERO","author":"admin","date":"agosto 8, 2004","format":false,"excerpt":"ASOCIACION NACIONAL POR LA SALVACION AGROPECUARIA Ibagu\u00e9, 20 de noviembre de 2001 Doctor RODRIGO VILLALBA MOSQUERA Ministro de Agricultura y Desarrollo Rural Santa F\u00e9 de Bogot\u00e1 Se\u00f1or Ministro: Las entidades y personas firmantes, manifestamos a Ud. Nuestra preocupaci\u00f3n por el acontecer del mercado arrocero, fuertemente distorsionado por hechos que son\u2026","rel":"","context":"En \u00abPronunciamientos de Organizaciones Sociales\u00bb","block_context":{"text":"Pronunciamientos de Organizaciones Sociales","link":"https:\/\/moir.com.co\/web\/category\/pronunciamientos-de-organizaciones-sociales\/"},"img":{"alt_text":"","src":"","width":0,"height":0},"classes":[]},{"id":663,"url":"https:\/\/moir.com.co\/web\/salvacion-agropecuaria-dice-que-uribe-velez-debe-responder-advierten-quiebra-arrocera\/","url_meta":{"origin":546,"position":4},"title":"SALVACI\u00d3N AGROPECUARIA DICE QUE URIBE V\u00c9LEZ DEBE RESPONDER. ADVIERTEN QUIEBRA ARROCERA","author":"admin","date":"agosto 11, 2004","format":false,"excerpt":"El Nuevo D\u00eda; junio 11 de 2004 Que el presidente de la Rep\u00fablica, Alvaro Uribe V\u00e9lez se responsabilice de la probable quiebra arrocera, solicit\u00f3 el movimiento por la Salvaci\u00f3n Agropecuaria de Colombia que preside Angel Mar\u00eda Caballero, quien denunci\u00f3 que el precio a la carga de paddy verde se ubic\u00f3\u2026","rel":"","context":"En \u00abPronunciamientos de Organizaciones Sociales\u00bb","block_context":{"text":"Pronunciamientos de Organizaciones Sociales","link":"https:\/\/moir.com.co\/web\/category\/pronunciamientos-de-organizaciones-sociales\/"},"img":{"alt_text":"","src":"","width":0,"height":0},"classes":[]},{"id":664,"url":"https:\/\/moir.com.co\/web\/polemica-por-importacion-de-arroz-que-derrumba-precios-a-cultivadores-y-crecen-los-del-consumidor\/","url_meta":{"origin":546,"position":5},"title":"POL\u00c9MICA POR IMPORTACI\u00d3N DE ARROZ QUE DERRUMBA PRECIOS A CULTIVADORES Y CRECEN LOS DEL CONSUMIDOR","author":"admin","date":"agosto 11, 2004","format":false,"excerpt":"En el debate est\u00e1n enfrascados La industria molinera, los productores de arroz y el Ministerio de Agricultura. El debate se abri\u00f3 luego de que la carga de 125 kilos que se les compra a los cultivadores cay\u00f3, en solo tres meses, de 85.000 a 77.000 pesos (9%). Mientras tanto, los\u2026","rel":"","context":"En \u00abPronunciamientos de Organizaciones Sociales\u00bb","block_context":{"text":"Pronunciamientos de Organizaciones Sociales","link":"https:\/\/moir.com.co\/web\/category\/pronunciamientos-de-organizaciones-sociales\/"},"img":{"alt_text":"","src":"","width":0,"height":0},"classes":[]}],"jetpack_sharing_enabled":true,"_links":{"self":[{"href":"https:\/\/moir.com.co\/web\/wp-json\/wp\/v2\/posts\/546","targetHints":{"allow":["GET"]}}],"collection":[{"href":"https:\/\/moir.com.co\/web\/wp-json\/wp\/v2\/posts"}],"about":[{"href":"https:\/\/moir.com.co\/web\/wp-json\/wp\/v2\/types\/post"}],"author":[{"embeddable":true,"href":"https:\/\/moir.com.co\/web\/wp-json\/wp\/v2\/users\/1"}],"replies":[{"embeddable":true,"href":"https:\/\/moir.com.co\/web\/wp-json\/wp\/v2\/comments?post=546"}],"version-history":[{"count":0,"href":"https:\/\/moir.com.co\/web\/wp-json\/wp\/v2\/posts\/546\/revisions"}],"wp:attachment":[{"href":"https:\/\/moir.com.co\/web\/wp-json\/wp\/v2\/media?parent=546"}],"wp:term":[{"taxonomy":"category","embeddable":true,"href":"https:\/\/moir.com.co\/web\/wp-json\/wp\/v2\/categories?post=546"},{"taxonomy":"post_tag","embeddable":true,"href":"https:\/\/moir.com.co\/web\/wp-json\/wp\/v2\/tags?post=546"}],"curies":[{"name":"wp","href":"https:\/\/api.w.org\/{rel}","templated":true}]}}