{"id":5457,"date":"2011-03-29T20:50:43","date_gmt":"2011-03-29T20:50:43","guid":{"rendered":"https:\/\/moir.org.co\/web\/la-cut-rechaza-la-intervencion-militar-de-estados-unidos-y-la-otan-en-libia\/"},"modified":"2011-03-29T20:50:43","modified_gmt":"2011-03-29T20:50:43","slug":"la-cut-rechaza-la-intervencion-militar-de-estados-unidos-y-la-otan-en-libia","status":"publish","type":"post","link":"https:\/\/moir.com.co\/web\/la-cut-rechaza-la-intervencion-militar-de-estados-unidos-y-la-otan-en-libia\/","title":{"rendered":"La CUT rechaza la intervenci\u00f3n militar de Estados Unidos y la OTAN en Libia"},"content":{"rendered":"<p>En una acci\u00f3n criminal y con el aval del Consejo de Seguridad de la ONU, la aviaci\u00f3n de Estados Unidos y la OTAN ejecutan un criminal bombardeo sobre la naci\u00f3n Libia.                                                  <\/p>\n<p>Los motivos alegados son inaceptables para las fuerzas democr\u00e1ticas y amigas de la Paz Mundial, se trata de la violaci\u00f3n de la soberan\u00eda nacional de Libia y de la intervenci\u00f3n en sus asuntos internos por parte de Estados Unidos y sus aliados de la Uni\u00f3n Europea. <\/p>\n<p>La CUT ha declarado su simpat\u00eda con las grandes movilizaciones que los pueblos del Norte de \u00c1frica y Medio Oriente desarrollan para reclamar el fin de gobierno dictatoriales y el cese de la aplicaci\u00f3n de pol\u00edticas neoliberales y el saqueo de sus recursos naturales, hemos manifestado nuestro apoyo y simpat\u00eda con la lucha que por soberan\u00eda y democracia adelantan esos pueblos. Cosa distinta es la utilizaci\u00f3n de estas manifestaciones por parte de Estados Unidos y la OTAN para intervenir militarmente contra gobiernos que son contrarios a sus intereses como ocurre con Libia, Siria e Ir\u00e1n, mientras guardan silencio o alcahuetean dictaduras que como las de Egipto, Tunez, Barehein, Yemen y Jordania se caracterizan por su incondicionalidad con los intereses de Estados Unidos y la Uni\u00f3n Europea en la zona. <\/p>\n<p>Los pueblos del Norte del \u00c1frica y Medio Oriente resolver\u00e1n aut\u00f3nomamente el destino de sus naciones, los dem\u00f3cratas del mundo apoyamos las luchas contra las tiran\u00edas y el saqueo imperialista de las naciones y en particular rechazamos la intervenci\u00f3n militar en Libia y el bombardeo criminal contra su poblaci\u00f3n.<\/p>\n","protected":false},"excerpt":{"rendered":"<p>En una acci\u00f3n criminal y con el aval del Consejo de Seguridad de la ONU, la aviaci\u00f3n de Estados Unidos y la OTAN ejecutan un criminal bombardeo sobre la naci\u00f3n Libia. Los motivos alegados son inaceptables para las fuerzas democr\u00e1ticas y amigas de la Paz Mundial, se trata de la violaci\u00f3n de la soberan\u00eda nacional [&hellip;]<\/p>\n","protected":false},"author":1,"featured_media":0,"comment_status":"open","ping_status":"open","sticky":false,"template":"","format":"standard","meta":{"advanced_seo_description":"","jetpack_seo_html_title":"","jetpack_seo_noindex":false,"_jetpack_memberships_contains_paid_content":false,"footnotes":""},"categories":[7],"tags":[],"class_list":["post-5457","post","type-post","status-publish","format-standard","hentry","category-pronunciamientos-de-organizaciones-sociales"],"jetpack_featured_media_url":"","jetpack-related-posts":[{"id":5481,"url":"https:\/\/moir.com.co\/web\/no-a-la-intervencion-militar-de-estados-unidos-y-la-otan-en-libia\/","url_meta":{"origin":5457,"position":0},"title":"\u00a1No a la intervenci\u00f3n militar de Estados Unidos y la OTAN en Libia!","author":"admin","date":"abril 3, 2011","format":false,"excerpt":"Ning\u00fan pa\u00eds del mundo debe intervenir en los asuntos internos de otro, independientemente del gobierno que est\u00e9 al frente del Estado. Esta es una posici\u00f3n de principios para las naciones democr\u00e1ticas y soberanas y la base de la coexistencia pac\u00edfica y el mantenimiento de la paz mundial. El ataque con\u2026","rel":"","context":"En \u00abEscritos del Moir\u00bb","block_context":{"text":"Escritos del Moir","link":"https:\/\/moir.com.co\/web\/category\/moir\/escritos-del-moir\/"},"img":{"alt_text":"","src":"","width":0,"height":0},"classes":[]},{"id":5882,"url":"https:\/\/moir.com.co\/web\/la-defensa-de-civiles-se-convierte-en-derecho-al-saqueo\/","url_meta":{"origin":5457,"position":1},"title":"La \u201cdefensa de civiles\u201d se convierte en \u201cderecho al saqueo\u201d","author":"admin","date":"agosto 31, 2011","format":false,"excerpt":"La \u201ccarga del hombre blanco\u201d no permite que se pregunte a los africanos lo que piensan sobre el actual ataque occidental\/\u00e1rabe mon\u00e1rquico a las costas septentrionales de su continente. Por lo menos hay algunos que no se andan por las ramas. M\u00e1s de 200 dirigentes e intelectuales africanos publicaron una\u2026","rel":"","context":"En \u00abRevista de Prensa\u00bb","block_context":{"text":"Revista de Prensa","link":"https:\/\/moir.com.co\/web\/category\/prensa\/revista-de-prensa\/"},"img":{"alt_text":"","src":"","width":0,"height":0},"classes":[]},{"id":5907,"url":"https:\/\/moir.com.co\/web\/la-hipocresia-de-occidente\/","url_meta":{"origin":5457,"position":2},"title":"La hipocres\u00eda de Occidente","author":"admin","date":"septiembre 6, 2011","format":false,"excerpt":"Los pretextos para invadir un pa\u00eds, dar un golpe de estado, declarar una guerra, han sido parte de la t\u00e1ctica de Occidente, en particular de Estados Unidos, el autodenominado \u201ccampe\u00f3n de la libertad\u201d, pero, a la postre, un pa\u00eds de los m\u00e1s violadores de soberan\u00edas. La defensa de sus intereses\u2026","rel":"","context":"En \u00abRevista de Prensa\u00bb","block_context":{"text":"Revista de Prensa","link":"https:\/\/moir.com.co\/web\/category\/prensa\/revista-de-prensa\/"},"img":{"alt_text":"","src":"","width":0,"height":0},"classes":[]},{"id":5527,"url":"https:\/\/moir.com.co\/web\/no-hay-negocio-como-el-de-la-guerra\/","url_meta":{"origin":5457,"position":3},"title":"No hay negocio como el de la guerra","author":"admin","date":"abril 16, 2011","format":false,"excerpt":"Mentira, hipocres\u00eda y programas secretos. De eso no habl\u00f3 el presidente de EE.UU., Barack Obama, cuando explic\u00f3 su doctrina libia a EE.UU. y al mundo. La mente se aturde con tantos agujeros negros que engullen esta espl\u00e9ndida guerrita que no es una guerra (una \u201cacci\u00f3n militar, limitada en el tiempo,\u2026","rel":"","context":"En \u00abRevista de Prensa\u00bb","block_context":{"text":"Revista de Prensa","link":"https:\/\/moir.com.co\/web\/category\/prensa\/revista-de-prensa\/"},"img":{"alt_text":"","src":"","width":0,"height":0},"classes":[]},{"id":5340,"url":"https:\/\/moir.com.co\/web\/los-levantamientos-en-libia\/","url_meta":{"origin":5457,"position":4},"title":"Los levantamientos en Libia","author":"admin","date":"febrero 27, 2011","format":false,"excerpt":"El caso de Libia entre los pa\u00edses \u00e1rabes tiene una serie de caracter\u00edsticas que lo hacen muy particular. Gadhafi, siendo un joven oficial del ej\u00e9rcito, lleg\u00f3 al poder tras el derrocamiento de la monarqu\u00eda al frente de una revoluci\u00f3n que postulaba, primero, el ingreso de su pa\u00eds a los No\u2026","rel":"","context":"En \u00abTemas\u00bb","block_context":{"text":"Temas","link":"https:\/\/moir.com.co\/web\/category\/temas\/"},"img":{"alt_text":"","src":"","width":0,"height":0},"classes":[]},{"id":5876,"url":"https:\/\/moir.com.co\/web\/la-sangrienta-farsa-libia\/","url_meta":{"origin":5457,"position":5},"title":"La sangrienta farsa Libia","author":"admin","date":"agosto 29, 2011","format":false,"excerpt":"Dicen Correa del Ecuador, Ch\u00e1vez de Venezuela, Castro de Cuba, que esto de Libia no es una revoluci\u00f3n democr\u00e1tica, sino una invasi\u00f3n imperialista. Dicen otros, desde Obama de los Estados Unidos y Sarkozy de Francia (con su soldadito de plomo el todav\u00eda llamado \"joven\" fil\u00f3foso Bernard-Henry L\u00e9vy) hasta varios columnistas\u2026","rel":"","context":"En \u00abRevista de Prensa\u00bb","block_context":{"text":"Revista de Prensa","link":"https:\/\/moir.com.co\/web\/category\/prensa\/revista-de-prensa\/"},"img":{"alt_text":"","src":"","width":0,"height":0},"classes":[]}],"jetpack_sharing_enabled":true,"_links":{"self":[{"href":"https:\/\/moir.com.co\/web\/wp-json\/wp\/v2\/posts\/5457","targetHints":{"allow":["GET"]}}],"collection":[{"href":"https:\/\/moir.com.co\/web\/wp-json\/wp\/v2\/posts"}],"about":[{"href":"https:\/\/moir.com.co\/web\/wp-json\/wp\/v2\/types\/post"}],"author":[{"embeddable":true,"href":"https:\/\/moir.com.co\/web\/wp-json\/wp\/v2\/users\/1"}],"replies":[{"embeddable":true,"href":"https:\/\/moir.com.co\/web\/wp-json\/wp\/v2\/comments?post=5457"}],"version-history":[{"count":0,"href":"https:\/\/moir.com.co\/web\/wp-json\/wp\/v2\/posts\/5457\/revisions"}],"wp:attachment":[{"href":"https:\/\/moir.com.co\/web\/wp-json\/wp\/v2\/media?parent=5457"}],"wp:term":[{"taxonomy":"category","embeddable":true,"href":"https:\/\/moir.com.co\/web\/wp-json\/wp\/v2\/categories?post=5457"},{"taxonomy":"post_tag","embeddable":true,"href":"https:\/\/moir.com.co\/web\/wp-json\/wp\/v2\/tags?post=5457"}],"curies":[{"name":"wp","href":"https:\/\/api.w.org\/{rel}","templated":true}]}}