{"id":5422,"date":"2011-03-18T15:44:49","date_gmt":"2011-03-18T15:44:49","guid":{"rendered":"https:\/\/moir.org.co\/web\/equivocada-propuesta-de-concentrar-aun-mas-la-propiedad-rural-tramitada-como-un-mico\/"},"modified":"2011-03-18T15:44:49","modified_gmt":"2011-03-18T15:44:49","slug":"equivocada-propuesta-de-concentrar-aun-mas-la-propiedad-rural-tramitada-como-un-mico","status":"publish","type":"post","link":"https:\/\/moir.com.co\/web\/equivocada-propuesta-de-concentrar-aun-mas-la-propiedad-rural-tramitada-como-un-mico\/","title":{"rendered":"Equivocada propuesta de concentrar a\u00fan m\u00e1s la propiedad rural tramitada como un \u201cmico\u201d"},"content":{"rendered":"<p>Doctor<\/p>\n<p>JUAN CAMILO RESTREPO<\/p>\n<p>Ministro de Agricultura y Desarrollo Rural<\/p>\n<p>Ciudad<\/p>\n<p><strong>Referencia: la equivocada propuesta de concentrar a\u00fan m\u00e1s la propiedad rural no debe tramitarse como un tipo de \u2018mico\u2019 en el Plan de Desarrollo.<\/strong><\/p>\n<p>Cordial saludo:<\/p>\n<p>Por su conducto, los abajo firmantes le solicitamos al gobierno que preside Juan Manuel Santos retirar del Plan Nacional de Desarrollo los art\u00edculos 45, 46 y 47, por razones de fondo y de forma. De fondo porque significan un cambio enorme y negativo en la pol\u00edtica de tierra rural del Estado colombiano. Y de forma porque una modificaci\u00f3n de ese calibre no debe tramitarse refundida entre los 170 art\u00edculos del Plan de Desarrollo sobre todo tipo de temas, sino como una ley especializada que haga tr\u00e1nsito sin premuras y con todas las garant\u00edas que debe tener un debate p\u00fablico, informado y democr\u00e1tico.<\/p>\n<p>Dichos art\u00edculos buscan entregarles a los m\u00e1s acaudalados colombianos y extranjeros \u2013latifundistas, banqueros, monopolistas, trasnacionales\u2013 entre seis y diez millones de hect\u00e1reas de tierras bald\u00edas que posee el Estado Colombiano en la Altillanura (Orinoquia), para que en ellas se monten negocios agropecuarios del orden de 40, 45 mil hect\u00e1reas. Tambi\u00e9n buscan estimular que las tierras ya otorgadas por el Estado \u2013como bald\u00edos o por reforma agraria\u2013 terminen bajo el control de grandes proyectos agropecuarios. Y esto se pretende modificando la Ley 160 de 1994, que define como pol\u00edtica p\u00fablica que los bald\u00edos del Estado se distribuyan entre los obreros agr\u00edcolas y los minifundistas, en \u00e1reas acordes con la idea de estimular la distribuci\u00f3n democr\u00e1tica de la propiedad en el campo, al igual que impide que estas parcelas y las de reforma agraria terminen adquiridas por los propietarios mayores.<\/p>\n<p>Un cambio profundo calculado para concentrar a\u00fan m\u00e1s la propiedad rural en un pa\u00eds que tiene una de las mayores concentraciones de la tierra en el mundo (gini de 0.87), concentraci\u00f3n que contribuye con otra cifra que tambi\u00e9n nos averg\u00fcenza a los colombianos: m\u00e1s de un tercio de los habitantes en las zonas rurales sobrevive en la indigencia.<\/p>\n<p>Pero el prop\u00f3sito de esta carta, se\u00f1or ministro, no es expresar nuestras discrepancias con el contenido general del Plan de Desarrollo y mucho menos convencer al gobierno de lo negativo que resulta concentrar todav\u00eda m\u00e1s \u2013a escala de monopolio\u2013 la tierra rural en Colombia, pues resulta f\u00e1cil entender que no coincidimos en el punto de vista. Lo que cordialmente le solicitamos es que esta modificaci\u00f3n no se proponga como un tipo de \u2018mico\u2019 en el Plan de Desarrollo, sino que se haga de cara al pa\u00eds, mediante un proyecto de ley especializado que facilite el debate democr\u00e1tico, para que, producto del debate en el Congreso y fuera de este, se estudie el tema y se decida.<\/p>\n<p>Nota: Las personas que aparecen como firmantes han le\u00eddo y repaldan plenamente el contenido de esta misiva. Entender\u00e1 Usted, se\u00f1or ministro, las dificultades en la recolecci\u00f3n de sus firmas por estar radicadas, la mayor\u00eda de ellas, fuera de Bogot\u00e1. Para cualquier notificaci\u00f3n o respuesta que d\u00e9 a lugar la presente misiva, favor dirigirla a la calle 30a No. 6-22 oficina 2701.<\/p>\n<p>De antemano agradecemos la atenci\u00f3n que merezca la presente.<\/p>\n<p>Atentamente,<\/p>\n<p>Mesa Nacional de Unidad Agraria<\/p>\n<p>FENSUAGRO<\/p>\n<p>FENACOA\t<\/p>\n<p>ANMUCIC<\/p>\n<p>ANUCUR<\/p>\n<p>FANAL<\/p>\n<p>ASOGRAS<\/p>\n<p>CONFEDERACION COMUNAL<\/p>\n<p>Coordinaci\u00f3n Nacional de Desplazados<\/p>\n<p>Mesa Nacional de Fortalecimiento de Poblaci\u00f3n Desplazada<\/p>\n<p>Mesa de Incidencia Pol\u00edtica Mujeres Rurales<\/p>\n<p>Red contra el Hambre y la Pobreza<\/p>\n<p>Proceso de Comunidades Negras<\/p>\n<p>OPDI\t\t<\/p>\n<p>ASODEMUC<\/p>\n<p>Federaci\u00f3n Nacional de Cooperativas Agropecuarias, FENACOA<\/p>\n<p>Asociaci\u00f3n de Poblaci\u00f3n Desplazada de Membrillal, ASODESMEM<\/p>\n<p>Acci\u00f3n Campesina Colombiana<\/p>\n<p>Censat Agua Viva\u2013Amigos de la Tierra<\/p>\n<p>Federaci\u00f3n Acci\u00f3n Campesina Colombiana<\/p>\n<p>Mario de Jes\u00fas Cardona<br \/>\nPresidente <\/p>\n<p>Carlos Anc\u00edzar Rico\t<\/p>\n<p>Secretario Relaciones Internacionales<\/p>\n<p>Junta Directiva Nacional SINTRAINCODER.<\/p>\n<p>H\u00e9ctor E. C\u00e1rdenas<\/p>\n<p>Presidente\t<\/p>\n<p>Gustavo H. Ramos \u00c1lvarez<\/p>\n<p>Secretario<\/p>\n<p>Aurelio Su\u00e1rez Montoya, Director Ejecutivo Salvaci\u00f3n Agropecuaria, Unidad Cafetera Nacional<\/p>\n<p>Eudoro Alv\u00e1rez, Coitemeta<\/p>\n<p>Carlos Naranjo Ossa, Asociaci\u00f3n Colombiana de Ingenieros Agr\u00f3nomos, ACIA<br \/>\nAlberto Caro, Asociaci\u00f3n Colombiana de Ingenieros Agr\u00f3nomos, HACIA<\/p>\n<p>\u00c1lvaro Rodr\u00edguez Soto, Asociaci\u00f3n Colombiana de Ingenieros Agr\u00f3nomos, ACIA<\/p>\n<p>Pedro Nel Camargo, Unidad Panelera<\/p>\n<p>Eduardo Majul Guiti\u00e9rrez, Agrosur<\/p>\n<p>Leonel Juvinao Cruz, Salvaci\u00f3n Agropecuaria-Magdalena<\/p>\n<p>Libardo G\u00f3mez, Salvaci\u00f3n Agropecuaria\u2013Huila<\/p>\n<p>Asproinca, Equipo de promotores<\/p>\n<p>Asociaci\u00f3n de Familias Campesinas BIABUMA T\u00e1mesis- Antioquia.<\/p>\n<p>Lu\u00eds Carlos Estupi\u00f1\u00e1n Aponte, Director Corporaci\u00f3n Buen Ambiente, CORAMBIENTE<\/p>\n<p>Alexander Garces Monta\u00f1o, Proceso de Comunidades Negras, PCN, Buenaventura \u2013 Valle del Cauca<\/p>\n<p>Tarsicio Aguilar G\u00f3mez, Coordinador General, Asociaci\u00f3n Red Colombiana de Agricultura biol\u00f3gica, RECAB ANTIOQUIA<\/p>\n<p>Asociaci\u00f3n Ecol\u00f3gica Madremonte<\/p>\n<p>Heriberto Flor Quiroga, Corporaci\u00f3n c\u00edvico cultural de Altos de la Estancia-CORCCAE<\/p>\n<p>Sandra Liliana S\u00e1nchez, Colectivo ambiental cuenca del Tunjuelo<\/p>\n<p>Marko Su\u00e1rez, Movimiento intercultural Todosatierra.<\/p>\n<p>Norma Villareal, Salvaci\u00f3n Agropecuaria\t\t\t\t<\/p>\n<p>Leopoldo M\u00fanera, Planeta Paz<\/p>\n<p>Gregorio Mesa, Planeta Paz<\/p>\n<p>Jimena \u00d1a\u00f1ez, Planeta Paz\t<\/p>\n<p>Hern\u00e1n Dar\u00edo Correa, Planeta Paz\t\t\t\t\t\t<\/p>\n<p>Martha Carvajalino, Planeta Paz<\/p>\n<p>Angel Tolosa, Planeta Paz<\/p>\n<p>Carlos Salgado, Director Planeta Paz<\/p>\n<p>Dario Fajardo, Investigador y profesor universitario<\/p>\n<p>Carolina Jim\u00e9nez M<\/p>\n<p>Blanca Mart\u00edn<\/p>\n<p>Heidy Jim\u00e9nez<\/p>\n<p>Javier M\u00fanera Calle\t<\/p>\n<p>June Marie Mow<\/p>\n<p>Mariela In\u00e9s Pineda Cardona\t<\/p>\n<p>Elizabeth Sep\u00falveda<\/p>\n<p>Natalia Maya Santacruz\t<\/p>\n<p>Esperanza Cer\u00f3n Villaquir\u00e1n<\/p>\n","protected":false},"excerpt":{"rendered":"<p>Doctor JUAN CAMILO RESTREPO Ministro de Agricultura y Desarrollo Rural Ciudad Referencia: la equivocada propuesta de concentrar a\u00fan m\u00e1s la propiedad rural no debe tramitarse como un tipo de \u2018mico\u2019 en el Plan de Desarrollo. Cordial saludo: Por su conducto, los abajo firmantes le solicitamos al gobierno que preside Juan Manuel Santos retirar del Plan [&hellip;]<\/p>\n","protected":false},"author":1,"featured_media":0,"comment_status":"open","ping_status":"open","sticky":false,"template":"","format":"standard","meta":{"advanced_seo_description":"","jetpack_seo_html_title":"","jetpack_seo_noindex":false,"_jetpack_memberships_contains_paid_content":false,"footnotes":""},"categories":[7],"tags":[],"class_list":["post-5422","post","type-post","status-publish","format-standard","hentry","category-pronunciamientos-de-organizaciones-sociales"],"jetpack_featured_media_url":"","jetpack-related-posts":[{"id":5358,"url":"https:\/\/moir.com.co\/web\/senadores-de-la-comision-v-solicitan-al-gobierno-sacar-del-pnd-los-articulos-que-concentran-la-propiedad-de-la-tierra\/","url_meta":{"origin":5422,"position":0},"title":"Senadores de la Comisi\u00f3n V solicitan al gobierno sacar del PND los art\u00edculos que concentran la propiedad de la tierra","author":"admin","date":"marzo 3, 2011","format":false,"excerpt":"Que la reforma a la Ley 160 de 1994, sobre entrega de tierras del Estado a los particulares, se tramite como proyecto de ley independiente y no como letra menuda dentro del Plan Nacional de Desarrollo, le pidieron algunos congresistas de la Comisi\u00f3n Quinta del Senado al ministro de Agricultura,\u2026","rel":"","context":"En \u00abJorge Enrique Robledo\u00bb","block_context":{"text":"Jorge Enrique Robledo","link":"https:\/\/moir.com.co\/web\/category\/jorge-enrique-robledo\/"},"img":{"alt_text":"","src":"","width":0,"height":0},"classes":[]},{"id":5304,"url":"https:\/\/moir.com.co\/web\/el-destape-de-santos-sobre-la-propiedad-rural\/","url_meta":{"origin":5422,"position":1},"title":"El destape de Santos sobre la  propiedad rural","author":"admin","date":"febrero 18, 2011","format":false,"excerpt":"Con tres art\u00edculos-mico en el Plan de Desarrollo (45, 46 y 47), Juan Manuel Santos y Juan Camilo Restrepo pretenden convertir en ley la idea de concentrar a\u00fan m\u00e1s la tierra rural, cambio que no se atrevieron a intentar \u00c1lvaro Uribe y Andr\u00e9s Felipe Arias. En el debate de Carimagua\u2026","rel":"","context":"En \u00abJorge Enrique Robledo\u00bb","block_context":{"text":"Jorge Enrique Robledo","link":"https:\/\/moir.com.co\/web\/category\/jorge-enrique-robledo\/"},"img":{"alt_text":"","src":"","width":0,"height":0},"classes":[]},{"id":7499,"url":"https:\/\/moir.com.co\/web\/santos-insiste-en-concentrar-aun-mas-la-tierra-rural\/","url_meta":{"origin":5422,"position":2},"title":"Santos insiste en concentrar a\u00fan m\u00e1s la tierra rural","author":"admin","date":"abril 26, 2013","format":false,"excerpt":"Por considerarlos regresivos, y para dictar sentencia favorable en una demanda de congresistas del Polo, la Corte Constitucional declar\u00f3 inexequibles tres art\u00edculos del Plan de Desarrollo con los que Santos y Restrepo intentaron fortalecer su modelo agrario a la medida de los monopolios nacionales y extranjeros, a partir de concentrar\u2026","rel":"","context":"En \u00abJorge Enrique Robledo\u00bb","block_context":{"text":"Jorge Enrique Robledo","link":"https:\/\/moir.com.co\/web\/category\/jorge-enrique-robledo\/"},"img":{"alt_text":"","src":"","width":0,"height":0},"classes":[]},{"id":5488,"url":"https:\/\/moir.com.co\/web\/no-al-mico-en-el-plan-nacional-de-desarrollo-a-favor-de-los-superricos\/","url_meta":{"origin":5422,"position":3},"title":"No al mico en el Plan Nacional de Desarrollo a favor de los superricos","author":"admin","date":"abril 5, 2011","format":false,"excerpt":"Ma\u00f1ana mi\u00e9rcoles, en el debate de Comisi\u00f3n Quinta al ministro de Agricultura, el senador Jorge Enrique Robledo har\u00e1 severo cuestionamiento a los art\u00edculos sobre tierras del Plan Nacional de Desarrollo. Por inconveniencias de fondo y de forma, el senador Jorge Enrique Robledo se propone objetar ma\u00f1ana, en el debate al\u2026","rel":"","context":"En \u00abJorge Enrique Robledo\u00bb","block_context":{"text":"Jorge Enrique Robledo","link":"https:\/\/moir.com.co\/web\/category\/jorge-enrique-robledo\/"},"img":{"alt_text":"","src":"","width":0,"height":0},"classes":[]},{"id":5630,"url":"https:\/\/moir.com.co\/web\/politica-de-tierras-un-negocio-en-grande-para-los-banqueros\/","url_meta":{"origin":5422,"position":4},"title":"Pol\u00edtica de tierras, un negocio en grande para los banqueros","author":"admin","date":"mayo 17, 2011","format":false,"excerpt":"Seg\u00fan el senador Jorge Enrique Robledo, el presidente Santos aspira a concretar con tres art\u00edculos encajados como un gran mico dentro del Plan de Desarrollo lo que no pudo Uribe en el frustrado Estatuto de Desarrollo Rural, intentado despu\u00e9s en Carimagua y resumido en el discurso pronunciado por \u00e9l en\u2026","rel":"","context":"En \u00abJorge Enrique Robledo\u00bb","block_context":{"text":"Jorge Enrique Robledo","link":"https:\/\/moir.com.co\/web\/category\/jorge-enrique-robledo\/"},"img":{"alt_text":"","src":"","width":0,"height":0},"classes":[]},{"id":6819,"url":"https:\/\/moir.com.co\/web\/un-triunfo-de-la-vision-democratica-del-desarrollo-rural\/","url_meta":{"origin":5422,"position":5},"title":"Un triunfo de la visi\u00f3n democr\u00e1tica del desarrollo rural","author":"admin","date":"septiembre 4, 2012","format":false,"excerpt":"La Corte Constitucional les dio la raz\u00f3n al senador Jorge Enrique Robledo y al representante Wilson Arias, ambos del Polo Democr\u00e1tico Alternativo, en su denuncia sobre la inconstitucionalidad de los art\u00edculos 60, 61 y 62 del Plan Nacional de Desarrollo \u201cProsperidad para todos\u201d, aprobado por el Congreso Nacional a iniciativa\u2026","rel":"","context":"En \u00abTemas\u00bb","block_context":{"text":"Temas","link":"https:\/\/moir.com.co\/web\/category\/temas\/"},"img":{"alt_text":"","src":"","width":0,"height":0},"classes":[]}],"jetpack_sharing_enabled":true,"_links":{"self":[{"href":"https:\/\/moir.com.co\/web\/wp-json\/wp\/v2\/posts\/5422","targetHints":{"allow":["GET"]}}],"collection":[{"href":"https:\/\/moir.com.co\/web\/wp-json\/wp\/v2\/posts"}],"about":[{"href":"https:\/\/moir.com.co\/web\/wp-json\/wp\/v2\/types\/post"}],"author":[{"embeddable":true,"href":"https:\/\/moir.com.co\/web\/wp-json\/wp\/v2\/users\/1"}],"replies":[{"embeddable":true,"href":"https:\/\/moir.com.co\/web\/wp-json\/wp\/v2\/comments?post=5422"}],"version-history":[{"count":0,"href":"https:\/\/moir.com.co\/web\/wp-json\/wp\/v2\/posts\/5422\/revisions"}],"wp:attachment":[{"href":"https:\/\/moir.com.co\/web\/wp-json\/wp\/v2\/media?parent=5422"}],"wp:term":[{"taxonomy":"category","embeddable":true,"href":"https:\/\/moir.com.co\/web\/wp-json\/wp\/v2\/categories?post=5422"},{"taxonomy":"post_tag","embeddable":true,"href":"https:\/\/moir.com.co\/web\/wp-json\/wp\/v2\/tags?post=5422"}],"curies":[{"name":"wp","href":"https:\/\/api.w.org\/{rel}","templated":true}]}}