{"id":542,"date":"2004-08-10T07:00:00","date_gmt":"2004-08-10T07:00:00","guid":{"rendered":"https:\/\/moir.org.co\/web\/reunion-con-el-ministro-de-minas\/"},"modified":"2004-08-10T07:00:00","modified_gmt":"2004-08-10T07:00:00","slug":"reunion-con-el-ministro-de-minas","status":"publish","type":"post","link":"https:\/\/moir.com.co\/web\/reunion-con-el-ministro-de-minas\/","title":{"rendered":"REUNI\u00d3N CON EL MINISTRO DE MINAS"},"content":{"rendered":"<p>Comisi\u00f3n Negociadora USO, agosto 1 de 2003<\/p>\n<p>Reafirmando nuestra voluntad de di\u00e1logo y privilegiando la negociaci\u00f3n directa, ayer asistimos a la reuni\u00f3n programada con el Ministro de Minas, a la cual no asisti\u00f3 el Presidente de ECOPETROL, quien sigue demostrando su displicencia y desinter\u00e9s por la suerte del a empresa y los trabajadores. En dicha reuni\u00f3n el sindicato present\u00f3 una propuesta que contiene los aspectos en los cuales consideramos pertinente abrir negociaci\u00f3n para buscar la salida definitiva a este prolongado conflicto colectivo laboral as\u00ed:<\/p>\n<p>Las partidas econ\u00f3micas de los art\u00edculos: 10, 14, 18, 24, 37, 59, 65, 68, 70, 74 y 127 del pliego de peticiones propusimos que se aumenten en un porcentaje entre 10% y 15% respectivamente y los salarios para el 2003 y 2004 se ajusten en el IPC m\u00e1s 3%. Propusimos que se llenen las vacantes de acuerdo a las condiciones que se establezcan en la definici\u00f3n de las actividades. Y que la vigencia de la CCT, sea a partir del primero de enero de 2003.<\/p>\n<p>En los puntos de Pol\u00edtica Petrolera nuestras peticiones son:<\/p>\n<p>1. Para que Ecopetrol pueda funcionar a corto, mediano y largo plazo, como una empresa petrolera, necesita de autonom\u00eda financiera y presupuestal.<\/p>\n<p>2. La empresa tendr\u00e1 un Fondo Nacional de Exploraci\u00f3n.<\/p>\n<p>3. Ecopetrol se compromete a desarrollar las reservas probadas no desarrolladas de manera directa.<\/p>\n<p>4. El gobierno garantizar\u00e1 que los campos, yacimientos, instalaciones y equipos que se encuentran en desarrollo de las Concesiones vigentes y de los Contratos de Asociaci\u00f3n vigentes y de los que renuncien, revertir\u00e1n a Ecopetrol.<\/p>\n<p>5. Ecopetrol garantizar\u00e1 las inversiones para el desarrollo de sus campos directos de producci\u00f3n con la participaci\u00f3n del ICP.<\/p>\n<p>6. En la Gerencia Centro Oriente se pondr\u00e1 en aplicaci\u00f3n el Plan Piloto de producci\u00f3n.<\/p>\n<p>7. El gobierno nacional y Ecopetrol financiar\u00e1n de manera directa e integral el Plan Maestro de Cartagena, en todo lo que tiene que ver con plantas de procesos, tratamientos y servicios.<\/p>\n<p>8. La empresa garantizar\u00e1 los recursos econ\u00f3micos para la actualizaci\u00f3n tecnol\u00f3gica y optimizaci\u00f3n de las refiner\u00edas.<\/p>\n<p>9. La empresa desarrollar\u00e1 los procesos petroqu\u00edmicos, que permitan aumentar la oferta de materias primas a la industria nacional.<\/p>\n<p>10. El Gobierno Nacional, garantiza la propiedad, operaci\u00f3n y mantenimiento directo por parte de la Ecopetrol, de la infraestructura de oleoductos.<\/p>\n<p>11. Ecopetrol garantiza el presupuesto necesario para que el ICP ejecute proyectos de investigaci\u00f3n y desarrollo.<\/p>\n<p>12. Se le dar\u00e1 participaci\u00f3n de Ecopetrol en la distribuci\u00f3n mayoritaria de combustibles.<\/p>\n<p>ARTICULO 2\u00b0 DE LA CONVENCI\u00d3N COLECTIVA &#8211; ACTIVIDADES<\/p>\n<p>Estamos en disposici\u00f3n de definir el car\u00e1cter de las actividades de la industria del petr\u00f3leo por su car\u00e1cter estrat\u00e9gico y esencial para la producci\u00f3n, buscando que los trabajadores a t\u00e9rmino fijo, de la actual bolsa de temporales, se tengan en cuenta para proveer las vacantes que resulten.<\/p>\n<p>CONTRATACI\u00d3N<\/p>\n<p>Con la clasificaci\u00f3n de actividades se recuperan las actividades del petr\u00f3leo que en la actualidad se desarrollan mediante el sistema de contratistas y para las que no son del objeto de la empresa, se establecer\u00e1n unas reglas claras de orden salarial y prestacional.<\/p>\n<p>DESPIDOS Y PROCESOS DISCIPLINARIOS<\/p>\n<p>En la reuni\u00f3n con el presidente \u00c1lvaro Uribe V\u00e9lez, se acord\u00f3 discutir el reintegro de los compa\u00f1eros injustamente despedidos. El Sindicato propuso cambiar los despidos por una sanci\u00f3n disciplinaria que se defina en la negociaci\u00f3n, de igual forma que se levante el veto laboral a los trabajadores temporales. El Sindicato solicit\u00f3 habilitar un espacio de discusi\u00f3n entre la Oficina de Control Disciplinario Interno de Ecopetrol y la USO, que permita resolver estos aspectos.<\/p>\n<p>Frente al documento presentado por el sindicato, el ministro manifest\u00f3 que esa reuni\u00f3n no era de negociaci\u00f3n, por tanto su respuesta personal no implicaba un compromiso con el sindicato.<\/p>\n<p>Sobre Pol\u00edtica Petrolera dijo que los aspectos que corresponden al gobierno no son negociables, recibe opiniones y si las estima importantes las incluye en los proyectos en su propia autonom\u00eda. Los aspectos que en esta materia son del resorte de Ecopetrol los deben tratar con la administraci\u00f3n de la empresa, as\u00ed como los temas del contrapliego y el pliego del sindicato, pero hay criterios que son de la pol\u00edtica de recobrar la gobernabilidad. Con respecto al plan Maestro de Cartagena ya est\u00e1n tomadas las decisiones d\u00e1ndole participaci\u00f3n en la construcci\u00f3n de servicios y tratamientos industriales a los privados. Y en el tema del transporte, plante\u00f3 la decisi\u00f3n de abrir nuestros oleoductos al servicio de terceros, manteniendo la operaci\u00f3n por Ecopetrol. Y no comparte la participaci\u00f3n de Ecopetrol en la distribuci\u00f3n y comercializaci\u00f3n mayoritaria de combustibles.<\/p>\n<p>En cuanto al salario e incremento de partidas convencionales se\u00f1al\u00f3 que por directriz del gobierno no se incrementan, por el contrario se congelar\u00e1n los salarios mayores de 2 smlm por un periodo de 2 a\u00f1os.<\/p>\n<p>Los despidos de los compa\u00f1eros de Cartagena y Barrancabermeja hay presiones contra la administraci\u00f3n para que estos compa\u00f1eros no regresen a la empresa. El tema deber\u00e1 ser tratado por un tercero ante la imposibilidad de las partes ponernos de acuerdo.<\/p>\n<p>El ministro manifest\u00f3 que el lunes dar\u00e1 una respuesta sobre los aspectos de pol\u00edtica petrolera que le competen y que los dem\u00e1s puntos deben ser tratados con la administraci\u00f3n.<\/p>\n<p>Como est\u00e1n las cosas no se ve una soluci\u00f3n al conflicto y la tendencia es agudizarse, toda vez que el esfuerzo del sindicato no encuentra eco, ni en el gobierno ni la empresa. Esta es la cuarta propuesta del sindicato para buscar acuerdo y no hay reciprocidad por parte de la administraci\u00f3n quien continua en la posici\u00f3n de negociar \u00fanicamente el contrapliego.<\/p>\n<p>NO VOTE EL REFERENDO&#8230; ABSTENCION TOTAL Y ACTIVA<br \/>\nVIVA EL PARO C\u00cdVICO NACIONAL DEL 12 DE AGOSTO<br \/>\nANTES QUE TRIBUNAL&#8230;HUELGA GENERAL<br \/>\nREINTEGRO PARA NUESTROS COMPA\u00d1EROS INJUSTAMENTE DESPEDIDOS\u2026<br \/>\nREINTEGRO INMEDIATO\u2026<br \/>\nLIBERTAD PARA EL COMPA\u00d1ERO HERNANDO HERN\u00c1NDEZ<br \/>\nVIVA NUESTRO JUSTO PLIEGO DE PETICIONES<\/p>\n","protected":false},"excerpt":{"rendered":"<p>Comisi\u00f3n Negociadora USO, agosto 1 de 2003 Reafirmando nuestra voluntad de di\u00e1logo y privilegiando la negociaci\u00f3n directa, ayer asistimos a la reuni\u00f3n programada con el Ministro de Minas, a la cual no asisti\u00f3 el Presidente de ECOPETROL, quien sigue demostrando su displicencia y desinter\u00e9s por la suerte del a empresa y los trabajadores. En dicha [&hellip;]<\/p>\n","protected":false},"author":1,"featured_media":0,"comment_status":"open","ping_status":"open","sticky":false,"template":"","format":"standard","meta":{"advanced_seo_description":"","jetpack_seo_html_title":"","jetpack_seo_noindex":false,"_jetpack_memberships_contains_paid_content":false,"footnotes":""},"categories":[7],"tags":[],"class_list":["post-542","post","type-post","status-publish","format-standard","hentry","category-pronunciamientos-de-organizaciones-sociales"],"jetpack_featured_media_url":"","jetpack-related-posts":[{"id":19727,"url":"https:\/\/moir.com.co\/web\/renuncia-de-rodolfo-gutierrez-nino-a-la-presidencia-de-la-uso\/","url_meta":{"origin":542,"position":0},"title":"RENUNCIA DE RODOLFO GUTIERREZ NI\u00d1O A LA PRESIDENCIA DE LA USO","author":"admin","date":"agosto 9, 2004","format":false,"excerpt":"En agosto de 2002 fuimos favorecidos por la mayor\u00eda de la Junta Nacional para la Presidencia del Sindicato, en la persona del compa\u00f1ero Rodolfo Guti\u00e9rrez Ni\u00f1o. Pusimos todo nuestro empe\u00f1o en que la USO tuviera como prioridad enfrentar la ofensiva del gobierno y las multinacionales contra la empresa, la defensa\u2026","rel":"","context":"En \u00abTribuna Roja N\u00ba 93, octubre 8 de 2003\u00bb","block_context":{"text":"Tribuna Roja N\u00ba 93, octubre 8 de 2003","link":"https:\/\/moir.com.co\/web\/category\/tribuna-roja\/ediciones-2000-2004\/tribuna-roja-no-93-octubre-8-de-2003\/"},"img":{"alt_text":"","src":"","width":0,"height":0},"classes":[]},{"id":93,"url":"https:\/\/moir.com.co\/web\/el-alca-con-las-manos-vacias-en-puebla\/","url_meta":{"origin":542,"position":1},"title":"EL ALCA, CON LAS MANOS VAC\u00cdAS EN PUEBLA","author":"admin","date":"agosto 6, 2004","format":false,"excerpt":"Sin acuerdos concretos finaliz\u00f3 la reuni\u00f3n del Comit\u00e9 de Negociaciones Comerciales del ALCA que se celebr\u00f3 en Puebla (M\u00e9xico). El encuentro, que era muy esperado ya que debia concretar la reconfiguraci\u00f3n del acuerdo comercial de las Am\u00e9ricas acordada poco tiempo antes en Miami, no logr\u00f3 dar ning\u00fan paso en concreto,\u2026","rel":"","context":"En \u00ab\u00a1No a los TLC y al ALCA!\u00bb","block_context":{"text":"\u00a1No a los TLC y al ALCA!","link":"https:\/\/moir.com.co\/web\/category\/temas\/no-a-los-tlc-y-al-alca\/"},"img":{"alt_text":"","src":"","width":0,"height":0},"classes":[]},{"id":986,"url":"https:\/\/moir.com.co\/web\/la-ronda-de-lima-estados-unidos-impone-sus-prioridades-marca-el-ritmo-y-los-andinos-ceden\/","url_meta":{"origin":542,"position":2},"title":"LA RONDA DE LIMA: ESTADOS UNIDOS IMPONE SUS PRIORIDADES, MARCA EL RITMO Y LOS ANDINOS CEDEN","author":"admin","date":"agosto 29, 2004","format":false,"excerpt":"Los resultado de la ronda de Lima son aleccionadores. La estrategia de Colombia ha sido conseguir \"casi\" todas las preferencias comerciales que ya ten\u00edamos con el ATPDEA y a cualquier precio. La estrategia norteamericana es otorgar mucho menos de las preferencias del ATPDEA y lograr cambios profundos en propiedad intelectual,\u2026","rel":"","context":"En \u00ab\u00a1No a los TLC y al ALCA!\u00bb","block_context":{"text":"\u00a1No a los TLC y al ALCA!","link":"https:\/\/moir.com.co\/web\/category\/temas\/no-a-los-tlc-y-al-alca\/"},"img":{"alt_text":"","src":"","width":0,"height":0},"classes":[]},{"id":577,"url":"https:\/\/moir.com.co\/web\/carta-de-renuncia-a-la-presidencia-de-la-uso-ante-la-decision-mayoritaria-de-negociar-el-contrapliego-patronal\/","url_meta":{"origin":542,"position":3},"title":"CARTA DE RENUNCIA A LA PRESIDENCIA DE LA USO ANTE LA DECISION MAYORITARIA DE NEGOCIAR EL CONTRAPLIEGO PATRONAL","author":"admin","date":"agosto 11, 2004","format":false,"excerpt":"Bogot\u00e1 DC, septiembre 3 del 2003 Compa\u00f1eros Junta Directiva Nacional Uni\u00f3n Sindical Obrera de la Industria del Petr\u00f3leo, USO L. C. En agosto de 2002 fuimos favorecidos por la mayor\u00eda de la Junta para la Presidencia del Sindicato, en la persona del compa\u00f1ero Rodolfo Guti\u00e9rrez Ni\u00f1o. Pusimos todo nuestro empe\u00f1o\u2026","rel":"","context":"En \u00abPronunciamientos de Organizaciones Sociales\u00bb","block_context":{"text":"Pronunciamientos de Organizaciones Sociales","link":"https:\/\/moir.com.co\/web\/category\/pronunciamientos-de-organizaciones-sociales\/"},"img":{"alt_text":"","src":"","width":0,"height":0},"classes":[]},{"id":9046,"url":"https:\/\/moir.com.co\/web\/voceros-de-la-costa-atlantica-ratifican-rechazo-al-alza-del-gas-y-exigen-modificar-formula-tarifaria\/","url_meta":{"origin":542,"position":4},"title":"Voceros de la Costa Atl\u00e1ntica ratifican rechazo al alza del gas y exigen modificar f\u00f3rmula tarifaria","author":"admin","date":"enero 30, 2015","format":false,"excerpt":"Sigue subiendo de tono el debate sobre la pretensi\u00f3n del gobierno de Juan Manuel Santos de elevar sustancialmente el precio del gas para los usuarios residenciales y empresariales de los siete departamentos del litoral Atl\u00e1ntico en un 25 por ciento, mientras lo rebaja al interior del pa\u00eds en un tres\u2026","rel":"","context":"En \u00abTemas\u00bb","block_context":{"text":"Temas","link":"https:\/\/moir.com.co\/web\/category\/temas\/"},"img":{"alt_text":"","src":"","width":0,"height":0},"classes":[]},{"id":559,"url":"https:\/\/moir.com.co\/web\/los-problemas-de-la-chec-deben-resolverse-con-el-aporte-de-la-nacion\/","url_meta":{"origin":542,"position":5},"title":"LOS PROBLEMAS DE LA CHEC DEBEN RESOLVERSE CON EL APORTE DE LA NACI\u00d3N","author":"admin","date":"agosto 11, 2004","format":false,"excerpt":"9 de mayo de 2003 Doctor GILDARDO ARMEL Presidente C\u00e1mara de Comercio Manizales Apreciado Doctor Armel: Por compromisos adquiridos con anterioridad, no puedo acompa\u00f1arlos en la importante reuni\u00f3n del pr\u00f3ximo lunes 12 de mayo sobre el tema de la Chec. Pero, al respecto, deseo manifestarles a los asistentes lo siguiente:\u2026","rel":"","context":"En \u00abServicios p\u00fablicos\u00bb","block_context":{"text":"Servicios p\u00fablicos","link":"https:\/\/moir.com.co\/web\/category\/temas\/servicios-publicos-articulos-de-actualidad\/"},"img":{"alt_text":"","src":"","width":0,"height":0},"classes":[]}],"jetpack_sharing_enabled":true,"_links":{"self":[{"href":"https:\/\/moir.com.co\/web\/wp-json\/wp\/v2\/posts\/542","targetHints":{"allow":["GET"]}}],"collection":[{"href":"https:\/\/moir.com.co\/web\/wp-json\/wp\/v2\/posts"}],"about":[{"href":"https:\/\/moir.com.co\/web\/wp-json\/wp\/v2\/types\/post"}],"author":[{"embeddable":true,"href":"https:\/\/moir.com.co\/web\/wp-json\/wp\/v2\/users\/1"}],"replies":[{"embeddable":true,"href":"https:\/\/moir.com.co\/web\/wp-json\/wp\/v2\/comments?post=542"}],"version-history":[{"count":0,"href":"https:\/\/moir.com.co\/web\/wp-json\/wp\/v2\/posts\/542\/revisions"}],"wp:attachment":[{"href":"https:\/\/moir.com.co\/web\/wp-json\/wp\/v2\/media?parent=542"}],"wp:term":[{"taxonomy":"category","embeddable":true,"href":"https:\/\/moir.com.co\/web\/wp-json\/wp\/v2\/categories?post=542"},{"taxonomy":"post_tag","embeddable":true,"href":"https:\/\/moir.com.co\/web\/wp-json\/wp\/v2\/tags?post=542"}],"curies":[{"name":"wp","href":"https:\/\/api.w.org\/{rel}","templated":true}]}}