{"id":541,"date":"2004-08-10T07:00:00","date_gmt":"2004-08-10T07:00:00","guid":{"rendered":"https:\/\/moir.org.co\/web\/exitosa-asamblea-departamental-de-la-asociacion-nacional-por-la-salvacion-agropecuaria-capitulo-de-boyaca\/"},"modified":"2004-08-10T07:00:00","modified_gmt":"2004-08-10T07:00:00","slug":"exitosa-asamblea-departamental-de-la-asociacion-nacional-por-la-salvacion-agropecuaria-capitulo-de-boyaca","status":"publish","type":"post","link":"https:\/\/moir.com.co\/web\/exitosa-asamblea-departamental-de-la-asociacion-nacional-por-la-salvacion-agropecuaria-capitulo-de-boyaca\/","title":{"rendered":"EXITOSA ASAMBLEA DEPARTAMENTAL DE LA ASOCIACI\u00d3N NACIONAL POR LA SALVACI\u00d3N AGROPECUARIA, CAP\u00cdTULO DE BOYAC\u00c1"},"content":{"rendered":"<p>Salvaci\u00f3n Agropecuaria, julio 25 de 2003<\/p>\n<p>Con la asistencia de m\u00e1s de 250 delegados de agricultores y ganaderos de m\u00e1s de 20 municipios se llev\u00f3 a cabo ayer viernes 25 de julio la Asamblea de Salvaci\u00f3n Agropecuaria en el teatro de la Fundaci\u00f3n Juan de Castellanos.<\/p>\n<p>Entre las 10:000 a.m y las 2:00 p.m los asistentes recibieron los informes y an\u00e1lisis entre otros el del presidente de la Asociaci\u00f3n, Dr. \u00c1ngel Mar\u00eda Caballero quien se\u00f1al\u00f3 que Colombia se enfrenta a una gran amenaza con la implementaci\u00f3n de la segunda etapa de la apertura econ\u00f3mica con la inminente imposici\u00f3n del \u00c1rea de Libre Comercio de las Am\u00e9ricas ALCA o en su defecto el Tratado Bilateral de Libre Comercio, que lleva consigo la destrucci\u00f3n de la producci\u00f3n de la dieta alimentaria y en Boyac\u00e1 implica la desaparici\u00f3n de la producci\u00f3n de papa y leche como ocurri\u00f3 en la primera etapa con la cebada y antes con el trigo.<\/p>\n<p>Las multinacionales de agroqu\u00edmicos han maniobrado para impedir la fabricaci\u00f3n de insumos gen\u00e9ricos por parte de la industria nacional, para conservar sus privilegios y manipular los precios en contra de los productores nacionales.<\/p>\n<p>Por presiones calculadas de los promotores del ALCA Colombia ha desmantelado hasta la m\u00e1s m\u00ednima infraestructura de investigaci\u00f3n cient\u00edfica o tecnol\u00f3gica, comercial, de fomento, para abandonar a su suerte a los productores y ahora quiere rematarlos con la baja de los aranceles a cero, mayores impuestos, mayores costos y someterlos a la competencia con una agricultura multimillonariamente subsidiada en Norteam\u00e9rica.<\/p>\n<p>La Asamblea, tras los informes y el an\u00e1lisis, decidi\u00f3 la participaci\u00f3n de los agricultores de Boyac\u00e1 en la Marcha Nacional Agropecuaria prevista para el d\u00eda 12 de agosto en Bogot\u00e1 para expresarle al Gobierno, al pa\u00eds y al mundo su total rechazo a la imposici\u00f3n del ALCA, ya que va en contra de la producci\u00f3n, el trabajo y la soberan\u00eda de los colombianos, entregando privilegios unilateralmente para las multinacionales comercializadoras de alimentos. Se critic\u00f3 a los defensores del ALCA en Colombia que lo presentan de manera rom\u00e1ntica cuando peri\u00f3dicos como el New York Times desmienten sus supuestas ventajas para nuestros pa\u00edses y deja al desnudo que solo busca la rentabilidad del capital financiero internacional representado en las multinacionales, para lo cual debe arrasarse con las actividades productivas de los colombianos. Ante lo cual urge la organizaci\u00f3n amplia., civilizada y democr\u00e1tica como herramienta de defensa de los intereses de la inmensa mayor\u00eda de los colombianos.<\/p>\n<p>Salvaci\u00f3n Agropecuaria difundir\u00e1 este fin de semana las conclusiones y resoluciones aprobadas.<\/p>\n<p>Tunja 26 de julio de 2003<\/p>\n<p>Oliverio Castillo Burbano : Coordinador Boyac\u00e1.<\/p>\n<p>RESOLUCION No. 001<\/p>\n<p>SOBRE LA SITUACI\u00d3N AGROPECUARIA BOYACENSE, APROBADA POR LA ASAMBLEA DEPARTAMENTAL DE LA ASOCIACION NACIONAL POR LA SALVACION AGROPECUARIA.<\/p>\n<p>Los agricultores, campesinos, cultivadores y productores pecuarios boyacenses reunidos en Tunja, el 25 de julio de 2003, con la presencia del presidente nacional de la Asociaci\u00f3n por la Salvaci\u00f3n Agropecuaria, Dr. Angel Maria Caballero y de los directivos nacionales, Alberto Caro y Luis Horacio Eslava, de autoridades eclesi\u00e1sticas y de dirigentes agrarios, sindicales, pol\u00edticos y populares de car\u00e1cter regional:<\/p>\n<p>TENIENDO EN CUENTA.<\/p>\n<p>Que la situaci\u00f3n agraria del departamento es de franco retroceso como lo demuestra el censo nacional papero, cuando Boyac\u00e1 perdi\u00f3 su preeminencia en la producci\u00f3n del tub\u00e9rculo, disminuyendo la productividad por hect\u00e1rea y el \u00e1rea cultivada, que en 1994,segundo semestre fue de 60.000 hect\u00e1reas y el segundo semestre de 2002 fue de 15.000, con las consecuencias en la generaci\u00f3n del empleo con p\u00e9rdida de puestos de trabajo y de salarios percibidos.<\/p>\n<p>Que los cultivadores de papa se enfrentan al incremento de los precios de los insumos agroqu\u00edmicos, abonos e insecticidas y funguicidas que, suben y suben de precios sin control, a pesar de constituir el 70% de los costos de producci\u00f3n. Situaci\u00f3n agravada con la legislaci\u00f3n adoptada que le impide a la industria nacional producir los agroqu\u00edmicos gen\u00e9ricos, manteniendo el monopolio y los privilegios de las multinacionales con precios especulativos y manipulados en contra de los productores.<\/p>\n<p>Que los ganaderos y lecheros se ven sometidos a la disminuci\u00f3n de los precios como producto de una \u201cenlechada\u201d que ha llevado a que buena parte de los millones de litros que se producen en el Departamento de Boyac\u00e1, se tengan que vender a menor precio, ante la situaci\u00f3n generada por las grandes multinacionales lecheras, Parmalat, Nestl\u00e9, Fries Land y Danone, que discrimina a los productores de leche no almacenada en \u201ctanque fr\u00edo\u201d, dirigen la industria l\u00e1ctea a producir derivados como yogurt, avenas y similares de mayor rentabilidad, demandan calidades de grasa, s\u00f3lidos suspendidos y condiciones sanitarias y cuando los lecheros les cumplen, entonces, las multinacionales importan cantidades desmedidas de leche en polvo.<\/p>\n<p>Que en la actualidad m\u00e1s de 6.000 agricultores se enfrentan a las entidades financieras (Caja Agraria en liquidaci\u00f3n, Bancaf\u00e9, Banco Agrario) por el vencimiento de sus obligaciones, producto de la crisis que los ha llevado a incumplirlas, siendo sometidos a procesos confiscatorios para rematarles sus tierras.<\/p>\n<p>Que en su actividad productiva, los agricultores de los distintos renglones agropecuarios se enfrentan a la ausencia de est\u00edmulos y apoyo gubernamental. El gobierno nacional no les presta cr\u00e9dito oportuno, suficiente y barato, no les garantiza precios de sustentaci\u00f3n, ni pol\u00edticas fitosanitarias y de comercializaci\u00f3n, distritos de riesgo, investigaci\u00f3n y asistencia t\u00e9cnica y, por el contrario, los somete a la importaci\u00f3n indiscriminada de productos agr\u00edcolas, a procesos de remate y expropiaci\u00f3n de las fincas por la ejecuci\u00f3n de los cr\u00e9ditos impagados; al desmonte de las instituciones que les prestaron alg\u00fan apoyo, Idema, Caja Agraria, Incora, etc.<\/p>\n<p>Que la cebada y el trigo han desaparecido por las importaciones de estos cereales, el mercado nacional est\u00e1 siendo abastecido por productores canadienses y norteamericanos generando baja rentabilidad para los productores nacionales.<\/p>\n<p>Que esta situaci\u00f3n se agravar\u00e1 ante la decisi\u00f3n del gobierno de vincular a Colombia al ALCA \u2013 \u00c1rea de Libre Comercio de las Am\u00e9ricas- o a un Tratado Bilateral de Comercio con los Estados Unidos, por cuanto pondr\u00e1n a los productores colombianos en desventaja frente a las multinacionales que se anexionar\u00e1n, as\u00ed el mercado colombiano.<\/p>\n<p>RESUELVE<\/p>\n<p>Primero: Constituir el cap\u00edtulo seccional de Boyac\u00e1 de la organizaci\u00f3n \u201cAsociaci\u00f3n Nacional por la Salvaci\u00f3n Agropecuaria,\u201d que queda integrada por los asistentes en representaci\u00f3n de los miles de campesinos y agricultores del departamento.<\/p>\n<p>Segundo: Exigir del gobierno nacional atenci\u00f3n para los productores agropecuarios de Boyac\u00e1, mediante la adopci\u00f3n de una pol\u00edtica agraria basada en:<\/p>\n<p>Cierre de las importaciones de los productos agropecuarios producidos en el Departamento.<\/p>\n<p>Cr\u00e9dito oportuno, suficiente y barato.<\/p>\n<p>Condonaci\u00f3n de las deudas impagadas y cese de todo proceso ejecutivo y de expropiaci\u00f3n de las tierras.<\/p>\n<p>Establecimiento de precios de sustentaci\u00f3n para productos como la papa, panela, leche, carne, etc.<\/p>\n<p>Adopci\u00f3n de pol\u00edticas de mercadeo y programas fitosanitarios.<\/p>\n<p>Asistencia t\u00e9cnica mediante el fortalecimiento de las instituciones p\u00fablicas que prestan esta labor. No a la regionalizaci\u00f3n de las umatas mediante el cierre de estas unidades a nivel municipal.<\/p>\n<p>Programas estatales financiados con recursos p\u00fablicos para el mejoramiento de semillas, transferencia t\u00e9cnica e investigaci\u00f3n cient\u00edfica.<\/p>\n<p>Fortalecimiento de los distritos de riego y rechazo a su privatizaci\u00f3n.<\/p>\n<p>Control de los precios de los insumos agroqu\u00edmicos, funguicidas y fertilizantes.<\/p>\n<p>Subsidios para las actividades productivas realizadas en el departamento.<\/p>\n<p>Tercero: Convocar a la resistencia civil a los agricultores boyacenses, para conquistar los puntos anteriores.<\/p>\n<p>En constancia firman, en nombre de los 212 asistentes:<\/p>\n<p>OLIVERIO CASTILLO BURBANO CIRO OCHOA ESPITIA<\/p>\n<p>Coordinador Coordinador<\/p>\n<p>RESOLUCION No. 003<\/p>\n<p>SOBRE ORGANIZACI\u00d3N, APROBADA POR LA ASAMBLEA DEPARTAMENTAL DE LA ASOCIACION NACIONAL POR LA SALVACION AGROPECUARIA.<\/p>\n<p>Los agricultores, campesinos, cultivadores y productores pecuarios boyacenses reunidos en Tunja, el 25 de julio de 2003, con la presencia del presidente nacional de la Asociaci\u00f3n por la Salvaci\u00f3n Agropecuaria, Dr. Angel Maria Caballero y de los directivos nacionales, Alberto Caro y Luis Horacio Eslava, de autoridades eclesi\u00e1sticas y de dirigentes agrarios, sindicales, pol\u00edticos y populares de car\u00e1cter regional:<\/p>\n<p>TENIENDO EN CUENTA<\/p>\n<p>Que la VII Junta Directiva Nacional de la ASOCIACI\u00d3N POR LA SALVACION AGROPECUARIA, realizada en Ibagu\u00e9 el 29 de marzo de 2003, adopt\u00f3 como criterios de organizaci\u00f3n extenderse a todos los rincones del pa\u00eds y fortalecerse en cada departamento vinculando, al m\u00e1ximo a distintos sectores sociales y productivos del campo.<\/p>\n<p>Que en el departamento de Boyac\u00e1 se vienen realizando actividades, desde hace varios a\u00f1os, por parte de Salvaci\u00f3n Agropecuaria y que en varios municipios del departamento existen ya cap\u00edtulos locales.<\/p>\n<p>Que la presencia de los 212 asistentes a este evento es representativa y corresponde al querer de los campesinos, agricultores y productores del campo boyacense.<\/p>\n<p>Que es indispensable adelantar mayores y m\u00e1s amplia tareas a fin de lograr extendernos a cada uno de los 123 municipios del departamento y a cada uno de los renglones de producci\u00f3n.<\/p>\n<p>RESUELVE<\/p>\n<p>Primero: Constituir el cap\u00edtulo seccional de Boyac\u00e1 de la organizaci\u00f3n \u201cAsociaci\u00f3n Nacional por la Salvaci\u00f3n Agropecuaria\u201d, que queda integrada por los asistentes en representaci\u00f3n de los miles de campesinos y agricultores del departamento.<\/p>\n<p>Segundo: Designar como sus voceros, a:<\/p>\n<p>OLIVERIO CASTILLO BURBANO Coordinador departamental.<br \/>\nCIRO OCHOA ESPITIA Coordinador departamental.<br \/>\nCELESTINO GARZON ACU\u00d1A Coordinador de Toca.<br \/>\nTARSICIO CUERVO Presidente de Unidad papera boyacense.<br \/>\nPEDRO SIMON GUERRERO Coordinador de Bel\u00e9n y provincia de Tundama<br \/>\nLUIS ESPINEL ESPINOSA Coordinador de la provincia centro.<br \/>\nJOSE IGNACIO QUIROZ Coordinador Siachoque.<br \/>\nHUGO GUAMAN Coordinador de la provincia centro.<br \/>\nROBERTO RUIZ Coordinador de Ventaquemada<br \/>\nMARCO ANTONIO TORRES Coordinador de Ventaquemada.<br \/>\nVICTOR SUAREZ Coordinador de Tuta.<br \/>\nLUIS ALEJANDRO ALBERTO Coordinador de Tuta.<br \/>\nLAURENTINO PIRACHICAN Coordinador de Chivat\u00e1.<br \/>\nZAMIR CASTELLANOS Coordinador de Caldas.<br \/>\nCLAUDIO S\u00c1NCHEZ Coordinador Unidad panelera de Ricaurte.<br \/>\nGONZALO GALINDO Coordinador de Viracach\u00e1.<\/p>\n<p>Tercero: Encomendar a estos voceros la constituci\u00f3n de los comit\u00e9s municipales, provinciales y veredales que fuere indispensable crear.<\/p>\n<p>Cuarto: Autorizarlos para que organicen las actividades pertinentes a obtener la m\u00e1s grande participaci\u00f3n en la Marcha Nacional Agropecuaria, a realizarse el pr\u00f3ximo 12 de agosto de 2003.<\/p>\n<p>En constancia firman, en nombre de los 212 asistentes:<\/p>\n<p>OLIVERIO CASTILLO BURBANO CIRO OCHOA ESPITIA<br \/>\nCoordinador Coordinador<\/p>\n<p>Asociaci\u00f3n Nacional por la Salvaci\u00f3n Agropecuaria<br \/>\nCap\u00edtulo departamental de Boyac\u00e1<\/p>\n<p>Oficina Carrera 8 No. 18-37, tel\u00e9fono 7437313, telefax 7422527, Tunja.<\/p>\n","protected":false},"excerpt":{"rendered":"<p>Salvaci\u00f3n Agropecuaria, julio 25 de 2003 Con la asistencia de m\u00e1s de 250 delegados de agricultores y ganaderos de m\u00e1s de 20 municipios se llev\u00f3 a cabo ayer viernes 25 de julio la Asamblea de Salvaci\u00f3n Agropecuaria en el teatro de la Fundaci\u00f3n Juan de Castellanos. Entre las 10:000 a.m y las 2:00 p.m los [&hellip;]<\/p>\n","protected":false},"author":1,"featured_media":0,"comment_status":"open","ping_status":"open","sticky":false,"template":"","format":"standard","meta":{"advanced_seo_description":"","jetpack_seo_html_title":"","jetpack_seo_noindex":false,"_jetpack_memberships_contains_paid_content":false,"footnotes":""},"categories":[7],"tags":[],"class_list":["post-541","post","type-post","status-publish","format-standard","hentry","category-pronunciamientos-de-organizaciones-sociales"],"jetpack_featured_media_url":"","jetpack-related-posts":[{"id":495,"url":"https:\/\/moir.com.co\/web\/llamamiento-a-fortalecer-la-asociacion-nacional-por-la-salvacion-agropecuaria\/","url_meta":{"origin":541,"position":0},"title":"LLAMAMIENTO A FORTALECER LA ASOCIACI\u00d3N NACIONAL POR LA SALVACI\u00d3N AGROPECUARIA","author":"admin","date":"agosto 9, 2004","format":false,"excerpt":"Foro Agropecuario de la Costa Atl\u00e1ntica, Cartagena de Indias, marzo 21 de 2003 Los agricultores , representantes y dirigentes de distintos sectores de la agricultura y la ganader\u00eda de los departamentos de Bol\u00edvar, Cesar, C\u00f3rdoba, Magdalena, Sucre y Atl\u00e1ntico , as\u00ed como de las distintas profesiones relacionadas con el trabajo\u2026","rel":"","context":"En \u00abPronunciamientos de Organizaciones Sociales\u00bb","block_context":{"text":"Pronunciamientos de Organizaciones Sociales","link":"https:\/\/moir.com.co\/web\/category\/pronunciamientos-de-organizaciones-sociales\/"},"img":{"alt_text":"","src":"","width":0,"height":0},"classes":[]},{"id":437,"url":"https:\/\/moir.com.co\/web\/resolucion-de-la-tercera-asamblea-departamental-de-salvaci__n-agropecuaria-en-antioquia-sobre-el-precio-del-cafe\/","url_meta":{"origin":541,"position":1},"title":"RESOLUCI\u00d3N DE LA TERCERA ASAMBLEA DEPARTAMENTAL DE SALVACI__N AGROPECUARIA EN ANTIOQUIA SOBRE EL PRECIO DEL CAF\u00c9","author":"admin","date":"agosto 9, 2004","format":false,"excerpt":"Asociaci\u00f3n Nacional Por La Salvaci\u00f3n Agropecuario, agosto 9 de 2002 La III Asamblea Departamental de la Asociaci\u00f3n Nacional por la Salvaci\u00f3n Agropecuaria en Antioquia, reunida en el Auditorio de la Fundaci\u00f3n Universitaria Mar\u00eda en la Ciudad de Medell\u00edn el d\u00eda 9 de Agosto de 2002-08-20 CONSIDERANDO 1. Que gracias al\u2026","rel":"","context":"En \u00abPronunciamientos de Organizaciones Sociales\u00bb","block_context":{"text":"Pronunciamientos de Organizaciones Sociales","link":"https:\/\/moir.com.co\/web\/category\/pronunciamientos-de-organizaciones-sociales\/"},"img":{"alt_text":"","src":"","width":0,"height":0},"classes":[]},{"id":20094,"url":"https:\/\/moir.com.co\/web\/congreso-de-la-asociacion-nacional-por-la-salvacion-agropecuaria-en-caldas\/","url_meta":{"origin":541,"position":2},"title":"CONGRESO DE LA ASOCIACI\u00d3N NACIONAL POR LA SALVACI\u00d3N AGROPECUARIA EN CALDAS","author":"admin","date":"septiembre 16, 2004","format":false,"excerpt":"Con 160 delegados de quince municipios del departamento y nueve organizaciones del sector agrario, la Asociaci\u00f3n Nacional por la Salvaci\u00f3n Agropecuaria, cap\u00edtulo Caldas, celebr\u00f3 el pasado 06 de septiembre en la ciudad de Manizales su Primer Congreso Departamental Agrario \u00abEl agro caldense frente al ALCA y al TLC\u00bb, para analizar\u2026","rel":"","context":"En \u00abTribuna Roja N\u00ba 97; septiembre 28 de 2004\u00bb","block_context":{"text":"Tribuna Roja N\u00ba 97; septiembre 28 de 2004","link":"https:\/\/moir.com.co\/web\/category\/tribuna-roja\/ediciones-2000-2004\/tribuna-roja-no-97-septiembre-28-de-2004\/"},"img":{"alt_text":"","src":"","width":0,"height":0},"classes":[]},{"id":1012,"url":"https:\/\/moir.com.co\/web\/realizada-asamblea-nacional-de-salvacion-agropecuaria-boyaca\/","url_meta":{"origin":541,"position":3},"title":"REALIZADA ASAMBLEA NACIONAL DE SALVACI\u00d3N AGROPECUARIA BOYAC\u00c1","author":"admin","date":"septiembre 26, 2004","format":false,"excerpt":"Con la asistencia de 120 delegados de 18 municipios, la presencia de Asogriboy, el presidente de Fabegan, los invitados de la CUT, el Sector Salud, y delegados de la alcald\u00eda de Tunja, se llev\u00f3 a cabo la Asamblea departamental de Salvaci\u00f3n Agropecuaria en Tunja el d\u00eda 1 de octubre entre\u2026","rel":"","context":"En \u00abPronunciamientos de Organizaciones Sociales\u00bb","block_context":{"text":"Pronunciamientos de Organizaciones Sociales","link":"https:\/\/moir.com.co\/web\/category\/pronunciamientos-de-organizaciones-sociales\/"},"img":{"alt_text":"","src":"","width":0,"height":0},"classes":[]},{"id":550,"url":"https:\/\/moir.com.co\/web\/miles-de-agricultores-indigenas-y-productores-agropecuarios-desfilaran-en-bogota-contra-el-alca-en-martes-12-de-agosto\/","url_meta":{"origin":541,"position":4},"title":"MILES DE AGRICULTORES IND\u00cdGENAS Y PRODUCTORES AGROPECUARIOS DESFILAR\u00c1N EN BOGOT\u00c1 CONTRA EL ALCA EN MARTES 12 DE AGOSTO","author":"admin","date":"agosto 10, 2004","format":false,"excerpt":"Salvaci\u00f3n Agropecuaria, agosto 8 de 2003 Delegaciones de m\u00e1s de 20 departamentos, de cerca de 200 municipios, representando a los productores colombianos de caf\u00e9, arroz, panela, leche, hortalizas, banano y pl\u00e1tano y de los principales g\u00e9neros agropecuarios, desfilar\u00e1n el martes 12 de agosto, despu\u00e9s del medio d\u00eda, por las calles\u2026","rel":"","context":"En \u00abPronunciamientos de Organizaciones Sociales\u00bb","block_context":{"text":"Pronunciamientos de Organizaciones Sociales","link":"https:\/\/moir.com.co\/web\/category\/pronunciamientos-de-organizaciones-sociales\/"},"img":{"alt_text":"","src":"","width":0,"height":0},"classes":[]},{"id":518,"url":"https:\/\/moir.com.co\/web\/convocatoria-al-foro-sobre-las-incidencias-del-alca-en-el-salon-amarillo-de-la-alcaldia-de-santa-marta\/","url_meta":{"origin":541,"position":5},"title":"CONVOCATORIA AL FORO SOBRE LAS INCIDENCIAS DEL ALCA, EN EL SAL\u00d3N AMARILLO DE LA ALCALD\u00cdA DE SANTA MARTA","author":"admin","date":"agosto 9, 2004","format":false,"excerpt":"Salvaci\u00f3n Agropecuaria, Santa Marta, mayo 20 2003 La Asociaci\u00f3n Nacional por la Salvaci\u00f3n Agropecuaria, Seccional Magdalena, con la aquiescencia del alcalde (E) del distrito de Santa Marta, doctor Fernando Cely Santos, est\u00e1 convocando al Foro Sobre las Incidencias del \u00c1rea de Libre Comercio de las Am\u00e9ricas (ALCA) en la econom\u00eda\u2026","rel":"","context":"En \u00abPronunciamientos de Organizaciones Sociales\u00bb","block_context":{"text":"Pronunciamientos de Organizaciones Sociales","link":"https:\/\/moir.com.co\/web\/category\/pronunciamientos-de-organizaciones-sociales\/"},"img":{"alt_text":"","src":"","width":0,"height":0},"classes":[]}],"jetpack_sharing_enabled":true,"_links":{"self":[{"href":"https:\/\/moir.com.co\/web\/wp-json\/wp\/v2\/posts\/541","targetHints":{"allow":["GET"]}}],"collection":[{"href":"https:\/\/moir.com.co\/web\/wp-json\/wp\/v2\/posts"}],"about":[{"href":"https:\/\/moir.com.co\/web\/wp-json\/wp\/v2\/types\/post"}],"author":[{"embeddable":true,"href":"https:\/\/moir.com.co\/web\/wp-json\/wp\/v2\/users\/1"}],"replies":[{"embeddable":true,"href":"https:\/\/moir.com.co\/web\/wp-json\/wp\/v2\/comments?post=541"}],"version-history":[{"count":0,"href":"https:\/\/moir.com.co\/web\/wp-json\/wp\/v2\/posts\/541\/revisions"}],"wp:attachment":[{"href":"https:\/\/moir.com.co\/web\/wp-json\/wp\/v2\/media?parent=541"}],"wp:term":[{"taxonomy":"category","embeddable":true,"href":"https:\/\/moir.com.co\/web\/wp-json\/wp\/v2\/categories?post=541"},{"taxonomy":"post_tag","embeddable":true,"href":"https:\/\/moir.com.co\/web\/wp-json\/wp\/v2\/tags?post=541"}],"curies":[{"name":"wp","href":"https:\/\/api.w.org\/{rel}","templated":true}]}}