{"id":540,"date":"2004-08-10T07:00:00","date_gmt":"2004-08-10T07:00:00","guid":{"rendered":"https:\/\/moir.org.co\/web\/todos-al-paro-civico-nacional-2\/"},"modified":"2004-08-10T07:00:00","modified_gmt":"2004-08-10T07:00:00","slug":"todos-al-paro-civico-nacional-2","status":"publish","type":"post","link":"https:\/\/moir.com.co\/web\/todos-al-paro-civico-nacional-2\/","title":{"rendered":"TODOS AL PARO C\u00cdVICO NACIONAL!!"},"content":{"rendered":"<p>Comando Nacional Unitario, CUT-CGTD-CTC-CPC, Bogot\u00e1, julio 15 de 2003<\/p>\n<p>Quiz\u00e1s con una amplitud, intensidad y contundencia nunca vistas, los trabajadores, los productores, las organizaciones sociales y el conjunto de la poblaci\u00f3n colombiana venimos enfrentando una ofensiva brutal contra nuestros intereses, derechos y organizaciones. En el agro, la industria y el comercio; en la salud y la educaci\u00f3n, en las comunicaciones, los transportes y los servicios p\u00fablicos domiciliarios, recibimos el despiadado impacto de leyes, decretos y resoluciones de diversa \u00edndole que tienen como com\u00fan denominador incrementar el despojo al pueblo, saquear los recursos de la naci\u00f3n, seguir abatiendo la producci\u00f3n y acabar o debilitar los sindicatos, partidos y diversas colectividades de defensa del pueblo. Es el balance de la docena o m\u00e1s a\u00f1os de aplicaci\u00f3n del perverso modelo neoliberal impuesto para beneficio de las multinacionales y del gran capital financiero, y para garantizar el pago de la onerosa deuda externa.<\/p>\n<p>En el \u00faltimo a\u00f1o, cuando amplios sectores de la naci\u00f3n se hac\u00edan ilusiones con la nueva administraci\u00f3n, el gobierno de Uribe V\u00e9lez, lejos de rectificar el rumbo y prevalido del resultado electoral que lo llev\u00f3 a la presidencia, ha procedido \u201csin Dios ni ley\u201d contra la naci\u00f3n y el pueblo. Las llamadas reformas de \u201csegunda generaci\u00f3n\u201d -laboral, pensional, tributaria, pol\u00edtica y del Estado-, la ley que contiene el Plan Nacional de Desarrollo, la vinculaci\u00f3n del pa\u00eds al ALCA o a un tratado bilateral de libre comercio con Estados Unidos, los golpes contra el ISS y Telecom y la divisi\u00f3n de Ecopetrol, cumplen compromisos adquiridos en los sucesivos acuerdos con el Fondo Monetario Internacional. Se sepulta as\u00ed cualquier posibilidad seria de reactivaci\u00f3n econ\u00f3mica, se empobrece a\u00fan m\u00e1s la poblaci\u00f3n y se deprime el aparato productivo.<\/p>\n<p>Multiplican tarifas e impuestos, incrementan el IVA y permiten el aumento desmedido de los servicios p\u00fablicos, reducen los salarios y pensiones y graban estas ultimas. Dicen controlar los precios con importaciones masivas de alimentos en defensa de los consumidores, pero no se controlan ni los precios ni la calidad de los insumos agr\u00edcolas, mientras se frena el mercado de gen\u00e9ricos. Eliminan el subsidio a la gasolina y aumentan sobretasas y peajes, pero los transportadores son dejados a su propia suerte y los desplazan con transmilenios construidos con dineros oficiales para enriquecer roscas privadas. Los grandes almacenes extranjeros se apoderan del mercado nacional, y los alcaldes bufones les entregan el espacio p\u00fablico quit\u00e1ndoles a los desesperados vendedores estacionarios y ambulantes sus escasas mercader\u00edas. Se ensa\u00f1an en los d\u00e9biles, y se doblegan reverentes ante los poderosos. El capital financiero y las transnacionales no tienen l\u00edmite en su voracidad, los altos funcionarios no escatiman ma\u00f1as en su af\u00e1n de favorecerlos expoliando al pueblo.<\/p>\n<p>Y la Seguridad Democr\u00e1tica, otro pilar del andamiaje oficial, no ha tra\u00eddo al pa\u00eds la tranquilidad y el cese de la violencia generalizada que la naci\u00f3n requiere para unirse y adelantar soberanamente los cambios pol\u00edticos y las transformaciones econ\u00f3micas y sociales que la gravedad de la hora exigen. En cambio ha recortado las libertades y los derechos de los ciudadanos con el vano prop\u00f3sito de silenciar y apagar o restringir la resistencia de millones de colombianos que no nos resignamos a la miseria y el atraso ni a la desintegraci\u00f3n de la naci\u00f3n ni al ba\u00f1o de sangre ni a la ocupaci\u00f3n militar extranjera.<\/p>\n<p>Como si fuera poco, el presidente Uribe, apuntalado por los principales medios masivos de comunicaci\u00f3n, pretende que los colombianos aprobemos con el Referendo, aunque disminuido \u00e9ste en sus pretensiones por el fallo de la Corte Constitucional, un severo complemento al ajuste fiscal con la congelaci\u00f3n de salarios y el despido masivo de trabajadores estatales; y tambi\u00e9n el recorte a la democracia en el ejercicio pol\u00edtico y, principalmente, el respaldo plebiscitario a su gesti\u00f3n gubernamental para afianzar una supuesta legitimidad que le permita continuar su abyecta pol\u00edtica.<\/p>\n<p>Para responder a este c\u00famulo de atropellos, los trabajadores, los productores y el pueblo de Colombia saldremos a sentar nuestra voz de protesta el pr\u00f3ximo 12 de agosto con el Paro C\u00edvico Nacional y la Marcha Agropecuaria a Bogot\u00e1. En la Plaza de Bol\u00edvar de la capital y en las de centenares de ciudades y poblaciones a lo largo y ancho del pa\u00eds, en calles y carreteras, en los barrios y en los caser\u00edos, en f\u00e1bricas y almacenes, en universidades y colegios, se oir\u00e1 el vibrante grito de protesta de todos los sectores saqueados, oprimidos y explotados. Nos integraremos al nuevo ascenso de la lucha de masas que se levanta contra la globalizaci\u00f3n imperialista en Am\u00e9rica Latina y el mundo.<\/p>\n<p>Decenas de a\u00f1os de oprobio muestran que los neoliberales de Washington y sus agentes criollos no tienen respuestas para las angustias de millones de seres que reclaman pan, trabajo y libertad. Aprovechemos sus dificultades y hagamos que soplen nuevos vientos. Recordemos que detr\u00e1s de cada conquista popular, de cada reafirmaci\u00f3n de la soberan\u00eda nacional, de cada derecho laboral, de cada avance social hay una estela de lucha, de sudor y de sacrificio que los sustentan y los hicieron posibles. Defendamos los que a\u00fan quedan vigentes, prepar\u00e9monos para reconquistar los perdidos.<\/p>\n<p>Llamamos a respaldar, apoyar y participar activamente en todas las jornadas y paros de protesta sectoriales, preparatorias del paro c\u00edvico, como los del SENA, el ISS, FECODE, la USO, de Barrancabermeja y las valerosas protestas de los vendedores ambulantes y los usuarios de los servicios p\u00fablicos.<\/p>\n<p>\u00a1Viva el Paro C\u00edvico Nacional del 12 de agosto!<\/p>\n<p>\u00a1Viva la Marcha Agropecuaria a Bogot\u00e1!<\/p>\n<p>\u00a1Abajo la congelaci\u00f3n de salarios y pensiones!<\/p>\n<p>\u00a1Abstenci\u00f3n contra el Referendo del FMI!<\/p>\n<p>\u00a1Contra el Referendo, abstenci\u00f3n activa con movilizaci\u00f3n popular!<\/p>\n<p>\u00a1Abajo las reformas uribistas!<\/p>\n<p>\u00a1Contra el Referendo oficial, viva la Coalici\u00f3n Democr\u00e1tica por la Abstenci\u00f3n Activa!<\/p>\n<p>\u00a1Contra las impagables tarifas de los servicios p\u00fablicos domiciliarios<\/p>\n<p>\u00a1Por la defensa de Ecopetrol, el ISS, Telecom y el SENA!<\/p>\n<p>\u00a1Atr\u00e1s la invasi\u00f3n contra la naci\u00f3n iraqu\u00ed!<\/p>\n<p>\u00a1Fuera gringos de Irak! \u00a1Que se acreciente la resistencia de los pueblos \u00e1rabes!<\/p>\n<p>COMANDO NACIONAL UNITARIO<br \/>\nCUT-CGTD-CTC-CPC<\/p>\n","protected":false},"excerpt":{"rendered":"<p>Comando Nacional Unitario, CUT-CGTD-CTC-CPC, Bogot\u00e1, julio 15 de 2003 Quiz\u00e1s con una amplitud, intensidad y contundencia nunca vistas, los trabajadores, los productores, las organizaciones sociales y el conjunto de la poblaci\u00f3n colombiana venimos enfrentando una ofensiva brutal contra nuestros intereses, derechos y organizaciones. En el agro, la industria y el comercio; en la salud y [&hellip;]<\/p>\n","protected":false},"author":1,"featured_media":0,"comment_status":"open","ping_status":"open","sticky":false,"template":"","format":"standard","meta":{"advanced_seo_description":"","jetpack_seo_html_title":"","jetpack_seo_noindex":false,"_jetpack_memberships_contains_paid_content":false,"footnotes":""},"categories":[7],"tags":[],"class_list":["post-540","post","type-post","status-publish","format-standard","hentry","category-pronunciamientos-de-organizaciones-sociales"],"jetpack_featured_media_url":"","jetpack-related-posts":[{"id":2338,"url":"https:\/\/moir.com.co\/web\/recalca-cuestionara-la-politica-uribista-de-libre-comercio-durante-la-cumbre-social-de-los-pueblos-en-lima\/","url_meta":{"origin":540,"position":0},"title":"RECALCA CUESTIONAR\u00c1 LA POL\u00cdTICA URIBISTA DE \u201cLIBRE COMERCIO\u201d DURANTE LA CUMBRE SOCIAL DE LOS PUEBLOS EN LIMA","author":"admin","date":"mayo 13, 2008","format":false,"excerpt":"RECALCA, Bogot\u00e1, mayo 12 de 2008 RECALCA, que ejerce la Secretaria de la Alianza Social Continental y lidera en Colombia el debate y la resistencia frente al \u201clibre comercio\u201d, es miembro del comit\u00e9 organizador y participar\u00e1 activamente en la Cumbre Social de los Pueblos, Enlazando Alternativas III, que se realizar\u00e1\u2026","rel":"","context":"En \u00ab\u00a1No a los TLC y al ALCA!\u00bb","block_context":{"text":"\u00a1No a los TLC y al ALCA!","link":"https:\/\/moir.com.co\/web\/category\/temas\/no-a-los-tlc-y-al-alca\/"},"img":{"alt_text":"","src":"","width":0,"height":0},"classes":[]},{"id":1518,"url":"https:\/\/moir.com.co\/web\/declaracion-publica-sobre-el-proyecto-de-ley-gubernamental-de-estatuto-de-desarrollo-rural\/","url_meta":{"origin":540,"position":1},"title":"DECLARACI\u00d3N PUBLICA SOBRE EL PROYECTO DE LEY GUBERNAMENTAL  DE  ESTATUTO DE DESARROLLO RURAL","author":"admin","date":"octubre 9, 2006","format":false,"excerpt":"Bogot\u00e1, octubre 10 de 2006 Las organizaciones campesinas, ind\u00edgenas, afrocolombianas, agrarias, sociales, ambientales, populares, de mujeres y sindicales que suscribimos la presente declaraci\u00f3n: Denunciamos los alcances regresivos y antidemocr\u00e1ticos del proyecto gubernamental de Ley de Desarrollo Rural que actualmente se debate en la Comisi\u00f3n V del Senado de la Rep\u00fablica\u2026","rel":"","context":"En \u00abPronunciamientos de Organizaciones Sociales\u00bb","block_context":{"text":"Pronunciamientos de Organizaciones Sociales","link":"https:\/\/moir.com.co\/web\/category\/pronunciamientos-de-organizaciones-sociales\/"},"img":{"alt_text":"","src":"","width":0,"height":0},"classes":[]},{"id":1977,"url":"https:\/\/moir.com.co\/web\/declaracion-de-los-movimientos-sociales-andinos-y-de-america-latina-ante-al-acuerdo-de-asociacion-can-ue\/","url_meta":{"origin":540,"position":2},"title":"DECLARACI\u00d3N DE LOS MOVIMIENTOS SOCIALES ANDINOS Y DE AM\u00c9RICA LATINA ANTE AL ACUERDO DE ASOCIACI\u00d3N CAN-UE","author":"admin","date":"junio 1, 2007","format":false,"excerpt":"La paz, 31 de mayo de 2007 Los movimientos y las organizaciones sociales de Bolivia, pa\u00edses de la Regi\u00f3n Andina y de Am\u00e9rica Latina nos sentimos profundamente preocupadas por las consecuencias que podr\u00edan tener para nuestros pueblos la materializaci\u00f3n de un Acuerdo de Asociaci\u00f3n entre la Comunidad Andina de Naciones\u2026","rel":"","context":"En \u00ab\u00a1No a los TLC y al ALCA!\u00bb","block_context":{"text":"\u00a1No a los TLC y al ALCA!","link":"https:\/\/moir.com.co\/web\/category\/temas\/no-a-los-tlc-y-al-alca\/"},"img":{"alt_text":"","src":"","width":0,"height":0},"classes":[]},{"id":1747,"url":"https:\/\/moir.com.co\/web\/declaracion-conjunta-de-los-movimientos-y-organizaciones-sociales-sobre-el-agua\/","url_meta":{"origin":540,"position":3},"title":"DECLARACI\u00d3N CONJUNTA DE LOS MOVIMIENTOS Y ORGANIZACIONES SOCIALES SOBRE EL AGUA","author":"admin","date":"febrero 16, 2007","format":false,"excerpt":"En continuidad con los encuentros de los a\u00f1os anteriores, durante el Foro Social Mundial Polic\u00e9ntrico de Caracas, los movimientos sociales que en todo el planeta luchan por el derecho al agua y en contra de su mercantilizaci\u00f3n, lograron confluir los distintos talleres en un trabajo y una plataforma com\u00fan sobre\u2026","rel":"","context":"Entrada similar","block_context":{"text":"Entrada similar","link":""},"img":{"alt_text":"","src":"","width":0,"height":0},"classes":[]},{"id":2528,"url":"https:\/\/moir.com.co\/web\/declaracion-de-bogota-foro-andino-frente-a-la-gran-mineria-alternativas-de-las-comunidades-pueblos-indigenas-y-trabajadores\/","url_meta":{"origin":540,"position":4},"title":"DECLARACI\u00d3N DE BOGOT\u00c1: FORO ANDINO FRENTE A LA GRAN MINER\u00cdA: ALTERNATIVAS DE LAS COMUNIDADES, PUEBLOS IND\u00cdGENAS Y TRABAJADORES","author":"admin","date":"septiembre 28, 2008","format":false,"excerpt":"Bogota, 27 de septiembre de 2008 Los Pueblos y Comunidades ind\u00edgenas de la regi\u00f3n andina amaz\u00f3nica, los trabajadores de la miner\u00eda, peque\u00f1os y medianos mineros colombianos, y los movimientos sociales, as\u00ed como hermanos de organizaciones de Guatemala y Estados Unidos, que viv\u00edamos ancestralmente con monta\u00f1as y aguas transparentes con pueblos\u2026","rel":"","context":"En \u00abPronunciamientos de Organizaciones Sociales\u00bb","block_context":{"text":"Pronunciamientos de Organizaciones Sociales","link":"https:\/\/moir.com.co\/web\/category\/pronunciamientos-de-organizaciones-sociales\/"},"img":{"alt_text":"","src":"","width":0,"height":0},"classes":[]},{"id":2210,"url":"https:\/\/moir.com.co\/web\/llamamiento-pueblo-colombiano-defendamos-el-agua-y-la-vida\/","url_meta":{"origin":540,"position":5},"title":"LLAMAMIENTO: \u00a1PUEBLO COLOMBIANO! \u00a1DEFENDAMOS EL AGUA Y LA VIDA!","author":"admin","date":"marzo 6, 2008","format":false,"excerpt":"Comit\u00e9 Nacional en Defensa del Agua y por el Referendo, Bogot\u00e1, marzo 6 de 2008 Nosotros, mujeres y hombres de todos los rincones del pa\u00eds asistentes a la Segunda Asamblea Nacional del Agua realizada en Bogot\u00e1 el 29 de febrero y 1 de marzo de 2008, impulsada por 1.255 organizaciones\u2026","rel":"","context":"En \u00abPronunciamientos de Organizaciones Sociales\u00bb","block_context":{"text":"Pronunciamientos de Organizaciones Sociales","link":"https:\/\/moir.com.co\/web\/category\/pronunciamientos-de-organizaciones-sociales\/"},"img":{"alt_text":"","src":"","width":0,"height":0},"classes":[]}],"jetpack_sharing_enabled":true,"_links":{"self":[{"href":"https:\/\/moir.com.co\/web\/wp-json\/wp\/v2\/posts\/540","targetHints":{"allow":["GET"]}}],"collection":[{"href":"https:\/\/moir.com.co\/web\/wp-json\/wp\/v2\/posts"}],"about":[{"href":"https:\/\/moir.com.co\/web\/wp-json\/wp\/v2\/types\/post"}],"author":[{"embeddable":true,"href":"https:\/\/moir.com.co\/web\/wp-json\/wp\/v2\/users\/1"}],"replies":[{"embeddable":true,"href":"https:\/\/moir.com.co\/web\/wp-json\/wp\/v2\/comments?post=540"}],"version-history":[{"count":0,"href":"https:\/\/moir.com.co\/web\/wp-json\/wp\/v2\/posts\/540\/revisions"}],"wp:attachment":[{"href":"https:\/\/moir.com.co\/web\/wp-json\/wp\/v2\/media?parent=540"}],"wp:term":[{"taxonomy":"category","embeddable":true,"href":"https:\/\/moir.com.co\/web\/wp-json\/wp\/v2\/categories?post=540"},{"taxonomy":"post_tag","embeddable":true,"href":"https:\/\/moir.com.co\/web\/wp-json\/wp\/v2\/tags?post=540"}],"curies":[{"name":"wp","href":"https:\/\/api.w.org\/{rel}","templated":true}]}}