{"id":539,"date":"2004-08-10T07:00:00","date_gmt":"2004-08-10T07:00:00","guid":{"rendered":"https:\/\/moir.org.co\/web\/la-central-unitaria-de-trabajadores-respalda-la-lucha-de-los-vendedores-ambulantes\/"},"modified":"2004-08-10T07:00:00","modified_gmt":"2004-08-10T07:00:00","slug":"la-central-unitaria-de-trabajadores-respalda-la-lucha-de-los-vendedores-ambulantes","status":"publish","type":"post","link":"https:\/\/moir.com.co\/web\/la-central-unitaria-de-trabajadores-respalda-la-lucha-de-los-vendedores-ambulantes\/","title":{"rendered":"LA CENTRAL UNITARIA DE TRABAJADORES RESPALDA LA LUCHA DE LOS VENDEDORES AMBULANTES"},"content":{"rendered":"<p>Central Unitaria de Trabajadores -CUT-, julio 24 de 2003<\/p>\n<p>M\u00e1s de una d\u00e9cada de aplicaci\u00f3n de la pol\u00edtica neoliberal ha dejado como uno de sus efectos m\u00e1s notorios el crecimiento desmesurado de la econom\u00eda informal. En los sectores industrial y agropecuario la invasi\u00f3n de productos y servicios extranjeros a bajos precios ha provocado el cierre de miles de f\u00e1bricas, la dram\u00e1tica disminuci\u00f3n de miles de hect\u00e1reas de tierra cultivada, mientras las sucesivas reestructuraciones estatales han entregado al capital privado principalmente extranjero, la gran mayor\u00eda de empresas y actividades que eran manejadas por el Estado.<\/p>\n<p>Todos estos factores, sumados a la cruda violencia que azota al pa\u00eds, han arrojado a las calles de las grandes ciudades, de las ciudades intermedias y a\u00fan de las peque\u00f1as poblaciones, a millones de compatriotas que basan la supervivencia diaria en la venta de alg\u00fan producto o servicio. Hay estudios que se\u00f1alan que el 62% de la poblaci\u00f3n econ\u00f3micamente activa se dedica a la econom\u00eda informal y dentro de ella el mayor porcentaje deriva su sustento de las ventas callejeras. Como al neoliberalismo no le importa para nada la suerte de los millones de personas que sufren las consecuencias de su aplicaci\u00f3n, la miseria, el hambre, la desnutrici\u00f3n, las enfermedades y la muerte de los despose\u00eddos son el pan de cada d\u00eda en nuestro pa\u00eds.<\/p>\n<p>A los dirigentes del Estado solo les importa asegurarles a los monopolios privados las mejores condiciones para que desarrollen sus negocios. Para eso hacen reformas laborales, pensionales, tributarias, electorales, de la justicia, referendos y para eso van a meter al pa\u00eds al ALCA, el para\u00edso de los monopolios privados norteamericanos. Para eso se inventaron tambi\u00e9n la nov\u00edsima teor\u00eda de la \u201cdefensa del espacio p\u00fablico\u201d, seg\u00fan la cual deben desaparecer de las calles, de las plazas, de los parques, de los centros comerciales, de los puentes y hasta de la faz de la tierra, todas aquellas personas que se dediquen a vender productos o servicios a la poblaci\u00f3n. Quieren asegurarse de que todos los ciudadanos concurran a los grandes hipermercados a comprar exclusivamente los productos de los grandes monopolios nacionales y extranjeros.<\/p>\n<p>Ese es el trasfondo de la pol\u00edtica que aplican desde hace varios a\u00f1os las sucesivas administraciones distritales, que ahora se agrava con la entrada en vigencia del nuevo C\u00f3digo de Polic\u00eda aprobado por la mayor\u00eda del Concejo Distrital, que har\u00e1 m\u00e1s dr\u00e1stica la persecuci\u00f3n y los atropellos policiales a los vendedores callejeros, y por la postura dictatorial de las autoridades que proclaman a los cuatro vientos que \u201ccon c\u00f3digo de polic\u00eda o sin \u00e9l los vendedores ambulantes deben desaparecer de las calles capitalinas\u201d. Como si ello fuera posible en un pa\u00eds con el m\u00e1s alto desempleo de su historia, con la m\u00e1s grave crisis de su producci\u00f3n nacional y con un fren\u00e9tico aumento de los despidos de trabajadores de las diversas empresas y dependencias estatales, que ejecuta el gobierno nacional para ahorrarse recursos y cumplir el pago de la deuda a los prestamistas extranjeros.<\/p>\n<p>Por todo lo anterior, el Comit\u00e9 Ejecutivo de la Central Unitaria de Trabajadores, saluda la decisi\u00f3n de los vendedores ambulantes de Bogot\u00e1 de enfrentar en forma unificada las pol\u00edticas del alcalde Mockus que buscan despojarlos de su derecho al trabajo para defender el \u201cespacio p\u00fablico\u201d solo para las multinacionales y los negociantes privados. La CUT apoyar\u00e1 todas las tareas organizativas y de lucha civil y democr\u00e1tica que emprenda el recientemente creado Comit\u00e9 Distrital de Vendedores Ambulantes y Estacionarios de Bogot\u00e1, que agrupa a la gran mayor\u00eda de organizaciones y personas de ese sector de trabajadores.<\/p>\n<p>Llamamos a los vendedores ambulantes y estacionarios de todos los municipios colombianos a organizarse para defender el derecho al trabajo, que forma parte del derecho a la vida y en consecuencia los invitamos a participar combativamente en el \u201cPARO C\u00cdVICO NACIONAL\u201d del 12 de agosto convocado por el Comando Nacional Unitario para protestar contra las pol\u00edticas del gobierno que lesionen a los trabajadores y al pueblo colombiano.<\/p>\n<p>POR EL DERECHO AL TRABAJO&#8230;.. \u00a1\u00a1\u00a1\u00a1 PARO C\u00cdVICO NACIONAL!!!<\/p>\n<p>COMIT\u00c9 EJECUTIVO NACIONAL<\/p>\n<p>CARLOS RODR\u00cdGUEZ D\u00cdAZ<br \/>\nPresidente<\/p>\n<p>BORIS MONTES DE OCA<br \/>\nSecretario General<\/p>\n<p>ALVARO MORALES S\u00c1NCHEZ<br \/>\nSecretario Asuntos de la Econom\u00eda Informal<\/p>\n","protected":false},"excerpt":{"rendered":"<p>Central Unitaria de Trabajadores -CUT-, julio 24 de 2003 M\u00e1s de una d\u00e9cada de aplicaci\u00f3n de la pol\u00edtica neoliberal ha dejado como uno de sus efectos m\u00e1s notorios el crecimiento desmesurado de la econom\u00eda informal. En los sectores industrial y agropecuario la invasi\u00f3n de productos y servicios extranjeros a bajos precios ha provocado el cierre [&hellip;]<\/p>\n","protected":false},"author":1,"featured_media":0,"comment_status":"open","ping_status":"open","sticky":false,"template":"","format":"standard","meta":{"advanced_seo_description":"","jetpack_seo_html_title":"","jetpack_seo_noindex":false,"_jetpack_memberships_contains_paid_content":false,"footnotes":""},"categories":[7],"tags":[],"class_list":["post-539","post","type-post","status-publish","format-standard","hentry","category-pronunciamientos-de-organizaciones-sociales"],"jetpack_featured_media_url":"","jetpack-related-posts":[{"id":169,"url":"https:\/\/moir.com.co\/web\/respaldamos-la-convocatoria-al-paro-nacional-del-22-de-marzo\/","url_meta":{"origin":539,"position":0},"title":"RESPALDAMOS LA CONVOCATOR\u00cdA AL PARO NACIONAL DEL 22 DE MARZO","author":"admin","date":"agosto 6, 2004","format":false,"excerpt":"Reci\u00e9n inaugurado el gobierno de Andr\u00e9s Pastrana, los trabajadores estatales realizaron uno de los m\u00e1s importantes paros de la historia nacional, contra las medidas privatizadoras y neoliberales del r\u00e9gimen, y como respuesta al reto lanzado por el presidente contra el movimiento obrero. El paro, librado durante 22 d\u00edas, constituy\u00f3 el\u2026","rel":"","context":"En \u00abTemas\u00bb","block_context":{"text":"Temas","link":"https:\/\/moir.com.co\/web\/category\/temas\/"},"img":{"alt_text":"","src":"","width":0,"height":0},"classes":[]},{"id":9988,"url":"https:\/\/moir.com.co\/web\/comando-nacional-unitario-define-pliego-de-peticiones-que-se-reivindicara-durante-el-paro-nacional-del-17-de-marzo\/","url_meta":{"origin":539,"position":1},"title":"Comando Nacional Unitario define Pliego de Peticiones que se reivindicar\u00e1 durante el Paro Nacional del 17 de marzo","author":"admin","date":"marzo 3, 2016","format":false,"excerpt":"El Comando Nacional Unitario conformado por las Centrales Obreras CGT, CUT y CTC y las Centrales de Pensionados CPC y CDPC, junto con la gran convergencia de organizaciones sociales, gremiales y pol\u00edticas, aprob\u00f3 los puntos b\u00e1sicos que se incluir\u00e1n en el pliego de peticiones que se le entregar\u00e1 al presidente\u2026","rel":"","context":"En \u00abPronunciamientos de Organizaciones Sociales\u00bb","block_context":{"text":"Pronunciamientos de Organizaciones Sociales","link":"https:\/\/moir.com.co\/web\/category\/pronunciamientos-de-organizaciones-sociales\/"},"img":{"alt_text":"","src":"","width":0,"height":0},"classes":[]},{"id":657,"url":"https:\/\/moir.com.co\/web\/alca-y-tlc-en-la-picota-publica\/","url_meta":{"origin":539,"position":2},"title":"\u00a1ALCA Y TLC EN LA PICOTA P\u00daBLICA!","author":"admin","date":"agosto 11, 2004","format":false,"excerpt":"Comando Regional Unitario del Magdalena, Santa Marta, mayo 28 de 2004 Las movilizaciones realizadas el pasado 18 de mayo en todo el pa\u00eds contra el ALCA y el tratado de libre comercio con Estados Unidos han tenido importantes repercusiones y ense\u00f1anzas. Dos posiciones antag\u00f3nicas han quedado expuestas a la luz\u2026","rel":"","context":"En \u00abPronunciamientos de Organizaciones Sociales\u00bb","block_context":{"text":"Pronunciamientos de Organizaciones Sociales","link":"https:\/\/moir.com.co\/web\/category\/pronunciamientos-de-organizaciones-sociales\/"},"img":{"alt_text":"","src":"","width":0,"height":0},"classes":[]},{"id":2506,"url":"https:\/\/moir.com.co\/web\/la-cut-respalda-paro-de-los-corteros-de-cana\/","url_meta":{"origin":539,"position":3},"title":"LA CUT RESPALDA PARO DE LOS CORTEROS DE CA\u00d1A","author":"admin","date":"septiembre 15, 2008","format":false,"excerpt":"Central Unitaria de Trabajadores, CUT, Bogot\u00e1, septiembre 15 de 2008 Cerca de 10 mil trabajadores de siembra, campo, cosecha y f\u00e1brica al servicio de la industria azucarera de los Departamento del Valle del Cauca, Risaralda y Cauca, iniciaron un PARO indefinido de actividades, el 15 de septiembre de 2008, solicitando\u2026","rel":"","context":"En \u00abPronunciamientos de Organizaciones Sociales\u00bb","block_context":{"text":"Pronunciamientos de Organizaciones Sociales","link":"https:\/\/moir.com.co\/web\/category\/pronunciamientos-de-organizaciones-sociales\/"},"img":{"alt_text":"","src":"","width":0,"height":0},"classes":[]},{"id":2423,"url":"https:\/\/moir.com.co\/web\/que-se-deroguen-inmediatamente-los-decretos-que-prohiben-el-comercio-de-leche-cruda-exigieron-15-mil-productores\/","url_meta":{"origin":539,"position":4},"title":"QUE SE DEROGUEN INMEDIATAMENTE LOS DECRETOS QUE PROH\u00cdBEN EL COMERCIO DE LECHE CRUDA, EXIGIERON 15 MIL PRODUCTORES","author":"admin","date":"julio 9, 2008","format":false,"excerpt":"Asociaci\u00f3n Nacional por la Salvaci\u00f3n Agropecuaria, Bogot\u00e1, julio 9 de 2008 Quince mil ciudadanos participaron en la Jornada Nacional por el Derecho al Trabajo de los lecheros y la Seguridad Alimentaria de los colombianos. Los manifestantes exigieron al gobierno la derogatoria inmediata de los Decretos 2838 y 616 de 2006,\u2026","rel":"","context":"En \u00abPronunciamientos de Organizaciones Sociales\u00bb","block_context":{"text":"Pronunciamientos de Organizaciones Sociales","link":"https:\/\/moir.com.co\/web\/category\/pronunciamientos-de-organizaciones-sociales\/"},"img":{"alt_text":"","src":"","width":0,"height":0},"classes":[]},{"id":20160,"url":"https:\/\/moir.com.co\/web\/jornada-nacional-de-protesta-del-16-de-marzo-resistir-la-feroz-arremetida-gringa-y-salvar-la-patria-2\/","url_meta":{"origin":539,"position":5},"title":"Jornada Nacional de Protesta del 16 de marzo: &#8220;RESISTIR LA FEROZ ARREMETIDA GRINGA Y SALVAR LA PATRIA&#8221;","author":"admin","date":"septiembre 22, 2004","format":false,"excerpt":"Comunicado del MOIR H\u00e9ctor Valencia, Secretario general; Bogot\u00e1, marzo 15 de 2000 Colombia vive hoy el mayor grado de dominaci\u00f3n imperialista en toda su historia. Llegando a extremos intolerables de vasallaje, el gobierno de Pastrana calca al pie de la letra los programas y recetas que Estados Unidos y sus\u2026","rel":"","context":"En \u00abTribuna Roja N\u00ba 80, abril 27 de 2000\u00bb","block_context":{"text":"Tribuna Roja N\u00ba 80, abril 27 de 2000","link":"https:\/\/moir.com.co\/web\/category\/tribuna-roja\/ediciones-2000-2004\/tribuna-roja-no-80-abril-27-de-2000\/"},"img":{"alt_text":"","src":"","width":0,"height":0},"classes":[]}],"jetpack_sharing_enabled":true,"_links":{"self":[{"href":"https:\/\/moir.com.co\/web\/wp-json\/wp\/v2\/posts\/539","targetHints":{"allow":["GET"]}}],"collection":[{"href":"https:\/\/moir.com.co\/web\/wp-json\/wp\/v2\/posts"}],"about":[{"href":"https:\/\/moir.com.co\/web\/wp-json\/wp\/v2\/types\/post"}],"author":[{"embeddable":true,"href":"https:\/\/moir.com.co\/web\/wp-json\/wp\/v2\/users\/1"}],"replies":[{"embeddable":true,"href":"https:\/\/moir.com.co\/web\/wp-json\/wp\/v2\/comments?post=539"}],"version-history":[{"count":0,"href":"https:\/\/moir.com.co\/web\/wp-json\/wp\/v2\/posts\/539\/revisions"}],"wp:attachment":[{"href":"https:\/\/moir.com.co\/web\/wp-json\/wp\/v2\/media?parent=539"}],"wp:term":[{"taxonomy":"category","embeddable":true,"href":"https:\/\/moir.com.co\/web\/wp-json\/wp\/v2\/categories?post=539"},{"taxonomy":"post_tag","embeddable":true,"href":"https:\/\/moir.com.co\/web\/wp-json\/wp\/v2\/tags?post=539"}],"curies":[{"name":"wp","href":"https:\/\/api.w.org\/{rel}","templated":true}]}}