{"id":538,"date":"2004-08-10T07:00:00","date_gmt":"2004-08-10T07:00:00","guid":{"rendered":"https:\/\/moir.org.co\/web\/todos-a-la-calle-el-24-de-julio\/"},"modified":"2004-08-10T07:00:00","modified_gmt":"2004-08-10T07:00:00","slug":"todos-a-la-calle-el-24-de-julio","status":"publish","type":"post","link":"https:\/\/moir.com.co\/web\/todos-a-la-calle-el-24-de-julio\/","title":{"rendered":"TODOS A LA CALLE EL 24 DE JULIO"},"content":{"rendered":"<p>La Jornada de Resistencia por la Defensa de Ecopetrol y lo P\u00fablico del 24 de Julio, impulsada por el Foro social del Magdalena Medio y las diferentes organizaciones de Barrancabermeja, cuenta tambi\u00e9n con la activa participaci\u00f3n del  SENA, el ISS, entre otros; se articula con otras  actividades en todo el pa\u00eds, como la toma de la Plaza de Bol\u00edvar de Bogot\u00e1 por parte de los vendedores ambulantes,  a la vez que hace parte de las acciones  preparatorias al Paro C\u00edvico Nacional  del pr\u00f3ximo 12 de Agosto. <\/p>\n<p>La Jornada del 24 de Julio, tendr\u00e1 como epicentro Barrancabermeja, donde la poblaci\u00f3n saldr\u00e1 de los diferentes  barrios  hacia los puestos de concentraci\u00f3n: Puente Elevado, Paso Nivel, la 28, el Colegio de la USO, y la Plazoleta de TELECOM. Desde estos sitios se partir\u00e1 en movilizaciones por las principales v\u00edas de la ciudad.  <\/p>\n<p>Los objetivos de la Jornada C\u00edvica de Resistencia, son: la Defensa de ECOPETROL, los servicios p\u00fablicos y sus instituciones;  en contra  del desempleo que golpea a la poblaci\u00f3n. Estos objetivos son motivos suficientes  para participar  con decisi\u00f3n, beligerancia y unidad en esta jornada, porque Ecopetrol se encuentra amenazada por la ofensiva del gobierno de Uribe V\u00e9lez, quien despu\u00e9s de  dividirla y escindirla por medio del decreto 1760 del 26 de Junio, se apresta a dictar los decretos y resoluciones reglamentarias, para continuar con su pretensi\u00f3n final de debilitar la empresa y allanar el camino de su liquidaci\u00f3n y privatizaci\u00f3n. En ese prop\u00f3sito tambi\u00e9n se encuentra el contrapliego  y el Tribunal de Arbitramento, que pretende  golpear al sindicato y eliminar los derechos adquiridos de los trabajadores. <\/p>\n<p>El sector p\u00fablico, y los derechos de la poblaci\u00f3n a la salud, educaci\u00f3n y servicios b\u00e1sicos (agua, telefon\u00eda, aseo, alcantarillado, etc.) vienen  convirti\u00e9ndose en un negocio, donde el sector privado obtiene sus utilidades con el cobro de tarifas impagables, que finalmente hacen que los usuarios terminen  marginados de la prestaci\u00f3n de los servicios. Las presiones que se ejercen para reestructurar el Hospital San Rafael desde la gobernaci\u00f3n de Santander, la situaci\u00f3n  que afronta Fertilizantes de Colombia, con el proceso de la ley 550, la aplicaci\u00f3n de la ley 715 en la educaci\u00f3n, que  afecta a la poblaci\u00f3n estudiantil y profesoral, las madres comunitarias que van a salir del sistema de asistencia de los ni\u00f1os bajo su protecci\u00f3n, el desempleo que apunta a  provocar una explosi\u00f3n social y que viene refugi\u00e1ndose en el comercio ilegal de combustibles, la desnutrici\u00f3n infantil y la deserci\u00f3n escolar, que deja a nuestra juventud sin futuro, son argumentos lo suficientemente s\u00f3lidos para salir a la Calle el pr\u00f3ximo 24 de Julio. <\/p>\n<p>A lo anterior se suma la  deprimida econom\u00eda de la ciudad, cuya actividad comercial e industrial ha ca\u00eddo a niveles nunca vistos; los comerciantes han disminuido sus ventas, a punto de ver quebrados sus negocios; la producci\u00f3n de la peque\u00f1a y mediana industria se encuentra  estancada, los servicios de transporte y financieros van en retroceso y los dirigentes que dicen representarlos est\u00e1n al servicio de intereses personales y mezquinos. <\/p>\n<p>Los problemas son comunes a todos los sectores sociales, lo cual se constituye en una garant\u00eda en el esfuerzo de hacer causa com\u00fan en la lucha democr\u00e1tica.  Estos sectores sociales y nuestras organizaciones, hemos decidido realizar esta Jornada  C\u00edvica de Resistencia. El 24 de Julio saldremos a las calles, demostrando  que la unidad de nuestros esfuerzos es el mejor y m\u00e1s efectivo camino para enfrentar las imposiciones imperialistas del gobierno de EEUU y los organismos multilaterales (FMI, BM, OMC), para rechazar el modelo neoliberal, autoritario y guerrerista de Uribe V\u00e9lez, para contrarrestar las pretensiones anexionistas del Plan Colombia, las Fumigaciones y el ALCA. Tambi\u00e9n la unidad  es la tarea urgente que exige de todos y de todas los dem\u00f3cratas de nuestra patria, sumar nuestras fuerzas para avanzar en la construcci\u00f3n de alternativas pol\u00edticas soberanas, antiimperialistas, democr\u00e1ticas, pluralistas, en el camino de salvar el futuro de nuestra naci\u00f3n. <\/p>\n<p>Esta Jornada C\u00edvica de Resistencia ser\u00e1 el mejor ejemplo de que no aceptamos las condiciones  autoritarias y entreguistas del R\u00e9gimen de Uribe V\u00e9lez  y que estamos dispuestos a luchar hasta que se reversen estas medidas, la naci\u00f3n recobre su soberan\u00eda e independencia. <\/p>\n<p>Todas las subdirectivas vamos a participar con una Jornada de Paro Laboral de 24 horas, en la que todos los trabajadores estar\u00e1n cumpliendo la tarea trazada por el sindicato <\/p>\n<p>La negociaci\u00f3n no avanza porque la Empresa persiste en imponer el Contrapliego<\/p>\n<p>En las negociaciones del pliego de peticiones y del futuro de Ecopetrol y la estabilidad del sindicato, que se vienen tratando en las 2 mesas establecidas para tal efecto, la respuesta de la empresa en ambas instancias ha sido la de ratificar su contrapliego y la pol\u00edtica del gobierno, que niega cualquier posibilidad de avanzar en la soluci\u00f3n del conflicto. Las directivas de ECP persisten en eliminar los art\u00edculos 2, 3, 121, 129 y actas extraconvencionales que le dan estructura  a la convenci\u00f3n Colectiva de trabajo. <\/p>\n<p>La situaci\u00f3n hace que la confrontaci\u00f3n se agudice, si se tiene en cuenta que el nombramiento del se\u00f1or H\u00e9ctor Sanabria Ortiz como \u00e1rbitro del sindicato, va en contra de los intereses de los trabajadores y por tanto no representar\u00e1  a la USO en el Tribunal de Arbitramento, como se le notific\u00f3 en la reuni\u00f3n que se sostuvo con este se\u00f1or en el d\u00eda de  ayer.  <\/p>\n<p>Este \u00e1rbitro  manifest\u00f3 que ma\u00f1ana se pondr\u00e1 a disposici\u00f3n del ministerio de Protecci\u00f3n social para cumplir con el llamado que ha hecho el gobierno, lo cual demuestra que la empresa tiene todo montado para imponer a trav\u00e9s del Tribunal  su pol\u00edtica para golpear a los trabajadores y el sindicato, lo cual debe ser rechazado de manera decidida y consecuente. <\/p>\n<p>VIVA  LA JORNADA C\u00cdVICA DE RESISTENCIA DE RESISTENCIA &#8230;.VIVA<\/p>\n<p>POR LA DEFENSA DE ECOPETROL&#8230;.ADELANTE! <\/p>\n<p>ANTES QUE TRIBUNAL&#8230;&#8230;&#8230;HUELGA GENERAL <\/p>\n<p>LIBERTAD PARA EL COMPA__ERO HERNANDO HERN\u00c1NDEZ INJUSTAMENTE DETENIDO..LIBERTAD! <\/p>\n<p>POR EL REINTEGRO DE LOS COMPA__EROS INJUSTAMENTE DESPEDIDOS&#8230;.ADELANTE! <\/p>\n<p>ATR\u00c1S EL CONTRAPLIEGO PATRONAL DE YANOVICH&#8230;&#8230; ATR\u00c1S <\/p>\n<p>VIVA NUESTRO JUSTO PLIEGO DE PETICIONES.. VIVA! <\/p>\n<p>EL REFERENDO ES UNA TRAMPA NO CAIGAMOS EN ELLA NO SALGA A VOTAR EL REFERENDO&#8230;&#8230;&#8230;&#8230;&#8230;&#8230;&#8230; ABSTENCION TOTAL Y ACTIVA <\/p>\n<p>VIVA EL PARO C\u00cdVICO NACIONAL DEL 12 DE AGOSTO___.VIVA<\/p>\n","protected":false},"excerpt":{"rendered":"<p>La Jornada de Resistencia por la Defensa de Ecopetrol y lo P\u00fablico del 24 de Julio, impulsada por el Foro social del Magdalena Medio y las diferentes organizaciones de Barrancabermeja, cuenta tambi\u00e9n con la activa participaci\u00f3n del SENA, el ISS, entre otros; se articula con otras actividades en todo el pa\u00eds, como la toma de [&hellip;]<\/p>\n","protected":false},"author":1,"featured_media":0,"comment_status":"open","ping_status":"open","sticky":false,"template":"","format":"standard","meta":{"advanced_seo_description":"","jetpack_seo_html_title":"","jetpack_seo_noindex":false,"_jetpack_memberships_contains_paid_content":false,"footnotes":""},"categories":[7],"tags":[],"class_list":["post-538","post","type-post","status-publish","format-standard","hentry","category-pronunciamientos-de-organizaciones-sociales"],"jetpack_featured_media_url":"","jetpack-related-posts":[{"id":537,"url":"https:\/\/moir.com.co\/web\/viva-la-jornada-civica-de-resistencia-de-barrancabermeja\/","url_meta":{"origin":538,"position":0},"title":"VIVA LA JORNADA C\u00cdVICA DE RESISTENCIA DE BARRANCABERMEJA","author":"admin","date":"agosto 10, 2004","format":false,"excerpt":"Hoy, 24 de Julio, las m\u00e1s diversas formas y expresiones de la sociedad barranque\u00f1a y sus organizaciones, el chancero, el estibador, el pescador, las amas de casa, los estudiantes, la iglesia, las mujeres, los comerciantes, los transportadores, los sindicalistas, las organizaciones de Derechos Humanos, y el pueblo en general, participa\u2026","rel":"","context":"En \u00abPronunciamientos de Organizaciones Sociales\u00bb","block_context":{"text":"Pronunciamientos de Organizaciones Sociales","link":"https:\/\/moir.com.co\/web\/category\/pronunciamientos-de-organizaciones-sociales\/"},"img":{"alt_text":"","src":"","width":0,"height":0},"classes":[]},{"id":536,"url":"https:\/\/moir.com.co\/web\/todos-al-paro-civico-nacional\/","url_meta":{"origin":538,"position":1},"title":"TODOS AL PARO C\u00cdVICO NACIONAL!!","author":"admin","date":"agosto 10, 2004","format":false,"excerpt":"En reuni\u00f3n plena de Comando Nacional Unitario, los representantes de los distintos sectores de los trabajadores ratificaron la realizaci\u00f3n del PARO C\u00cdVICO NACIONAL para el 12 de agosto de 2003 y, adem\u00e1s, la ejecuci\u00f3n de diversas tareas preparatorias del mismo, que relacionamos a continuaci\u00f3n: 16 de julio, 8:00 a.m., Plenario\u2026","rel":"","context":"En \u00abPronunciamientos de Organizaciones Sociales\u00bb","block_context":{"text":"Pronunciamientos de Organizaciones Sociales","link":"https:\/\/moir.com.co\/web\/category\/pronunciamientos-de-organizaciones-sociales\/"},"img":{"alt_text":"","src":"","width":0,"height":0},"classes":[]},{"id":545,"url":"https:\/\/moir.com.co\/web\/boletin-de-prensa\/","url_meta":{"origin":538,"position":2},"title":"BOLET\u00cdN DE PRENSA","author":"admin","date":"agosto 10, 2004","format":false,"excerpt":"Comando Nacional Unitario, CUT-CGTD-CTC-CPC , julio 29 de 2003 El Comando Nacional Unitario, reunido el martes 29 de julio, con una nutrida y entusiasta asistencia de los delegados de las organizaciones sociales y sindicales que impulsan la realizaci\u00f3n del Paro C\u00edvico Nacional el pr\u00f3ximo 12 de agosto. Se rindieron informes\u2026","rel":"","context":"En \u00abPronunciamientos de Organizaciones Sociales\u00bb","block_context":{"text":"Pronunciamientos de Organizaciones Sociales","link":"https:\/\/moir.com.co\/web\/category\/pronunciamientos-de-organizaciones-sociales\/"},"img":{"alt_text":"","src":"","width":0,"height":0},"classes":[]},{"id":19741,"url":"https:\/\/moir.com.co\/web\/la-uso-en-la-defensa-del-interes-nacional\/","url_meta":{"origin":538,"position":3},"title":"LA USO EN LA DEFENSA DEL INTER\u00c9S NACIONAL","author":"admin","date":"agosto 9, 2004","format":false,"excerpt":"Conflicto laboral en Ecopetrol Roberto Schmalbach Ha sido tan ap\u00e1trida la posici\u00f3n de Uribe que, desde el mismo inicio, el conflicto laboral en Ecopetrol se convirti\u00f3 para la USO en una verdadera batalla pol\u00edtica por la defensa de la soberan\u00eda y el inter\u00e9s de la naci\u00f3n. Transcurridos ya m\u00e1s de\u2026","rel":"","context":"En \u00abTribuna Roja N\u00ba 92, agosto 6 de 2003\u00bb","block_context":{"text":"Tribuna Roja N\u00ba 92, agosto 6 de 2003","link":"https:\/\/moir.com.co\/web\/category\/tribuna-roja\/ediciones-2000-2004\/tribuna-roja-no-92-agosto-6-de-2003\/"},"img":{"alt_text":"","src":"","width":0,"height":0},"classes":[]},{"id":2421,"url":"https:\/\/moir.com.co\/web\/9-de-julio-jornada-nacional-por-el-derecho-al-trabajo-de-los-lecheros-y-la-seguridad-alimentaria-de-los-colombianos\/","url_meta":{"origin":538,"position":4},"title":"9 DE JULIO, JORNADA NACIONAL POR EL DERECHO AL TRABAJO DE LOS LECHEROS Y LA SEGURIDAD ALIMENTARIA DE LOS COLOMBIANOS","author":"admin","date":"julio 8, 2008","format":false,"excerpt":"Asociacion Nacional por la Salvacion Agropecuaria, www.salvacionagropecuaria.net, julio 8 de 2008 Impulsada por un gran n\u00famero de organizaciones sociales y cooperativas de productores de leche, de comercializadores y peque\u00f1os industriales de la cadena l\u00e1ctea, se realizar\u00e1 en m\u00e1s de 15 sitios del territorio nacional, el mi\u00e9rcoles 9 de julio, una\u2026","rel":"","context":"En \u00abPronunciamientos de Organizaciones Sociales\u00bb","block_context":{"text":"Pronunciamientos de Organizaciones Sociales","link":"https:\/\/moir.com.co\/web\/category\/pronunciamientos-de-organizaciones-sociales\/"},"img":{"alt_text":"","src":"","width":0,"height":0},"classes":[]},{"id":527,"url":"https:\/\/moir.com.co\/web\/foro-social-del-magdalena-medio-por-la-defensa-de-lo-publico\/","url_meta":{"origin":538,"position":5},"title":"FORO SOCIAL DEL MAGDALENA MEDIO POR LA DEFENSA DE LO P\u00daBLICO","author":"admin","date":"agosto 10, 2004","format":false,"excerpt":"Con la participaci\u00f3n de la Di\u00f3cesis de Barrancabermeja, la Gobernaci\u00f3n de Santander, el Concejo Municipal de Barrancabermeja, el PDPMM, la USO, la Defensoria del Pueblo, CREDHOS, la UNEB, SINDESENA, el PTC, SINDES, SINTRAENDES, la CUT, la CGTD, la CTC, la OFP, ANTHOC, SINTRAINQUIGAS, HOCAR, SINALTRAINAL, ACVC, MUDEUB, La Comisi\u00f3n C\u00edvica\u2026","rel":"","context":"En \u00abPronunciamientos de Organizaciones Sociales\u00bb","block_context":{"text":"Pronunciamientos de Organizaciones Sociales","link":"https:\/\/moir.com.co\/web\/category\/pronunciamientos-de-organizaciones-sociales\/"},"img":{"alt_text":"","src":"","width":0,"height":0},"classes":[]}],"jetpack_sharing_enabled":true,"_links":{"self":[{"href":"https:\/\/moir.com.co\/web\/wp-json\/wp\/v2\/posts\/538","targetHints":{"allow":["GET"]}}],"collection":[{"href":"https:\/\/moir.com.co\/web\/wp-json\/wp\/v2\/posts"}],"about":[{"href":"https:\/\/moir.com.co\/web\/wp-json\/wp\/v2\/types\/post"}],"author":[{"embeddable":true,"href":"https:\/\/moir.com.co\/web\/wp-json\/wp\/v2\/users\/1"}],"replies":[{"embeddable":true,"href":"https:\/\/moir.com.co\/web\/wp-json\/wp\/v2\/comments?post=538"}],"version-history":[{"count":0,"href":"https:\/\/moir.com.co\/web\/wp-json\/wp\/v2\/posts\/538\/revisions"}],"wp:attachment":[{"href":"https:\/\/moir.com.co\/web\/wp-json\/wp\/v2\/media?parent=538"}],"wp:term":[{"taxonomy":"category","embeddable":true,"href":"https:\/\/moir.com.co\/web\/wp-json\/wp\/v2\/categories?post=538"},{"taxonomy":"post_tag","embeddable":true,"href":"https:\/\/moir.com.co\/web\/wp-json\/wp\/v2\/tags?post=538"}],"curies":[{"name":"wp","href":"https:\/\/api.w.org\/{rel}","templated":true}]}}