{"id":537,"date":"2004-08-10T07:00:00","date_gmt":"2004-08-10T07:00:00","guid":{"rendered":"https:\/\/moir.org.co\/web\/viva-la-jornada-civica-de-resistencia-de-barrancabermeja\/"},"modified":"2004-08-10T07:00:00","modified_gmt":"2004-08-10T07:00:00","slug":"viva-la-jornada-civica-de-resistencia-de-barrancabermeja","status":"publish","type":"post","link":"https:\/\/moir.com.co\/web\/viva-la-jornada-civica-de-resistencia-de-barrancabermeja\/","title":{"rendered":"VIVA LA JORNADA C\u00cdVICA DE RESISTENCIA DE BARRANCABERMEJA"},"content":{"rendered":"<p>Hoy, 24 de Julio,  las m\u00e1s diversas formas y expresiones de la sociedad barranque\u00f1a y sus organizaciones, el chancero, el estibador, el pescador, las amas de casa, los estudiantes, la iglesia, las mujeres, los comerciantes, los transportadores, los sindicalistas, las organizaciones de Derechos Humanos, y el pueblo en general, participa activamente en esta Jornada hist\u00f3rica por la Defensa de ECOPETROL y de lo  p\u00fablico. <\/p>\n<p>Ratificamos que, adem\u00e1s de los objetivos de la Jornada (la Defensa de ECOPETROL, los servicios p\u00fablicos y sus instituciones;  en contra  del desempleo que golpea a la poblaci\u00f3n) esta actividad es una demostraci\u00f3n de nuestra irrenunciable condici\u00f3n de lucha por los derechos de la poblaci\u00f3n, la dignidad de nuestro pueblo y el futuro de las nuevas generaciones. Ecopetrol se encuentra amenazada por la ofensiva del gobierno de Uribe V\u00e9lez, quien despu\u00e9s de  dividirla y escindirla por medio del decreto 1760 del 26 de Junio, se apresta a dictar los decretos y resoluciones reglamentarias, para continuar con su pretensi\u00f3n final de debilitar la empresa y allanar el camino de su liquidaci\u00f3n y privatizaci\u00f3n. En ese prop\u00f3sito tambi\u00e9n se encuentra el contrapliego y el Tribunal de Arbitramento, que pretende  golpear al sindicato y eliminar los derechos adquiridos de los trabajadores. <\/p>\n<p>El sector p\u00fablico, y los derechos de la poblaci\u00f3n a la salud, educaci\u00f3n y servicios b\u00e1sicos (agua, telefon\u00eda, aseo, alcantarillado, etc.) vienen  convirti\u00e9ndose en un negocio, donde el sector privado obtiene sus utilidades con el cobro de tarifas impagables, que finalmente hacen que los usuarios terminen  marginados de la prestaci\u00f3n de los servicios. Las presiones que se ejercen para reestructurar el Hospital San Rafael desde la gobernaci\u00f3n de Santander, la situaci\u00f3n  que afronta Fertilizantes de Colombia, con el proceso de la ley 550, la aplicaci\u00f3n de la ley 715 en la educaci\u00f3n, que  afecta a estudiantes y maestros, las madres comunitarias que van a salir del sistema de asistencia de los ni\u00f1os bajo su protecci\u00f3n, el desempleo que apunta a  provocar una explosi\u00f3n social y que viene refugi\u00e1ndose en el comercio ilegal de combustibles, la desnutrici\u00f3n infantil y la deserci\u00f3n escolar, que deja a nuestra juventud sin futuro, son argumentos lo suficientemente s\u00f3lidos para participar activamente en esta jornada. <\/p>\n<p>A lo anterior se suma la  deprimida econom\u00eda de la ciudad, cuya actividad comercial e industrial ha ca\u00eddo a niveles nunca vistos; los comerciantes han disminuido sus ventas, a punto de ver quebrados sus negocios; la producci\u00f3n de la peque\u00f1a y mediana industria se encuentra  estancada, los servicios de transporte y financieros van en retroceso y los dirigentes que dicen representarlos est\u00e1n al servicio de intereses personales y mezquinos. <\/p>\n<p>Los problemas son comunes a todos los sectores sociales, lo cual se constituye en una garant\u00eda en el esfuerzo de hacer causa com\u00fan en la lucha democr\u00e1tica.  <\/p>\n<p>ESTAMOS POR LA NEGOCIACION DIRECTA, NO POR LA IMPOSICI\u00d3N <\/p>\n<p>En el d\u00eda de ayer, la comisi\u00f3n negociadora de la USO sustent\u00f3 el contenido del  pliego de peticiones, resaltando la validez de sus planteamientos, en lo que respecta a la defensa de ECOPETROL, al futuro de la primera empresa estatal y a la preservaci\u00f3n de los Derechos de los  trabajadores.  <\/p>\n<p>La administraci\u00f3n de ECOPETROL  comenz\u00f3 tambi\u00e9n a exponer en detalle su pensamiento en cuanto a los temas que contiene el contrapliego, recuento que le ha servido al sindicato para consolidar y fortalecer su opini\u00f3n sobre lo lesivo e inconveniente que resulta la esencia de la pol\u00edtica del gobierno, expresada en el contenido de dicho documento. Estamos abiertos a construir de conjunto la ECOPETROL que queremos, la ECOPETROL del futuro, m\u00e1s no a permitir imposiciones, tal como pretende la administraci\u00f3n de la empresa,  en el marco del autoritarismo que predomina en el actual gobierno.  <\/p>\n<p>Recordamos que el tema de la estabilidad del sindicato tiene plena vigencia;  no podemos olvidar el objetivo de reintegrar a nuestros 13 compa\u00f1eros injustamente despedidos; hay que buscar salidas que sirvan de atenuantes para los procesos disciplinarios por ley 200 y ley 734 y debemos exigir con vehemencia la libertad inmediata de Hernando Hern\u00e1ndez, detenido injustamente, como lo hemos demostrado en derecho. A la vez debemos propugnar por la libertad definitiva de los compa\u00f1eros que hoy se encuentran en libertad condicional. <\/p>\n<p>Recordemos que el gobierno y la administraci\u00f3n contin\u00faan su conteo regresivo para imponer un laudo arbitral. De nuestra parte, haremos todos los esfuerzos por llegar a un acuerdo de manera directa, pero si el gobierno cierra todas las posibilidades de di\u00e1logo, nos corresponde enfrentar con decisi\u00f3n una lucha por la Defensa de Ecopetrol, de la Convenci\u00f3n y de nuestro sindicato. Ratificamos que la HUELGA en ECOPETROL tiene vigencia. La organizaci\u00f3n, la unidad y el acatamiento disciplinado de todas nuestras orientaciones, son factores decisivos para lograr nuestros prop\u00f3sitos. En esta tarea, ser\u00e1 indispensable seguir fortaleciendo nuestros lazos de solidaridad y unidad con todos los sectores sociales y populares que hoy tambi\u00e9n se enfrentan a las pol\u00edticas regresivas del Gobierno de Alvaro Uribe V\u00e9lez. <\/p>\n<p>Ejemplo de esta unidad indisoluble, es la Jornada C\u00edvica de Resistencia, que hoy 24 de Julio de 2003 se lleva a cabo en Barrancabermeja. <\/p>\n<p>VIVA  LA JORNADA C\u00cdVICA DE RESISTENCIA  POR LA DEFENSA DE ECOPETROL  Y DE LO P\u00daBLICO&#8230;.VIVA<br \/>\nANTES QUE TRIBUNAL&#8230;&#8230;&#8230;HUELGA GENERAL<br \/>\nLIBERTAD PARA EL COMPA\u00d1ERO HERNANDO HERN\u00c1NDEZ<br \/>\nPOR EL REINTEGRO DE LOS COMPA\u00d1EROS INJUSTAMENTE DESPEDIDOS<br \/>\nVIVA NUESTRO JUSTO PLIEGO DE PETICIONES<br \/>\nNO VOTAR EL REFERENDO&#8230;. ABSTENCION TOTAL Y ACTIVA<br \/>\nVIVA EL PARO C\u00cdVICO NACIONAL DEL 12 DE AGOSTO <\/p>\n","protected":false},"excerpt":{"rendered":"<p>Hoy, 24 de Julio, las m\u00e1s diversas formas y expresiones de la sociedad barranque\u00f1a y sus organizaciones, el chancero, el estibador, el pescador, las amas de casa, los estudiantes, la iglesia, las mujeres, los comerciantes, los transportadores, los sindicalistas, las organizaciones de Derechos Humanos, y el pueblo en general, participa activamente en esta Jornada hist\u00f3rica [&hellip;]<\/p>\n","protected":false},"author":1,"featured_media":0,"comment_status":"open","ping_status":"open","sticky":false,"template":"","format":"standard","meta":{"advanced_seo_description":"","jetpack_seo_html_title":"","jetpack_seo_noindex":false,"_jetpack_memberships_contains_paid_content":false,"footnotes":""},"categories":[7],"tags":[],"class_list":["post-537","post","type-post","status-publish","format-standard","hentry","category-pronunciamientos-de-organizaciones-sociales"],"jetpack_featured_media_url":"","jetpack-related-posts":[{"id":538,"url":"https:\/\/moir.com.co\/web\/todos-a-la-calle-el-24-de-julio\/","url_meta":{"origin":537,"position":0},"title":"TODOS A LA CALLE EL 24 DE JULIO","author":"admin","date":"agosto 10, 2004","format":false,"excerpt":"La Jornada de Resistencia por la Defensa de Ecopetrol y lo P\u00fablico del 24 de Julio, impulsada por el Foro social del Magdalena Medio y las diferentes organizaciones de Barrancabermeja, cuenta tambi\u00e9n con la activa participaci\u00f3n del SENA, el ISS, entre otros; se articula con otras actividades en todo el\u2026","rel":"","context":"En \u00abPronunciamientos de Organizaciones Sociales\u00bb","block_context":{"text":"Pronunciamientos de Organizaciones Sociales","link":"https:\/\/moir.com.co\/web\/category\/pronunciamientos-de-organizaciones-sociales\/"},"img":{"alt_text":"","src":"","width":0,"height":0},"classes":[]},{"id":19741,"url":"https:\/\/moir.com.co\/web\/la-uso-en-la-defensa-del-interes-nacional\/","url_meta":{"origin":537,"position":1},"title":"LA USO EN LA DEFENSA DEL INTER\u00c9S NACIONAL","author":"admin","date":"agosto 9, 2004","format":false,"excerpt":"Conflicto laboral en Ecopetrol Roberto Schmalbach Ha sido tan ap\u00e1trida la posici\u00f3n de Uribe que, desde el mismo inicio, el conflicto laboral en Ecopetrol se convirti\u00f3 para la USO en una verdadera batalla pol\u00edtica por la defensa de la soberan\u00eda y el inter\u00e9s de la naci\u00f3n. Transcurridos ya m\u00e1s de\u2026","rel":"","context":"En \u00abTribuna Roja N\u00ba 92, agosto 6 de 2003\u00bb","block_context":{"text":"Tribuna Roja N\u00ba 92, agosto 6 de 2003","link":"https:\/\/moir.com.co\/web\/category\/tribuna-roja\/ediciones-2000-2004\/tribuna-roja-no-92-agosto-6-de-2003\/"},"img":{"alt_text":"","src":"","width":0,"height":0},"classes":[]},{"id":19778,"url":"https:\/\/moir.com.co\/web\/el-conflicto-en-ecopetrol-una-batalla-por-la-soberanaa-nacional\/","url_meta":{"origin":537,"position":2},"title":"EL CONFLICTO EN ECOPETROL, UNA BATALLA POR LA SOBERAN\u00c1A NACIONAL","author":"admin","date":"agosto 10, 2004","format":false,"excerpt":"Por Roberto Schmalbach, dirigente de la USO La negociaci\u00f3n del pliego de peticiones entre la USO y Ecopetrol, para renovar la Convenci\u00f3n Colectiva de Trabajo que venci\u00f3 el 31 de diciembre de 2002, ha estado signada por la pol\u00edtica de represi\u00f3n y despojo de los derechos democr\u00e1ticos y laborales de\u2026","rel":"","context":"En \u00abTribuna Roja N\u00ba 90, marzo 10 de 2003\u00bb","block_context":{"text":"Tribuna Roja N\u00ba 90, marzo 10 de 2003","link":"https:\/\/moir.com.co\/web\/category\/tribuna-roja\/ediciones-2000-2004\/tribuna-roja-no-90-marzo-10-de-2003\/"},"img":{"alt_text":"","src":"","width":0,"height":0},"classes":[]},{"id":527,"url":"https:\/\/moir.com.co\/web\/foro-social-del-magdalena-medio-por-la-defensa-de-lo-publico\/","url_meta":{"origin":537,"position":3},"title":"FORO SOCIAL DEL MAGDALENA MEDIO POR LA DEFENSA DE LO P\u00daBLICO","author":"admin","date":"agosto 10, 2004","format":false,"excerpt":"Con la participaci\u00f3n de la Di\u00f3cesis de Barrancabermeja, la Gobernaci\u00f3n de Santander, el Concejo Municipal de Barrancabermeja, el PDPMM, la USO, la Defensoria del Pueblo, CREDHOS, la UNEB, SINDESENA, el PTC, SINDES, SINTRAENDES, la CUT, la CGTD, la CTC, la OFP, ANTHOC, SINTRAINQUIGAS, HOCAR, SINALTRAINAL, ACVC, MUDEUB, La Comisi\u00f3n C\u00edvica\u2026","rel":"","context":"En \u00abPronunciamientos de Organizaciones Sociales\u00bb","block_context":{"text":"Pronunciamientos de Organizaciones Sociales","link":"https:\/\/moir.com.co\/web\/category\/pronunciamientos-de-organizaciones-sociales\/"},"img":{"alt_text":"","src":"","width":0,"height":0},"classes":[]},{"id":540,"url":"https:\/\/moir.com.co\/web\/todos-al-paro-civico-nacional-2\/","url_meta":{"origin":537,"position":4},"title":"TODOS AL PARO C\u00cdVICO NACIONAL!!","author":"admin","date":"agosto 10, 2004","format":false,"excerpt":"Comando Nacional Unitario, CUT-CGTD-CTC-CPC, Bogot\u00e1, julio 15 de 2003 Quiz\u00e1s con una amplitud, intensidad y contundencia nunca vistas, los trabajadores, los productores, las organizaciones sociales y el conjunto de la poblaci\u00f3n colombiana venimos enfrentando una ofensiva brutal contra nuestros intereses, derechos y organizaciones. En el agro, la industria y el\u2026","rel":"","context":"En \u00abPronunciamientos de Organizaciones Sociales\u00bb","block_context":{"text":"Pronunciamientos de Organizaciones Sociales","link":"https:\/\/moir.com.co\/web\/category\/pronunciamientos-de-organizaciones-sociales\/"},"img":{"alt_text":"","src":"","width":0,"height":0},"classes":[]},{"id":617,"url":"https:\/\/moir.com.co\/web\/el-modelo-neoliberal-es-el-responsable-de-la-crisis\/","url_meta":{"origin":537,"position":5},"title":"\u00a1EL MODELO NEOLIBERAL ES EL RESPONSABLE DE LA CRISIS!","author":"admin","date":"agosto 11, 2004","format":false,"excerpt":"Despu\u00e9s de m\u00e1s de trece a\u00f1os de aplicaci\u00f3n de la pol\u00edtica aperturista y neoliberal la situaci\u00f3n de la naci\u00f3n es realmente cr\u00edtica: retroceso econ\u00f3mico, deuda p\u00fablica asfixiante, privatizaciones de la educaci\u00f3n, la salud y los servicios p\u00fablicos, alto desempleo de car\u00e1cter estructural, aumento de la pobreza y la indigencia a\u2026","rel":"","context":"En \u00abPronunciamientos de Organizaciones Sociales\u00bb","block_context":{"text":"Pronunciamientos de Organizaciones Sociales","link":"https:\/\/moir.com.co\/web\/category\/pronunciamientos-de-organizaciones-sociales\/"},"img":{"alt_text":"","src":"","width":0,"height":0},"classes":[]}],"jetpack_sharing_enabled":true,"_links":{"self":[{"href":"https:\/\/moir.com.co\/web\/wp-json\/wp\/v2\/posts\/537","targetHints":{"allow":["GET"]}}],"collection":[{"href":"https:\/\/moir.com.co\/web\/wp-json\/wp\/v2\/posts"}],"about":[{"href":"https:\/\/moir.com.co\/web\/wp-json\/wp\/v2\/types\/post"}],"author":[{"embeddable":true,"href":"https:\/\/moir.com.co\/web\/wp-json\/wp\/v2\/users\/1"}],"replies":[{"embeddable":true,"href":"https:\/\/moir.com.co\/web\/wp-json\/wp\/v2\/comments?post=537"}],"version-history":[{"count":0,"href":"https:\/\/moir.com.co\/web\/wp-json\/wp\/v2\/posts\/537\/revisions"}],"wp:attachment":[{"href":"https:\/\/moir.com.co\/web\/wp-json\/wp\/v2\/media?parent=537"}],"wp:term":[{"taxonomy":"category","embeddable":true,"href":"https:\/\/moir.com.co\/web\/wp-json\/wp\/v2\/categories?post=537"},{"taxonomy":"post_tag","embeddable":true,"href":"https:\/\/moir.com.co\/web\/wp-json\/wp\/v2\/tags?post=537"}],"curies":[{"name":"wp","href":"https:\/\/api.w.org\/{rel}","templated":true}]}}