{"id":536,"date":"2004-08-10T07:00:00","date_gmt":"2004-08-10T07:00:00","guid":{"rendered":"https:\/\/moir.org.co\/web\/todos-al-paro-civico-nacional\/"},"modified":"2004-08-10T07:00:00","modified_gmt":"2004-08-10T07:00:00","slug":"todos-al-paro-civico-nacional","status":"publish","type":"post","link":"https:\/\/moir.com.co\/web\/todos-al-paro-civico-nacional\/","title":{"rendered":"TODOS AL PARO C\u00cdVICO NACIONAL!!"},"content":{"rendered":"<p>En reuni\u00f3n plena de Comando Nacional Unitario, los representantes de los distintos sectores de los trabajadores ratificaron la realizaci\u00f3n del PARO C\u00cdVICO NACIONAL para el 12 de agosto de 2003 y, adem\u00e1s, la ejecuci\u00f3n de diversas tareas preparatorias del mismo, que relacionamos a continuaci\u00f3n: <\/p>\n<p>16 de julio, 8:00 a.m., Plenario de juntas directivas de los sindicatos del sector estatal, en Sintraseguridadsocial, Seccional Cundinamarca (calle 30  16-09).<br \/>\n17 de julio, 3:30 p.m., reuni\u00f3n de Comando de Paro, Seccional Bogot\u00e1-Cundinamarca, en la sede la CUT Bogot\u00e1 (calle 32  20-05, piso 2, tel\u00e9fono 5613031)<br \/>\n18 de julio, 10:00 a.m., marcha de los vendedores ambulantes y estacionarios hacia la Plaza de Bol\u00edvar, partiendo de distintos sectores de Bogot\u00e1.  <\/p>\n<p>19 de julio, 8:00 a.m., reuni\u00f3n de sectores sindicales con l\u00edderes c\u00edvicos y comunales, en Sintraseguridadsocial, Seccional Cundinamarca.<br \/>\n20 de julio, protesta de los vendedores ambulantes y estacionarios contra la aplicaci\u00f3n del nuevo C\u00f3digo de Polic\u00eda y la imposici\u00f3n de las ciclov\u00edas en los mercados de las pulgas.  <\/p>\n<p>21 de julio, 10:00 a.m, concentraci\u00f3n de los vendedores ambulantes y estacionarios en la Plaza de Bol\u00edvar.  <\/p>\n<p>22 de julio, 8:00 a.m., reuni\u00f3n del Comando Nacional Unitario (CNU), en la sede de la CGTD (calle 39\u00aa  14-48)  <\/p>\n<p>23 de julio, 5:30 p.m., noche de las antorchas por la defensa del Seguro Social con trabajadores, usuarios y pensionados, en las principales cl\u00ednicas y centros de atenci\u00f3n ambulatoria del ISS.  <\/p>\n<p>24 de julio, paro c\u00edvico en Barrancabermeja y Jornada Nacional de Solidaridad del sector estatal.  En Bogot\u00e1, 11:00 a.m., marcha desde la cl\u00ednica San Pedro Claver al Ministerio de la Protecci\u00f3n Social y de all\u00ed, hacia la sede del Sena Chapinero. <\/p>\n<p>25 de julio, 2:00 p.m. reuni\u00f3n de Comisiones del Paro C\u00edvico Nacional: pol\u00edtica en la CUT (calle 35  7-25, piso 9); organizaci\u00f3n en la CTC (calle 39  26\u00aa-23) y prensa en la CGTD (calle 39\u00aa  14-48)<br \/>\n26 de julio, asamblea general de organizaciones sindicales, c\u00edvicas y populares, en sitio y hora por confirmar. <\/p>\n<p>La reuni\u00f3n concluy\u00f3 con un llamamiento a todas las organizaciones comprometidas con el PARO C\u00cdVICO NACIONAL a redoblar los esfuerzos organizativos y de acompa\u00f1amiento a las actividades programadas, convocar y aglutinar a todos los sectores populares, c\u00edvicos y sociales afectados por las pol\u00edticas del gobierno de Uribe V\u00e9lez, para de esta manera garantizar el \u00e9xito del Paro. <\/p>\n<p>COMISI\u00d3N DE PRENSA, PROPAGANDA Y COMUNICACIONES<br \/>\nCOMANDO NACIONAL UNITARIO<br \/>\nUTC-CGTD-CTC-CPC <\/p>\n<p>Bogot\u00e1, 15 de julio de 2003 <\/p>\n","protected":false},"excerpt":{"rendered":"<p>En reuni\u00f3n plena de Comando Nacional Unitario, los representantes de los distintos sectores de los trabajadores ratificaron la realizaci\u00f3n del PARO C\u00cdVICO NACIONAL para el 12 de agosto de 2003 y, adem\u00e1s, la ejecuci\u00f3n de diversas tareas preparatorias del mismo, que relacionamos a continuaci\u00f3n: 16 de julio, 8:00 a.m., Plenario de juntas directivas de los [&hellip;]<\/p>\n","protected":false},"author":1,"featured_media":0,"comment_status":"open","ping_status":"open","sticky":false,"template":"","format":"standard","meta":{"advanced_seo_description":"","jetpack_seo_html_title":"","jetpack_seo_noindex":false,"_jetpack_memberships_contains_paid_content":false,"footnotes":""},"categories":[7],"tags":[],"class_list":["post-536","post","type-post","status-publish","format-standard","hentry","category-pronunciamientos-de-organizaciones-sociales"],"jetpack_featured_media_url":"","jetpack-related-posts":[{"id":545,"url":"https:\/\/moir.com.co\/web\/boletin-de-prensa\/","url_meta":{"origin":536,"position":0},"title":"BOLET\u00cdN DE PRENSA","author":"admin","date":"agosto 10, 2004","format":false,"excerpt":"Comando Nacional Unitario, CUT-CGTD-CTC-CPC , julio 29 de 2003 El Comando Nacional Unitario, reunido el martes 29 de julio, con una nutrida y entusiasta asistencia de los delegados de las organizaciones sociales y sindicales que impulsan la realizaci\u00f3n del Paro C\u00edvico Nacional el pr\u00f3ximo 12 de agosto. Se rindieron informes\u2026","rel":"","context":"En \u00abPronunciamientos de Organizaciones Sociales\u00bb","block_context":{"text":"Pronunciamientos de Organizaciones Sociales","link":"https:\/\/moir.com.co\/web\/category\/pronunciamientos-de-organizaciones-sociales\/"},"img":{"alt_text":"","src":"","width":0,"height":0},"classes":[]},{"id":12325,"url":"https:\/\/moir.com.co\/web\/declaracion-politica-de-los-sindicatos-del-sector-estatal\/","url_meta":{"origin":536,"position":1},"title":"Declaraci\u00f3n Pol\u00edtica de los sindicatos del sector estatal","author":"admin","date":"mayo 8, 2017","format":false,"excerpt":"Bogot\u00e1, mayo 8 de 2017 El pa\u00eds atraviesa una aguda crisis social, econ\u00f3mica y pol\u00edtica, fruto de la imposici\u00f3n de la pol\u00edtica econ\u00f3mica de los organismos internacionales como el Banco Mundial, el Fondo Monetario Internacional, y \u00faltimamente la OCDE, quienes en \u00faltima instancia son los que definen la pol\u00edtica econ\u00f3mica\u2026","rel":"","context":"En \u00abBogot\u00e1\u00bb","block_context":{"text":"Bogot\u00e1","link":"https:\/\/moir.com.co\/web\/category\/temas\/bogota\/"},"img":{"alt_text":"","src":"https:\/\/i0.wp.com\/moir.com.co\/web\/wp-content\/uploads\/2016\/12\/maestroscalle26.jpg?fit=555%2C370&ssl=1&resize=350%2C200","width":350,"height":200,"srcset":"https:\/\/i0.wp.com\/moir.com.co\/web\/wp-content\/uploads\/2016\/12\/maestroscalle26.jpg?fit=555%2C370&ssl=1&resize=350%2C200 1x, https:\/\/i0.wp.com\/moir.com.co\/web\/wp-content\/uploads\/2016\/12\/maestroscalle26.jpg?fit=555%2C370&ssl=1&resize=525%2C300 1.5x"},"classes":[]},{"id":12367,"url":"https:\/\/moir.com.co\/web\/apoyamos-y-promovemos-los-paros-del-magisterio-y-los-trabajadores-estatales\/","url_meta":{"origin":536,"position":2},"title":"Apoyamos y promovemos los paros del Magisterio y los Trabajadores Estatales","author":"admin","date":"mayo 11, 2017","format":false,"excerpt":"Bogot\u00e1, mayo 10 de 2017 Con la participaci\u00f3n de las tres centrales obreras, Central Unitaria de Trabajadores \u2013CUT-, Confederaci\u00f3n General del Trabajo- CGT-, Confederaci\u00f3n de Trabajadores de Colombia \u2013CTC-, y la Federaci\u00f3n Colombiana de Trabajadores de la Educaci\u00f3n -FECODE, se desarroll\u00f3 una amplia reuni\u00f3n en el d\u00eda de hoy, para\u2026","rel":"","context":"En \u00abEconom\u00eda\u00bb","block_context":{"text":"Econom\u00eda","link":"https:\/\/moir.com.co\/web\/category\/temas\/economia\/"},"img":{"alt_text":"","src":"https:\/\/i0.wp.com\/moir.com.co\/web\/wp-content\/uploads\/2017\/04\/cut.jpg?fit=341%2C200&ssl=1&resize=350%2C200","width":350,"height":200},"classes":[]},{"id":12591,"url":"https:\/\/moir.com.co\/web\/crece-y-se-fortalece-la-lucha-social\/","url_meta":{"origin":536,"position":3},"title":"\u201cCrece y se fortalece la lucha social\u201d","author":"admin","date":"junio 2, 2017","format":false,"excerpt":"Comando Nacional Unitario y Coordinadora de Organizaciones Sociales, Bogot\u00e1, junio 2 de 2017 En la sede de la USO BOGOTA, el 1 de junio del presente a\u00f1o nos reunimos 100 dirigentes en representaci\u00f3n de organizaciones sociales, sindicales y pol\u00edticas; despu\u00e9s de o\u00edr los informes sobre los procesos de negociaci\u00f3n de\u2026","rel":"","context":"En \u00abEconom\u00eda\u00bb","block_context":{"text":"Econom\u00eda","link":"https:\/\/moir.com.co\/web\/category\/temas\/economia\/"},"img":{"alt_text":"","src":"https:\/\/i0.wp.com\/moir.com.co\/web\/wp-content\/uploads\/2017\/06\/maestrosparo2017.jpg?fit=1200%2C675&ssl=1&resize=350%2C200","width":350,"height":200,"srcset":"https:\/\/i0.wp.com\/moir.com.co\/web\/wp-content\/uploads\/2017\/06\/maestrosparo2017.jpg?fit=1200%2C675&ssl=1&resize=350%2C200 1x, https:\/\/i0.wp.com\/moir.com.co\/web\/wp-content\/uploads\/2017\/06\/maestrosparo2017.jpg?fit=1200%2C675&ssl=1&resize=525%2C300 1.5x, https:\/\/i0.wp.com\/moir.com.co\/web\/wp-content\/uploads\/2017\/06\/maestrosparo2017.jpg?fit=1200%2C675&ssl=1&resize=700%2C400 2x, https:\/\/i0.wp.com\/moir.com.co\/web\/wp-content\/uploads\/2017\/06\/maestrosparo2017.jpg?fit=1200%2C675&ssl=1&resize=1050%2C600 3x"},"classes":[]},{"id":1214,"url":"https:\/\/moir.com.co\/web\/congreso-nacional-de-unidad-carlos-gaviria-presidente-2006-2010\/","url_meta":{"origin":536,"position":4},"title":"CONGRESO NACIONAL DE UNIDAD CARLOS GAVIRIA PRESIDENTE 2006 &#8211; 2010","author":"admin","date":"julio 28, 2005","format":false,"excerpt":"Bogot\u00e1, Agosto 19 y 20 de 2005 CONGRESO NACIONAL DE UNIDAD CARLOS GAVIRIA Presidente 2006 - 2010 \"Por la democracia, la paz y la soberan\u00eda\" Bogot\u00e1 D.C., 19 y 20 de agosto 2005 Convoca: ALTERNATIVA DEMOCRATICA Presentaci\u00f3n: El desarrollo de los acontecimientos pol\u00edticos del pa\u00eds confirman las preocupaciones que los\u2026","rel":"","context":"Entrada similar","block_context":{"text":"Entrada similar","link":""},"img":{"alt_text":"","src":"","width":0,"height":0},"classes":[]},{"id":7810,"url":"https:\/\/moir.com.co\/web\/comunicado-de-la-cut-se-prepara-la-movilizacion-social-y-nacional\/","url_meta":{"origin":536,"position":5},"title":"Comunicado de la CUT: Se prepara la movilizaci\u00f3n social y nacional","author":"admin","date":"agosto 11, 2013","format":false,"excerpt":"Por convocatoria del Nuevo Comit\u00e9 Ejecutivo de la CUT Nacional, nos reunimos en la Sede nacional de esta Central 30 organizaciones entre sindicales, sociales y pol\u00edticas con el objetivo de unificar criterios y acciones que nos permitan preparar y desarrollar la jornada nacional de lucha del 19 de agosto del\u2026","rel":"","context":"En \u00abPronunciamientos de Organizaciones Sociales\u00bb","block_context":{"text":"Pronunciamientos de Organizaciones Sociales","link":"https:\/\/moir.com.co\/web\/category\/pronunciamientos-de-organizaciones-sociales\/"},"img":{"alt_text":"","src":"","width":0,"height":0},"classes":[]}],"jetpack_sharing_enabled":true,"_links":{"self":[{"href":"https:\/\/moir.com.co\/web\/wp-json\/wp\/v2\/posts\/536","targetHints":{"allow":["GET"]}}],"collection":[{"href":"https:\/\/moir.com.co\/web\/wp-json\/wp\/v2\/posts"}],"about":[{"href":"https:\/\/moir.com.co\/web\/wp-json\/wp\/v2\/types\/post"}],"author":[{"embeddable":true,"href":"https:\/\/moir.com.co\/web\/wp-json\/wp\/v2\/users\/1"}],"replies":[{"embeddable":true,"href":"https:\/\/moir.com.co\/web\/wp-json\/wp\/v2\/comments?post=536"}],"version-history":[{"count":0,"href":"https:\/\/moir.com.co\/web\/wp-json\/wp\/v2\/posts\/536\/revisions"}],"wp:attachment":[{"href":"https:\/\/moir.com.co\/web\/wp-json\/wp\/v2\/media?parent=536"}],"wp:term":[{"taxonomy":"category","embeddable":true,"href":"https:\/\/moir.com.co\/web\/wp-json\/wp\/v2\/categories?post=536"},{"taxonomy":"post_tag","embeddable":true,"href":"https:\/\/moir.com.co\/web\/wp-json\/wp\/v2\/tags?post=536"}],"curies":[{"name":"wp","href":"https:\/\/api.w.org\/{rel}","templated":true}]}}