{"id":534,"date":"2004-08-10T07:00:00","date_gmt":"2004-08-10T07:00:00","guid":{"rendered":"https:\/\/moir.org.co\/web\/carta-al-presidente-de-fecode-convocandolo-a-que-la-federacion-se-ponga-al-frente-de-la-lucha-por-la-defensa-de-los-derechos-d\/"},"modified":"2004-08-10T07:00:00","modified_gmt":"2004-08-10T07:00:00","slug":"carta-al-presidente-de-fecode-convocandolo-a-que-la-federacion-se-ponga-al-frente-de-la-lucha-por-la-defensa-de-los-derechos-d","status":"publish","type":"post","link":"https:\/\/moir.com.co\/web\/carta-al-presidente-de-fecode-convocandolo-a-que-la-federacion-se-ponga-al-frente-de-la-lucha-por-la-defensa-de-los-derechos-d\/","title":{"rendered":"CARTA AL PRESIDENTE DE FECODE CONVOC\u00c1NDOLO A QUE LA FEDERACI\u00d3N SE PONGA AL FRENTE DE LA LUCHA POR LA DEFENSA DE LOS DERECHOS D"},"content":{"rendered":"<p>FECODE-CUT, Bogot\u00e1, julio 3 de 2003<\/p>\n<p>Bogot\u00e1, julio 3 de 2003<\/p>\n<p>Compa\u00f1ero<\/p>\n<p>JORGE ELI\u00c9CER GUEVARA<\/p>\n<p>Presidente y dem\u00e1s integrantes Comit\u00e9 Ejecutivo de FECODE<\/p>\n<p>Ciudad<\/p>\n<p>Fraternal saludo.<\/p>\n<p>Avanza la reestructuraci\u00f3n uribista del Estado. Los hechos de los \u00faltimos d\u00edas son una prueba palmaria de ello: la liquidaci\u00f3n sin contemplaciones de Telecom despu\u00e9s de someterla a una d\u00e9cada de implacable marchitamiento; la escisi\u00f3n del ISS en siete empresas y de paso la supresi\u00f3n de los derechos de convenci\u00f3n colectiva a casi 14 mil de sus trabajadores, al declararlos empleados de libre nombramiento y remoci\u00f3n con la manida \u201ceficiencia en el desempe\u00f1o\u201d como \u00fanico criterio de permanencia; la divisi\u00f3n de ECOPETROL para, de una parte, arrebatarle las decisiones en materia de pol\u00edtica petrolera, el manejo de las reservas futuras de crudo y gas, las regal\u00edas, la contrataci\u00f3n y tratos con las grandes multinacionales, y de otra, convertirla en una sociedad por acciones, paso inicial para su marchitamiento y privatizaci\u00f3n.<\/p>\n<p>Sumado esto a los anuncios de pol\u00edticas similares para el SENA, en cuya reestructuraci\u00f3n se suprimir\u00e1n cinco mil cien cargos y se convertir\u00e1 en \u201centidad chequera\u201d para contratar con particulares la formaci\u00f3n t\u00e9cnica; el ICBF, que ser\u00e1 descuartizado para entregarlo a los municipios; la reestructuraci\u00f3n y privatizaci\u00f3n de las universidades p\u00fablicas; las fusiones y supresiones que se practicar\u00e1n en superintendencias, contralor\u00edas, personer\u00edas, ministerios y entes territoriales a todo nivel, no queda duda alguna sobre la decisi\u00f3n del r\u00e9gimen uribista de expulsar de sus puestos de trabajo a m\u00e1s de 40 mil empleados estatales, para dar cumplimiento a los mandatos del Fondo Monetario Internacional.<\/p>\n<p>Y para hacer frente a las manifestaciones de descontento que surjan en los sectores populares, el Gobierno y sus mayor\u00edas parlamentarias aprobar\u00e1n un estatuto antiterrorista y una reforma a la justicia, que suprimen derechos civiles e imponen la fascistizaci\u00f3n de la sociedad, como complementos necesarios de la reforma pol\u00edtica recientemente aprobada en el Congreso que borra de un plumazo a las inc\u00f3modas minor\u00edas opositoras e impone un peque\u00f1o parlamento al servicio de la dictadura presidencial.<\/p>\n<p>En el sector educativo avanza con los mismos fines y arteros prop\u00f3sitos la reestructuraci\u00f3n del Estado. Conclusi\u00f3n diferente no puede inferirse de la aplicaci\u00f3n del Acto Legislativo 01 y la ley 715 de 2001. Con las normas reglamentarias de esta ley se ha dado inicio al proceso sistem\u00e1tico de reestructuraci\u00f3n en la planta de personal docente y administrativa del sector educativo, tal es el caso del nuevo Estatuto Docente y los decretos 1850 y 3020 de 2002, en virtud de los cuales se doblaron la jornada y la carga laboral; se impusieron m\u00e1s obligaciones por menos salarios a docentes y directivos y se dio v\u00eda libre a la masificaci\u00f3n y hacinamiento de estudiantes en aulas e instituciones, a la vez que se obvi\u00f3 el nombramiento de los reemplazos para los m\u00e1s de 30 mil maestros que se han retirado en los \u00faltimos tres a\u00f1os, siendo de hecho recortadas las plantas de personal en esta cuant\u00eda.<\/p>\n<p>A todo este escenario se agregan los contenidos funestos de los siete proyectos de decretos reglamentarios que est\u00e1n en curso y que han sido anunciados como pr\u00f3ximos a expedirse por parte del Ministerio de Educaci\u00f3n. Estos son, el de traslados que estatuye la discrecionalidad de los mismos, limita las permutas y deja sin protecci\u00f3n a los miles de maestros amenazados y desplazados; el de escalaf\u00f3n que en la pr\u00e1ctica niega la posibilidad de los ascensos por lo menos hasta el a\u00f1o 2008, sujet\u00e1ndolos a disponibilidad presupuestal; el de zonas rurales de dif\u00edcil acceso que pr\u00e1cticamente las anula y deja al arbitrio de los alcaldes municipales la fijaci\u00f3n de los escasos est\u00edmulos sujetos tambi\u00e9n a disponibilidad presupuestal; el de concursos para nombramiento de nuevos educadores que por la multiplicidad de condiciones que establece, convierte la vinculaci\u00f3n en una verdadera loter\u00eda, a m\u00e1s de la politiquer\u00eda y el clientelismo que entroniza; el de la certificaci\u00f3n de los municipios de menos de cien mil habitantes que coloca en la recta final el desvertebramiento absoluto de la educaci\u00f3n colombiana; el de la fijaci\u00f3n de costos de matr\u00edculas, pensiones y derechos acad\u00e9micos que profundiza el proceso de privatizaci\u00f3n de la educaci\u00f3n y el de la evaluaci\u00f3n de desempe\u00f1o de los docentes hecha por los rectores que sin m\u00e1s, conduce a la exclusi\u00f3n del escalaf\u00f3n y a la subsiguiente destituci\u00f3n de los maestros.<\/p>\n<p>En nuestra opini\u00f3n, frente a esta andanada de normas no puede haber por parte del magisterio y la Federaci\u00f3n una actitud pasiva, a la expectativa de la \u201cbuena voluntad\u201d de concertaci\u00f3n del gobierno uribista. Tampoco basta con manifestarle al gobierno el desacuerdo de FECODE, en las eventuales reuniones que se tengan. Por el contrario, la gravedad de estas medidas y los riesgos para la profesi\u00f3n docente y para la educaci\u00f3n p\u00fablica que en ella van impl\u00edcitas, requieren de FECODE y del magisterio una respuesta contundente. En este sentido, le proponemos que la jornada nacional de protesta que se aprob\u00f3 para el 5 de agosto se transforme en un paro nacional de 24 horas; que se lleve por parte de FECODE a la pr\u00f3xima reuni\u00f3n del Comando Nacional Unitario la decisi\u00f3n de convocar al magisterio a participar del Paro C\u00edvico Nacional en la fecha que sea fijada para esta acci\u00f3n de repudio a la pol\u00edtica uribista y a que se adopte por parte de la Federaci\u00f3n la decisi\u00f3n de impulsar realmente un paro nacional indefinido del magisterio colombiano que ponga freno a esta ofensiva del r\u00e9gimen uribista y que fuerce al gobierno a una negociaci\u00f3n bilateral con FECODE sobre la pol\u00edtica educativa y los derechos laborales de los educadores colombianos.<\/p>\n<p>Sobre estas premisas y estos requerimientos, manifestamos a ustedes nuestra voluntad indeclinable de unificarnos y trabajar mancomunadamente por la defensa de la educaci\u00f3n p\u00fablica y los derechos laborales y sociales de los maestros y el conjunto de los trabajadores colombianos.<\/p>\n<p>Fraternalmente;<\/p>\n<p>Firmado:<\/p>\n<p>Miembros del Comit\u00e9 Ejecutivo de FECODE:<\/p>\n<p>RA\u00daL ARROYAVE ARANGO<br \/>\nEL\u00cdAS FONSECA CORTINA<br \/>\nMEDARDO HERN\u00c1NDEZ BALDIRIS<\/p>\n<p>Dirigentes del magisterio integrantes del Comit\u00e9 Ejecutivo Nacional de la CUT:<\/p>\n<p>GLORIA IN\u00c9S RAM\u00cdREZ<br \/>\n\u00c1LVARO MORALES S\u00c1NCHEZ<br \/>\nTARSICIO RIVERA MU\u00d1OZ<br \/>\nMIGUEL ANTONIO CARO<br \/>\nJOS\u00c9 DI\u00d3GENES ORJUELA<br \/>\nDOMINGO TOVAR ARRIETA<\/p>\n","protected":false},"excerpt":{"rendered":"<p>FECODE-CUT, Bogot\u00e1, julio 3 de 2003 Bogot\u00e1, julio 3 de 2003 Compa\u00f1ero JORGE ELI\u00c9CER GUEVARA Presidente y dem\u00e1s integrantes Comit\u00e9 Ejecutivo de FECODE Ciudad Fraternal saludo. Avanza la reestructuraci\u00f3n uribista del Estado. Los hechos de los \u00faltimos d\u00edas son una prueba palmaria de ello: la liquidaci\u00f3n sin contemplaciones de Telecom despu\u00e9s de someterla a una [&hellip;]<\/p>\n","protected":false},"author":1,"featured_media":0,"comment_status":"open","ping_status":"open","sticky":false,"template":"","format":"standard","meta":{"advanced_seo_description":"","jetpack_seo_html_title":"","jetpack_seo_noindex":false,"_jetpack_memberships_contains_paid_content":false,"footnotes":""},"categories":[7],"tags":[],"class_list":["post-534","post","type-post","status-publish","format-standard","hentry","category-pronunciamientos-de-organizaciones-sociales"],"jetpack_featured_media_url":"","jetpack-related-posts":[{"id":963,"url":"https:\/\/moir.com.co\/web\/carta-al-presidente-de-fecode-convocandolo-a-que-la-federacion-se-ponga-al-frente-de-la-lucha-por-la-defensa-de-los-derechos-d-2\/","url_meta":{"origin":534,"position":0},"title":"CARTA AL PRESIDENTE DE FECODE CONVOC\u00c1NDOLO A QUE LA FEDERACI\u00d3N SE PONGA AL FRENTE DE LA LUCHA POR LA DEFENSA DE LOS DERECHOS D","author":"admin","date":"agosto 14, 2004","format":false,"excerpt":"FECODE-CUT, Bogot\u00e1, julio 3 de 2003 Bogot\u00e1, julio 3 de 2003 Compa\u00f1ero JORGE ELI\u00c9CER GUEVARA Presidente y dem\u00e1s integrantes Comit\u00e9 Ejecutivo de FECODE Ciudad Fraternal saludo. Avanza la reestructuraci\u00f3n uribista del Estado. Los hechos de los \u00faltimos d\u00edas son una prueba palmaria de ello: la liquidaci\u00f3n sin contemplaciones de Telecom\u2026","rel":"","context":"En \u00abTribuna Magisterial\u00bb","block_context":{"text":"Tribuna Magisterial","link":"https:\/\/moir.com.co\/web\/category\/tribuna-magisterial\/"},"img":{"alt_text":"","src":"","width":0,"height":0},"classes":[]},{"id":3115,"url":"https:\/\/moir.com.co\/web\/constancia-de-fecode-sobre-la-negociacion-con-el-ministerio-de-educacion\/","url_meta":{"origin":534,"position":1},"title":"CONSTANCIA DE FECODE SOBRE  LA NEGOCIACION CON EL MINISTERIO DE EDUCACION","author":"admin","date":"mayo 23, 2009","format":false,"excerpt":"Los suscritos miembros del Comit\u00e9 Ejecutivo de la Federaci\u00f3n Colombiana de Educadores, dejan la presente constancia en relaci\u00f3n con el proceso de negociaci\u00f3n desarrollado con el gobierno nacional representado por la ministra de Educaci\u00f3n y su equipo de funcionarios y asesores y que concluye hoy s\u00e1bado 23 de mayo: 1.\u2026","rel":"","context":"En \u00abPronunciamientos de Organizaciones Sociales\u00bb","block_context":{"text":"Pronunciamientos de Organizaciones Sociales","link":"https:\/\/moir.com.co\/web\/category\/pronunciamientos-de-organizaciones-sociales\/"},"img":{"alt_text":"","src":"","width":0,"height":0},"classes":[]},{"id":3192,"url":"https:\/\/moir.com.co\/web\/por-la-defensa-del-regimen-pensional-especial-paro-nacional-del-magisterio\/","url_meta":{"origin":534,"position":2},"title":"POR LA DEFENSA DEL R\u00c9GIMEN PENSIONAL ESPECIAL PARO NACIONAL DEL MAGISTERIO","author":"admin","date":"junio 9, 2009","format":false,"excerpt":"La Junta Nacional de FECODE decidi\u00f3 el pasado 28 de mayo que si el gobierno nacional persiste en su amenaza de eliminar, a partir del 31 de julio de 2010, el r\u00e9gimen pensional especial de los maestros colombianos, nos iremos a un PARO NACIONAL, cuya hora cero se definir\u00e1 entre\u2026","rel":"","context":"En \u00abTribuna Magisterial\u00bb","block_context":{"text":"Tribuna Magisterial","link":"https:\/\/moir.com.co\/web\/category\/tribuna-magisterial\/"},"img":{"alt_text":"","src":"","width":0,"height":0},"classes":[]},{"id":5779,"url":"https:\/\/moir.com.co\/web\/programa-radial-de-tribuna-magisterial-julio-17-de-2011\/","url_meta":{"origin":534,"position":3},"title":"Programa Radial de Tribuna Magisterial, julio 17 de 2011","author":"admin","date":"julio 18, 2011","format":false,"excerpt":"La emisi\u00f3n correspondiente al domingo 17 de julio se inici\u00f3 con la lectura de la Declaraci\u00f3n de la Junta Nacional de Fecode sobre la situaci\u00f3n en el movimiento sindical, a manera de editorial. Se dio un informe acerca de los temas tratados y las conclusiones adoptadas en la Junta Nacional\u2026","rel":"","context":"En \u00abTribuna Magisterial\u00bb","block_context":{"text":"Tribuna Magisterial","link":"https:\/\/moir.com.co\/web\/category\/tribuna-magisterial\/"},"img":{"alt_text":"","src":"","width":0,"height":0},"classes":[]},{"id":20315,"url":"https:\/\/moir.com.co\/web\/fecode-salio-al-combate\/","url_meta":{"origin":534,"position":4},"title":"FECODE SALI\u00d3 AL COMBATE","author":"admin","date":"octubre 21, 2004","format":false,"excerpt":"El 22 de agosto, mediante el cese de actividades de decenas de miles de maestros en todo el pa\u00eds, FECODE rompi\u00f3 la tregua que se manten\u00eda desde el a\u00f1o pasado. 47 organizaciones filiales tomaron la decisi\u00f3n en el 25\u00ba. Pleno Nacional que se llev\u00f3 a efecto en Bogot\u00e1, el 10\u2026","rel":"","context":"En \u00abTribuna Roja N\u00ba 28, Bogot\u00e1, agosto de 1977\u00bb","block_context":{"text":"Tribuna Roja N\u00ba 28, Bogot\u00e1, agosto de 1977","link":"https:\/\/moir.com.co\/web\/category\/tribuna-roja\/ediciones-1975-1979\/tribuna-roja-no-28-bogota-agosto-de-1977\/"},"img":{"alt_text":"","src":"","width":0,"height":0},"classes":[]},{"id":545,"url":"https:\/\/moir.com.co\/web\/boletin-de-prensa\/","url_meta":{"origin":534,"position":5},"title":"BOLET\u00cdN DE PRENSA","author":"admin","date":"agosto 10, 2004","format":false,"excerpt":"Comando Nacional Unitario, CUT-CGTD-CTC-CPC , julio 29 de 2003 El Comando Nacional Unitario, reunido el martes 29 de julio, con una nutrida y entusiasta asistencia de los delegados de las organizaciones sociales y sindicales que impulsan la realizaci\u00f3n del Paro C\u00edvico Nacional el pr\u00f3ximo 12 de agosto. Se rindieron informes\u2026","rel":"","context":"En \u00abPronunciamientos de Organizaciones Sociales\u00bb","block_context":{"text":"Pronunciamientos de Organizaciones Sociales","link":"https:\/\/moir.com.co\/web\/category\/pronunciamientos-de-organizaciones-sociales\/"},"img":{"alt_text":"","src":"","width":0,"height":0},"classes":[]}],"jetpack_sharing_enabled":true,"_links":{"self":[{"href":"https:\/\/moir.com.co\/web\/wp-json\/wp\/v2\/posts\/534","targetHints":{"allow":["GET"]}}],"collection":[{"href":"https:\/\/moir.com.co\/web\/wp-json\/wp\/v2\/posts"}],"about":[{"href":"https:\/\/moir.com.co\/web\/wp-json\/wp\/v2\/types\/post"}],"author":[{"embeddable":true,"href":"https:\/\/moir.com.co\/web\/wp-json\/wp\/v2\/users\/1"}],"replies":[{"embeddable":true,"href":"https:\/\/moir.com.co\/web\/wp-json\/wp\/v2\/comments?post=534"}],"version-history":[{"count":0,"href":"https:\/\/moir.com.co\/web\/wp-json\/wp\/v2\/posts\/534\/revisions"}],"wp:attachment":[{"href":"https:\/\/moir.com.co\/web\/wp-json\/wp\/v2\/media?parent=534"}],"wp:term":[{"taxonomy":"category","embeddable":true,"href":"https:\/\/moir.com.co\/web\/wp-json\/wp\/v2\/categories?post=534"},{"taxonomy":"post_tag","embeddable":true,"href":"https:\/\/moir.com.co\/web\/wp-json\/wp\/v2\/tags?post=534"}],"curies":[{"name":"wp","href":"https:\/\/api.w.org\/{rel}","templated":true}]}}