{"id":5336,"date":"2011-02-26T15:19:15","date_gmt":"2011-02-26T15:19:15","guid":{"rendered":"https:\/\/moir.org.co\/web\/se-agravan-los-conflictos-sociales-en-barranquilla\/"},"modified":"2011-02-26T15:19:15","modified_gmt":"2011-02-26T15:19:15","slug":"se-agravan-los-conflictos-sociales-en-barranquilla","status":"publish","type":"post","link":"https:\/\/moir.com.co\/web\/se-agravan-los-conflictos-sociales-en-barranquilla\/","title":{"rendered":"Se agravan los conflictos sociales en Barranquilla"},"content":{"rendered":"<p>El mi\u00e9rcoles 23 de febrero el alcalde distrital Alejandro Char dio a conocer una rendici\u00f3n de cuentas de su gesti\u00f3n durante el a\u00f1o 2010, en la cual hizo alarde de sus pretendidos logros en los \u00e1mbitos sociales, econ\u00f3micos, institucionales y ambientales que, seg\u00fan \u00e9l,  han llevado a que \u201clos barranquilleros se sientan felices\u201d porque hubo mejoras \u201cen salud, educaci\u00f3n, infraestructura vial y calidad de vida\u201d.<\/p>\n<p>Pero la dura realidad es otra, muy a su pesar. Para hacer un balance de lo que ha sido la administraci\u00f3n distrital no podemos soslayar las consecuencias de sus pol\u00edticas en aspectos vitales para la mayor\u00eda de la poblaci\u00f3n barranquillera, como las siguientes.<\/p>\n<p>&#8211; El alcalde Char pasar\u00e1 a la historia como el que ejecut\u00f3 la mayor masacre laboral en la historia de Barranquilla con alrededor de tres mil despedidos en las dependencias del distrito, cuyas familias pasaron a sufrir penurias sin cuento. Entroniz\u00f3 las cooperativas de trabajo asociado para birlar los derechos laborales de asociaci\u00f3n y prestaciones sociales..<\/p>\n<p>&#8211; La reforma del estatuto tributario elev\u00f3 el impuesto predial, golpeando en mayor medida a los estratos m\u00e1s pobres con aumentos superiores al 80 por ciento. Tambi\u00e9n impuso un nuevo impuesto de valorizaci\u00f3n que ha sido rechazado un\u00e1nimemente.<\/p>\n<p>&#8211; En contubernio con el gobierno nacional impulsa los mal llamados megacolegios que no son otra cosa que tomar los recursos de los colombianos para construir y dotar planteles educativos para entregarlos al lucro del sector privado, que recibir\u00e1, adem\u00e1s, cerca de dos millones de pesos por alumno al a\u00f1o, debilitando al erario p\u00fablico. Ya en Barranquilla hay m\u00e1s de veinte mil estudiantes en el sector privado pagados por el Estado. Los colegios que est\u00e1n siendo reconstruidos, con la pol\u00edtica educativa de Santos, podr\u00edan llegar a ser entregados a fundaciones privadas.<\/p>\n<p>&#8211; En el sector salud, lo primero fue eliminar la red p\u00fablica existente para construir otra con los nombres de \u201cCaminos\u201d y \u201cPasos\u201d, operada por una entidad cuestionada como Caprecom. La pretendida cobertura del cien por ciento no podr\u00e1 operar como es debido mientras exista el sistema del aseguramiento que es la base de las inmensas ganancias para el feliz operador, surgido de la ley 100 de 1993 que convirti\u00f3 la salud en un negocio, al que solo le interesa las ganancias por encima de prestar un servicio esencial.<\/p>\n<p>Por otro lado, lo que viene ocurriendo es el agravamiento de los conflictos sociales que tensionan la vida diaria de los barranquilleros. El alcalde Char en vez de buscar una concertaci\u00f3n con los moto taxistas, les aplica la pol\u00edtica del garrote; a los habitantes de Campo Alegre, cuyas viviendas construy\u00f3 una firma suya, los abandona a su suerte; en la Terminal de Transporte impulsa otra masacre laboral para llevarla a la privatizaci\u00f3n; a los docentes que pasaron el respectivo concurso les incumple el nombramiento; cierra la oficina de asuntos femeninos incumpliendo claro mandatos en pol\u00edtica de g\u00e9nero; reprime la protesta social, proh\u00edbe las movilizaciones y cohonesta con la agresi\u00f3n al movimiento estudiantil como en el colegio Jos\u00e9 Eusebio Caro, entre otros.<\/p>\n<p>Con justa raz\u00f3n una diversidad de organizaciones gremiales, c\u00edvicas y sociales prepara para el mes de abril una gran movilizaci\u00f3n de masas para demostrarle al pa\u00eds y al mundo el rechazo de amplios sectores ciudadanos al alcalde de Barranquilla y que su mandato en vez de estar al servicio de la mayor\u00eda de la poblaci\u00f3n termin\u00f3 siendo \u201cuna oportunidad de negocios para su c\u00edrculo de amigos\u201d.<\/p>\n<p><strong>Gran Coalici\u00f3n Democr\u00e1tica, Polo Democr\u00e1tico Alternativo, Centrales Obreras, CUT, UTRAL-CGT, CTC, ADEA, ADEBA, UNEB, Organizaciones Estudiantiles  Uniatl\u00e1ntico, Asociaciones de Pensionados, Comit\u00e9  de Comerciantes Estacionarios, Comit\u00e9 de Base de la Salud, Asocomunal.<\/strong><\/p>\n","protected":false},"excerpt":{"rendered":"<p>El mi\u00e9rcoles 23 de febrero el alcalde distrital Alejandro Char dio a conocer una rendici\u00f3n de cuentas de su gesti\u00f3n durante el a\u00f1o 2010, en la cual hizo alarde de sus pretendidos logros en los \u00e1mbitos sociales, econ\u00f3micos, institucionales y ambientales que, seg\u00fan \u00e9l, han llevado a que \u201clos barranquilleros se sientan felices\u201d porque hubo [&hellip;]<\/p>\n","protected":false},"author":1,"featured_media":0,"comment_status":"open","ping_status":"open","sticky":false,"template":"","format":"standard","meta":{"advanced_seo_description":"","jetpack_seo_html_title":"","jetpack_seo_noindex":false,"_jetpack_memberships_contains_paid_content":false,"footnotes":""},"categories":[7],"tags":[],"class_list":["post-5336","post","type-post","status-publish","format-standard","hentry","category-pronunciamientos-de-organizaciones-sociales"],"jetpack_featured_media_url":"","jetpack-related-posts":[{"id":6178,"url":"https:\/\/moir.com.co\/web\/corte-de-cuentas-a-alex-char-haran-organizaciones-sociales\/","url_meta":{"origin":5336,"position":0},"title":"Corte de cuentas a Alex Char har\u00e1n organizaciones sociales","author":"admin","date":"diciembre 12, 2011","format":false,"excerpt":"Organizaciones sociales como: Frente Amplio C\u00edvico por el Rescate de Barranquilla, Gran Coalici\u00f3n Democr\u00e1tica del Atl\u00e1ntico, C\u00edvicos en Acci\u00f3n, Comit\u00e9s de taxistas y mototaxistas, Frente Social Popular, Damnificados de la ladera occidental de Barranquilla, Cuchilla de Villate, Sim\u00f3n Bol\u00edvar, Siete de Abril, Representantes estudiantiles, Centrales Obreras, asociaciones de pensionados, Sincontaxbar,\u2026","rel":"","context":"En \u00abPronunciamientos de Organizaciones Sociales\u00bb","block_context":{"text":"Pronunciamientos de Organizaciones Sociales","link":"https:\/\/moir.com.co\/web\/category\/pronunciamientos-de-organizaciones-sociales\/"},"img":{"alt_text":"","src":"","width":0,"height":0},"classes":[]},{"id":6199,"url":"https:\/\/moir.com.co\/web\/corte-de-cuentas-rajo-a-alex-char-en-barranquilla\/","url_meta":{"origin":5336,"position":1},"title":"Corte de cuentas raj\u00f3 a Alex Char en Barranquilla","author":"admin","date":"diciembre 21, 2011","format":false,"excerpt":"M\u00e1s de tres mil personas se concentraron el martes 20 de diciembre en el Paseo Bol\u00edvar frente a la alcald\u00eda distrital para hacerle un corte de cuentas a los cuatro a\u00f1os de la administraci\u00f3n presidida por Alex Char. Para una fecha navide\u00f1a, los medios de comunicaci\u00f3n, destacaron la numerosa participaci\u00f3n\u2026","rel":"","context":"En \u00abTemas\u00bb","block_context":{"text":"Temas","link":"https:\/\/moir.com.co\/web\/category\/temas\/"},"img":{"alt_text":"","src":"","width":0,"height":0},"classes":[]},{"id":5868,"url":"https:\/\/moir.com.co\/web\/la-pobreza-no-cede-en-barranquilla-premio-de-naciones-unidas-a-char-sin-sustento-real\/","url_meta":{"origin":5336,"position":2},"title":"La pobreza no cede en Barranquilla: Premio de Naciones Unidas a Char sin sustento real","author":"admin","date":"agosto 25, 2011","format":false,"excerpt":"El pasado dos de agosto el peri\u00f3dico El Heraldo dio a conocer el estudio del Centro de Estudios Regionales del Banco de la Rep\u00fablica, seg\u00fan el cual \u201cCon 40,7% de su poblaci\u00f3n por debajo de la l\u00ednea de pobreza, Barranquilla es la tercera \u00e1rea metropolitana con mayor porcentaje de pobres\u2026","rel":"","context":"En \u00abTemas\u00bb","block_context":{"text":"Temas","link":"https:\/\/moir.com.co\/web\/category\/temas\/"},"img":{"alt_text":"","src":"","width":0,"height":0},"classes":[]},{"id":6174,"url":"https:\/\/moir.com.co\/web\/petro-copia-modelo-de-salud-de-barranquilla-en-crisis\/","url_meta":{"origin":5336,"position":3},"title":"Petro copia modelo de salud de Barranquilla en crisis","author":"admin","date":"diciembre 11, 2011","format":false,"excerpt":"El martes 20 de diciembre un grueso n\u00famero de organizaciones sociales y pol\u00edticas de Barranquilla se concentrar\u00e1 en el Paseo Bol\u00edvar para hacerle un in\u00e9dito corte de cuentas al alcalde distrital Alejandro Char en m\u00faltiples aspectos. Uno de ellos es el relacionado con la salud de m\u00e1s de un mill\u00f3n\u2026","rel":"","context":"En \u00abTemas\u00bb","block_context":{"text":"Temas","link":"https:\/\/moir.com.co\/web\/category\/temas\/"},"img":{"alt_text":"","src":"","width":0,"height":0},"classes":[]},{"id":5524,"url":"https:\/\/moir.com.co\/web\/alcalde-de-barranquilla-defiende-salud-como-negocio-rentable\/","url_meta":{"origin":5336,"position":4},"title":"Alcalde de Barranquilla defiende salud como negocio rentable","author":"admin","date":"abril 16, 2011","format":false,"excerpt":"Presionado por una marcha de miles de barranquilleros realizada el pasado seis de abril que fue organizada por el Frente Amplio C\u00edvico por el Rescate de Barranquilla que reclama soluciones a m\u00e1s de ochenta conflictos sociales que caldean el ambiente en la capital del Atl\u00e1ntico, el alcalde Alejandro Char se\u2026","rel":"","context":"En \u00abTemas\u00bb","block_context":{"text":"Temas","link":"https:\/\/moir.com.co\/web\/category\/temas\/"},"img":{"alt_text":"","src":"","width":0,"height":0},"classes":[]},{"id":5442,"url":"https:\/\/moir.com.co\/web\/movilizacion-de-sectores-en-conflicto-el-miercoles-6-de-abril-en-barranquilla\/","url_meta":{"origin":5336,"position":5},"title":"Movilizaci\u00f3n de sectores en conflicto el mi\u00e9rcoles 6 de abril en Barranquilla","author":"admin","date":"marzo 24, 2011","format":false,"excerpt":"El Frente Amplio C\u00edvico por el Rescate de Barranquilla ha convocado una gran movilizaci\u00f3n para el mi\u00e9rcoles 6 de abril a partir de las dos de la tarde desde la Plaza de la Paz hasta el Paseo Bol\u00edvar con el fin de respaldar a los distintos sectores sociales que se\u2026","rel":"","context":"En \u00abPronunciamientos de Organizaciones Sociales\u00bb","block_context":{"text":"Pronunciamientos de Organizaciones Sociales","link":"https:\/\/moir.com.co\/web\/category\/pronunciamientos-de-organizaciones-sociales\/"},"img":{"alt_text":"","src":"","width":0,"height":0},"classes":[]}],"jetpack_sharing_enabled":true,"_links":{"self":[{"href":"https:\/\/moir.com.co\/web\/wp-json\/wp\/v2\/posts\/5336","targetHints":{"allow":["GET"]}}],"collection":[{"href":"https:\/\/moir.com.co\/web\/wp-json\/wp\/v2\/posts"}],"about":[{"href":"https:\/\/moir.com.co\/web\/wp-json\/wp\/v2\/types\/post"}],"author":[{"embeddable":true,"href":"https:\/\/moir.com.co\/web\/wp-json\/wp\/v2\/users\/1"}],"replies":[{"embeddable":true,"href":"https:\/\/moir.com.co\/web\/wp-json\/wp\/v2\/comments?post=5336"}],"version-history":[{"count":0,"href":"https:\/\/moir.com.co\/web\/wp-json\/wp\/v2\/posts\/5336\/revisions"}],"wp:attachment":[{"href":"https:\/\/moir.com.co\/web\/wp-json\/wp\/v2\/media?parent=5336"}],"wp:term":[{"taxonomy":"category","embeddable":true,"href":"https:\/\/moir.com.co\/web\/wp-json\/wp\/v2\/categories?post=5336"},{"taxonomy":"post_tag","embeddable":true,"href":"https:\/\/moir.com.co\/web\/wp-json\/wp\/v2\/tags?post=5336"}],"curies":[{"name":"wp","href":"https:\/\/api.w.org\/{rel}","templated":true}]}}