{"id":533,"date":"2004-08-10T07:00:00","date_gmt":"2004-08-10T07:00:00","guid":{"rendered":"https:\/\/moir.org.co\/web\/la-supresion-del-iva-a-la-panela-otro-triunfo-de-los-paneleros\/"},"modified":"2004-08-10T07:00:00","modified_gmt":"2004-08-10T07:00:00","slug":"la-supresion-del-iva-a-la-panela-otro-triunfo-de-los-paneleros","status":"publish","type":"post","link":"https:\/\/moir.com.co\/web\/la-supresion-del-iva-a-la-panela-otro-triunfo-de-los-paneleros\/","title":{"rendered":"LA SUPRESI\u00d3N DEL IVA A LA PANELA: OTRO TRIUNFO DE LOS PANELEROS"},"content":{"rendered":"<p>Unidad Panelera Nacional, julio 3 de 2003<\/p>\n<p>Cuando los paneleros a\u00fan celebraban el resonante triunfo sobre el ingenio industrial panelero de Padilla por la negaci\u00f3n a la licencia que permit\u00eda su funcionamiento, fueron sorprendidos con la aprobaci\u00f3n del IVA de 7% a la panela en la reforma tributaria (Ley 788 de 2002), a partir del primero de enero de 2003 y por iniciativa del gobierno nacional.<\/p>\n<p>La decisi\u00f3n golpeaba a los productores de doble manera: aument\u00e1ndoles los costos de producci\u00f3n, elevando los precios del mercado y ocasionando la ca\u00edda de las ventas, pues los consumidores son los m\u00e1s pobres de los pobres y la panela es para ellos la base de la alimentaci\u00f3n; y, en segundo lugar, facilitando la competencia de los derretideros de az\u00facar, que a su vez propiciaban el contrabando desde el Ecuador, como lo acaba de reconocer el gobierno, al tener que ordenar a la DIAN un mayor control sobre las actividades il\u00edcitas en la frontera.<\/p>\n<p>El nuevo triunfo de los paneleros consiste en que la medida ha sido derogada por una nueva Ley aprobada en el Congreso, a ra\u00edz de un proyecto presentado por el senador Jorge Enrique Robledo, quien con el respaldo de la mayor\u00eda parlamentaria, libr\u00f3 la batalla contra las pretensiones del actual ministro de Hacienda, Alberto Carrasquilla, que exig\u00eda introducir en el texto la exigencia del paz y salvo a los paneleros por el pago de la cuota de fomento, previo a la declaraci\u00f3n de renta y complementarios. Se quer\u00eda modificar la Ley 40 para hacer duramente coercitivo el recaudo de dicha cuota y, de paso, otorgar facultades a los administradores del Fondo Nacional de la Panela para el cobro coactivo contemplado en el Estatuto Tributario para los impuestos de car\u00e1cter nacional.<\/p>\n<p>Unidad Panelera expresa su gratitud y reconocimiento al senador Robledo y a los dem\u00e1s congresistas que hicieron posible la derrota de tan inicuo impuesto a la producci\u00f3n panelera nacional.<\/p>\n<p>Unidad Panelera est\u00e1 en desacuerdo con estos impuestos parafiscales y a\u00fan m\u00e1s con la modalidad policiva de cobro, pues constituyen una excusa para que el gobierno \u201cescurra el bulto\u201d en su responsabilidad de apoyar con recursos generosos la actividad productiva del sector. Es la experiencia de arroceros y cafeteros, para citar apenas dos ejemplos. Si a gremios tan organizados y poderosos los ha dejado el gobierno a la deriva, \u00bfqu\u00e9 puede esperarse para el a\u00fan disperso gremio panelero, que es de econom\u00eda campesina y en su gran mayor\u00eda de empobrecidos productores? Cuando el gobierno pretend\u00eda en el proyecto de ley sentar las bases para hacer efectiva a rajatabla la cuota panelera, lo que buscaba era ponerles un impuesto a los productores mientras les quitaba otro, que era el IVA. Y de \u00f1apa, negarles el apoyo estatal para la soluci\u00f3n de sus carencias, con el descarado pretexto de que ya existe un flamante Fondo Nacional de la Panela. Todo esto se hace a nombre de un ama\u00f1ado y falso principio de solidaridad, invocado por los tecn\u00f3cratas neoliberales del Ministerio de Hacienda. El diablo haciendo hostias.<\/p>\n<p>Por fortuna, la pretensi\u00f3n del gobierno fue derrotada. Se derog\u00f3 el IVA a la panela y no qued\u00f3 en el texto final lo de la obligaci\u00f3n de estar a paz y salvo con la cuota de fomento.<\/p>\n<p>Ca\u00edda de los precios y control de los \u201cderretideros\u201d<\/p>\n<p>La imposici\u00f3n del IVA a la panela, a todas luces injusta, se adopt\u00f3 precisamente cuando empezaban a bajar brutalmente los precios al productor (de $90.000\/carga en noviembre de 2002 hasta $ 40.000\/carga en la actualidad). As\u00ed ha ocurrido en los mercados de la Hoya de R\u00edo Su\u00e1rez, fruto del aumento de la producci\u00f3n ilegal de los \u201cderretideros\u201d de az\u00facar, del contrabando de panela ecuatoriana y del crecimiento an\u00e1rquico de la oferta del producto. Y todo esto, cuando a consecuencia de las negociaciones del ALCA, Colombia est\u00e1 a las puertas de una baja de los aranceles de importaci\u00f3n de az\u00facar. La aprobaci\u00f3n del ALCA (\u00c1rea de Libre Comercio de las Am\u00e9ricas) podr\u00eda conducir a que los grandes capitales invertidos en la industria azucarera se trasladen a la elaboraci\u00f3n de panela, poniendo al sector, y en especial a los cientos de miles de campesinos, en ruinosa desventaja frente a tan colosales competidores.<\/p>\n<p>Es usual que cada vez que los paneleros protestan por los bajos precios del producto, el gobierno haga anuncios \u2014con gran despliegue de titulares de prensa\u2014 advirtiendo que ha conformado un equipo interinstitucional para combatir los \u201cderretideros\u201d que producen panela falsa e ilegal y que compiten deslealmente con los 27 mil trapicheros artesanales del pa\u00eds, deprimiendo los precios y haciendo m\u00e1s dif\u00edciles su trabajo y su subsistencia. Los \u201cderretideros\u201d se han mantenido por a\u00f1os con la complicidad y negligencia de las autoridades.<\/p>\n<p>Ahora vuelve y juega. El gobierno anunci\u00f3 recientemente la creaci\u00f3n de un denominado \u201cComit\u00e9 Nacional de Vigilancia de la Calidad de la Panela\u201d, con la participaci\u00f3n de tres ministerios, la DIAN, la Fiscal\u00eda, el Invima, la Polic\u00eda y otros cuantos entes m\u00e1s, para perseguir la pr\u00e1ctica ilegal de los \u201cderretideros\u201d. Unidad Panelera exige que en esta ocasi\u00f3n no sea s\u00f3lo el consabido acto propagand\u00edstico y se proceda seg\u00fan las normas legales vigentes. Y que no sea arma de persecuci\u00f3n a los paneleros legales y artesanales, como ha acontecido en el pasado. As\u00ed mismo, exigimos a la DIAN el freno efectivo e inmediato al contrabando de panela.<\/p>\n<p>\u00a1No al ALCA!<\/p>\n<p>Unidad Panelera convoca a todos sus Comit\u00e9s en el pa\u00eds a organizar desde ahora las tareas tendientes a financiar la Gran Movilizaci\u00f3n a la Plaza de Bol\u00edvar de Bogot\u00e1, el pr\u00f3ximo 12 de agosto, promovida por la Asociaci\u00f3n Nacional por la Salvaci\u00f3n Agropecuaria, contra la imposici\u00f3n del ALCA.<\/p>\n<p>Ya todos sabemos las graves consecuencias que para la naci\u00f3n, la agricultura y la seguridad alimentaria de las generaciones futuras acarrear\u00e1 tan nefasto proyecto, que implica, entre otros muchos males, que no habr\u00e1 arancel de protecci\u00f3n para la panela. Despu\u00e9s de tumbar el IVA a la panela, derrotar el ALCA debe ser nuestra tarea principal. De su \u00e9xito depende el futuro de nuestra actividad productiva y de toda la producci\u00f3n agr\u00edcola nacional.<\/p>\n<p>Unidad Panelera Nacional<br \/>\nPedro Nel Camargo<br \/>\nCoordinador Nacional <\/p>\n","protected":false},"excerpt":{"rendered":"<p>Unidad Panelera Nacional, julio 3 de 2003 Cuando los paneleros a\u00fan celebraban el resonante triunfo sobre el ingenio industrial panelero de Padilla por la negaci\u00f3n a la licencia que permit\u00eda su funcionamiento, fueron sorprendidos con la aprobaci\u00f3n del IVA de 7% a la panela en la reforma tributaria (Ley 788 de 2002), a partir del [&hellip;]<\/p>\n","protected":false},"author":1,"featured_media":0,"comment_status":"open","ping_status":"open","sticky":false,"template":"","format":"standard","meta":{"advanced_seo_description":"","jetpack_seo_html_title":"","jetpack_seo_noindex":false,"_jetpack_memberships_contains_paid_content":false,"footnotes":""},"categories":[7],"tags":[],"class_list":["post-533","post","type-post","status-publish","format-standard","hentry","category-pronunciamientos-de-organizaciones-sociales"],"jetpack_featured_media_url":"","jetpack-related-posts":[{"id":453,"url":"https:\/\/moir.com.co\/web\/la-resistencia-civil-dio-el-triunfo-a-los-paneleros-frente-a-las-pretensiones-de-los-monopolios\/","url_meta":{"origin":533,"position":0},"title":"\u00a1LA RESISTENCIA CIVIL DIO EL TRIUNFO A LOS PANELEROS FRENTE A LAS PRETENSIONES DE LOS MONOPOLIOS!","author":"admin","date":"agosto 9, 2004","format":false,"excerpt":"Asociaci\u00f3n Nacional por la Salvaci\u00f3n Agropecuaria, Noviembre 9 de 2002 El Ministerio del Medio Ambiente, mediante resoluci\u00f3n n\u00famero 0960 del 18 de octubre de 2002, revoc\u00f3 la resoluci\u00f3n de la Corporaci\u00f3n Regional del Cauca del 3 de mayo de este a\u00f1o que otorgaba la licencia ambiental al ingenio panelero de\u2026","rel":"","context":"En \u00abPronunciamientos de Organizaciones Sociales\u00bb","block_context":{"text":"Pronunciamientos de Organizaciones Sociales","link":"https:\/\/moir.com.co\/web\/category\/pronunciamientos-de-organizaciones-sociales\/"},"img":{"alt_text":"","src":"","width":0,"height":0},"classes":[]},{"id":19795,"url":"https:\/\/moir.com.co\/web\/de-salvacion-agropecuaria-la-resistencia-civil-dio-el-triunfo-a-los-paneleros-frente-a-las-pretensiones-de-los-monopolios\/","url_meta":{"origin":533,"position":1},"title":"De Salvaci\u00f3n Agropecuaria: LA RESISTENCIA CIVIL DIO EL TRIUNFO A LOS PANELEROS FRENTE A LAS PRETENSIONES DE LOS MONOPOLIOS","author":"admin","date":"agosto 10, 2004","format":false,"excerpt":"El Ministerio del Medio Ambiente, mediante resoluci\u00f3n n\u00famero 0960 del 18 de octubre de 2002, revoc\u00f3 la resoluci\u00f3n de la Corporaci\u00f3n Regional del Cauca del 3 de mayo de este a\u00f1o que otorgaba la licencia ambiental al ingenio panelero de Padilla, Cauca. Dicha revocatoria se bas\u00f3 en \u00ablos impactos que\u2026","rel":"","context":"En \u00abJos\u00e9 Fernando Ocampo\u00bb","block_context":{"text":"Jos\u00e9 Fernando Ocampo","link":"https:\/\/moir.com.co\/web\/category\/bitacoras\/jose-fernando-ocampo\/"},"img":{"alt_text":"","src":"","width":0,"height":0},"classes":[]},{"id":19923,"url":"https:\/\/moir.com.co\/web\/el-primer-congreso-nacional-panelero-creada-unidad-panelera-nacional\/","url_meta":{"origin":533,"position":2},"title":"El primer Congreso Nacional Panelero: CREADA UNIDAD PANELERA NACIONAL","author":"admin","date":"agosto 10, 2004","format":false,"excerpt":"Pedro Nel Camargo Acevedo El Congreso Panelero Nacional celebrado en Moniquir\u00e1, Boyac\u00e1, el pasado 25 de marzo constituy\u00f3 la primera gran victoria de los productores de este importante sector del agro Colombiano. A la espl\u00e9ndida reuni\u00f3n concurrieron mil delegados de 74 municipios pertenecientes a diez departamentos y un sinn\u00famero de\u2026","rel":"","context":"En \u00abTribuna Roja N\u00ba 80, abril 27 de 2000\u00bb","block_context":{"text":"Tribuna Roja N\u00ba 80, abril 27 de 2000","link":"https:\/\/moir.com.co\/web\/category\/tribuna-roja\/ediciones-2000-2004\/tribuna-roja-no-80-abril-27-de-2000\/"},"img":{"alt_text":"","src":"","width":0,"height":0},"classes":[]},{"id":660,"url":"https:\/\/moir.com.co\/web\/la-grave-crisis-de-la-produccion-panelera\/","url_meta":{"origin":533,"position":3},"title":"LA GRAVE CRISIS DE LA PRODUCCI\u00d3N PANELERA","author":"admin","date":"agosto 11, 2004","format":false,"excerpt":"El ministro de Agricultura recibi\u00f3 a la direcci\u00f3n nacional de Unidad Panelera el pasado martes 25 de mayo para tratar la crisis de la producci\u00f3n panelera. Asisti\u00f3 el senador Jorge Enrique Robledo; el coordinador nacional de Unidad Panelera, Pedro Camargo; el coordinador de Unidad Panelera de Cundinamarca, Jos\u00e9 Fernando Ocampo;\u2026","rel":"","context":"En \u00abPronunciamientos de Organizaciones Sociales\u00bb","block_context":{"text":"Pronunciamientos de Organizaciones Sociales","link":"https:\/\/moir.com.co\/web\/category\/pronunciamientos-de-organizaciones-sociales\/"},"img":{"alt_text":"","src":"","width":0,"height":0},"classes":[]},{"id":665,"url":"https:\/\/moir.com.co\/web\/llamamiento-de-unidad-panelera-a-los-paneleros-de-colombia-en-la-peor-crisis-de-su-historia-reciente\/","url_meta":{"origin":533,"position":4},"title":"LLAMAMIENTO DE UNIDAD PANELERA A LOS PANELEROS DE COLOMBIA EN LA PEOR CRISIS DE SU HISTORIA RECIENTE","author":"admin","date":"agosto 11, 2004","format":false,"excerpt":"Unidad Panelera Nacional, Moniquir\u00e1, junio 23 de 2004 Los precios de compra de la panela al productor han ca\u00eddo hasta el 50% con relaci\u00f3n a los de comienzos de 2003, causando una grav\u00edsima crisis que amenaza con eliminar 70 mil peque\u00f1as y medianas unidades agr\u00edcolas, 27 mil trapiches artesanales y\u2026","rel":"","context":"En \u00abPronunciamientos de Organizaciones Sociales\u00bb","block_context":{"text":"Pronunciamientos de Organizaciones Sociales","link":"https:\/\/moir.com.co\/web\/category\/pronunciamientos-de-organizaciones-sociales\/"},"img":{"alt_text":"","src":"","width":0,"height":0},"classes":[]},{"id":423,"url":"https:\/\/moir.com.co\/web\/los-paneleros-defenderemos-nuestro-producto\/","url_meta":{"origin":533,"position":5},"title":"LOS PANELEROS DEFENDEREMOS NUESTRO PRODUCTO","author":"admin","date":"agosto 8, 2004","format":false,"excerpt":"Sup\u00eda Junio 3 de 2002. M\u00e1s de 400 delegados de los municipios de Aguadas, P\u00e1cora, Salamina, La Merced, Filadelfia, Neira, Belalcazar, Riosucio, Sup\u00eda, Caramanta, Quinch\u00eda y de los corregimientos de Bonafont y San Lorenzo asistentes a la primera Audiencia P\u00fablica en defensa de los Paneleros Colombianos, realizada hoy 3 de\u2026","rel":"","context":"En \u00abPronunciamientos de Organizaciones Sociales\u00bb","block_context":{"text":"Pronunciamientos de Organizaciones Sociales","link":"https:\/\/moir.com.co\/web\/category\/pronunciamientos-de-organizaciones-sociales\/"},"img":{"alt_text":"","src":"","width":0,"height":0},"classes":[]}],"jetpack_sharing_enabled":true,"_links":{"self":[{"href":"https:\/\/moir.com.co\/web\/wp-json\/wp\/v2\/posts\/533","targetHints":{"allow":["GET"]}}],"collection":[{"href":"https:\/\/moir.com.co\/web\/wp-json\/wp\/v2\/posts"}],"about":[{"href":"https:\/\/moir.com.co\/web\/wp-json\/wp\/v2\/types\/post"}],"author":[{"embeddable":true,"href":"https:\/\/moir.com.co\/web\/wp-json\/wp\/v2\/users\/1"}],"replies":[{"embeddable":true,"href":"https:\/\/moir.com.co\/web\/wp-json\/wp\/v2\/comments?post=533"}],"version-history":[{"count":0,"href":"https:\/\/moir.com.co\/web\/wp-json\/wp\/v2\/posts\/533\/revisions"}],"wp:attachment":[{"href":"https:\/\/moir.com.co\/web\/wp-json\/wp\/v2\/media?parent=533"}],"wp:term":[{"taxonomy":"category","embeddable":true,"href":"https:\/\/moir.com.co\/web\/wp-json\/wp\/v2\/categories?post=533"},{"taxonomy":"post_tag","embeddable":true,"href":"https:\/\/moir.com.co\/web\/wp-json\/wp\/v2\/tags?post=533"}],"curies":[{"name":"wp","href":"https:\/\/api.w.org\/{rel}","templated":true}]}}