{"id":5324,"date":"2011-02-23T11:09:42","date_gmt":"2011-02-23T11:09:42","guid":{"rendered":"https:\/\/moir.org.co\/web\/artistas-respaldan-jornada-en-defensa-del-paramo-de-santurban\/"},"modified":"2011-02-23T11:09:42","modified_gmt":"2011-02-23T11:09:42","slug":"artistas-respaldan-jornada-en-defensa-del-paramo-de-santurban","status":"publish","type":"post","link":"https:\/\/moir.com.co\/web\/artistas-respaldan-jornada-en-defensa-del-paramo-de-santurban\/","title":{"rendered":"Artistas respaldan jornada en defensa del P\u00e1ramo de Santurb\u00e1n"},"content":{"rendered":"<p>Los actores colombianos Diego V\u00e1squez, N\u00f3rida Rodr\u00edguez y Toto Vega, manifestaron a trav\u00e9s de videos que se est\u00e1n difundiendo internet, su respaldo a la jornada que se realizar\u00e1 el viernes 25 de febrero en defensa del p\u00e1ramo de Santurb\u00e1n, donde se estudia la posiibilidad de otorgar licencia ambiental para la explotaci\u00f3n de oro y plata<\/p>\n<p>La compa\u00f1\u00eda canadiense Greystar estima que de Santurb\u00e1n se pueden extraer 9 millones de onzas de oro y 59 millones de onzas plata, para lo cual tendr\u00edan que contaminar con cianuro el agua que abastece a m\u00e1s de dos millones de colombianos. Para completar, en las monta\u00f1as donde est\u00e1 el mineral, hay ars\u00e9nico, que ser\u00e1 liberado con el proyecto afectando las aguas subterr\u00e1neas y superficiales. El gobierno nacional est\u00e1 estudiando el otorgamiento de licencia ambiental para explotaci\u00f3n, a pesar de que la ley proh\u00edbe realizar miner\u00eda en p\u00e1ramos.<\/p>\n<p>En Santander se ha conformado un Comit\u00e9 de Defensa del P\u00e1ramo para exigir la protecci\u00f3n del recurso h\u00eddrico que abastece a Bucaramanga, C\u00facuta y otros 21 municipios de Colombia. En la misma posici\u00f3n se encuentra Fenalco, la C\u00e1mara de Comercio, la Sociedad Santandereana de Ingenieros, la Sociedad de Mejoras P\u00fablicas, la Central Unitaria de Trabajadores, universitarios y diversos sectores sociales y pol\u00edticos de Santander. Todos ellos, en un proceso de articulaci\u00f3n sin precedentes, est\u00e1n convocando a una marcha para el viernes 25 de febrero a las 2:30 p.m. saliendo desde La Puerta del Sol.<\/p>\n<p>En Bogot\u00e1, decenas de organizaciones sociales, ambientales, sindicales, estudiantiles y artistas, tambi\u00e9n convocaron una jornada de apoyo a la iniciativa santandereana y se concentrar\u00e1n frente al Ministerio de Medio Ambiente ese mismo d\u00eda a partir de las 11:00 a.m., para realizar actividades art\u00edsticas y musicales en defensa del agua.<\/p>\n<p>En Cartagena, estudiantes se concentrar\u00e1n frente a la Universidad de Cartagena a las 3:30 p.m. para sentar su voz de protesta contra el proyecto minero en el p\u00e1ramo de Santurb\u00e1n.<\/p>\n<p>Estos son los videos realizados por los actores para invitar a participar en las actividades de este viernes:<\/p>\n<p>http:\/\/www.youtube.com\/user\/reclame&#8230;<\/p>\n<p>http:\/\/www.youtube.com\/user\/reclame&#8230;<\/p>\n<p>http:\/\/www.youtube.com\/user\/reclame&#8230;<\/p>\n<p>M\u00e1s informaci\u00f3n:<\/p>\n<p>www.reclamecolombia.org<\/p>\n<p>red@reclamecolombia.org<\/p>\n","protected":false},"excerpt":{"rendered":"<p>Los actores colombianos Diego V\u00e1squez, N\u00f3rida Rodr\u00edguez y Toto Vega, manifestaron a trav\u00e9s de videos que se est\u00e1n difundiendo internet, su respaldo a la jornada que se realizar\u00e1 el viernes 25 de febrero en defensa del p\u00e1ramo de Santurb\u00e1n, donde se estudia la posiibilidad de otorgar licencia ambiental para la explotaci\u00f3n de oro y plata [&hellip;]<\/p>\n","protected":false},"author":1,"featured_media":0,"comment_status":"open","ping_status":"open","sticky":false,"template":"","format":"standard","meta":{"advanced_seo_description":"","jetpack_seo_html_title":"","jetpack_seo_noindex":false,"_jetpack_memberships_contains_paid_content":false,"footnotes":""},"categories":[7],"tags":[],"class_list":["post-5324","post","type-post","status-publish","format-standard","hentry","category-pronunciamientos-de-organizaciones-sociales"],"jetpack_featured_media_url":"","jetpack-related-posts":[{"id":13862,"url":"https:\/\/moir.com.co\/web\/la-maldicion-del-oro-para-el-paramo-de-santurban\/","url_meta":{"origin":5324,"position":0},"title":"La maldici\u00f3n del oro para el P\u00e1ramo de Santurb\u00e1n","author":"admin","date":"noviembre 18, 2017","format":false,"excerpt":"Patricia Cifuentes, Bogot\u00e1, noviembre 18 de 2017 El P\u00e1ramo de Santurb\u00e1n es un ecosistema que surte de agua a m\u00e1s de 2,5 millones de\u00a0personas\u00a0en el departamento de Santander. Desde el 2010 se ha visto gravemente amenazado por el inter\u00e9s de multinacionales mineras de hacer explotaci\u00f3n de oro en el territorio.\u2026","rel":"","context":"En \u00abAgro\u00bb","block_context":{"text":"Agro","link":"https:\/\/moir.com.co\/web\/category\/temas\/agro\/"},"img":{"alt_text":"","src":"https:\/\/i0.wp.com\/moir.com.co\/web\/wp-content\/uploads\/2017\/11\/santrurbanParamos.jpg?fit=549%2C366&ssl=1&resize=350%2C200","width":350,"height":200,"srcset":"https:\/\/i0.wp.com\/moir.com.co\/web\/wp-content\/uploads\/2017\/11\/santrurbanParamos.jpg?fit=549%2C366&ssl=1&resize=350%2C200 1x, https:\/\/i0.wp.com\/moir.com.co\/web\/wp-content\/uploads\/2017\/11\/santrurbanParamos.jpg?fit=549%2C366&ssl=1&resize=525%2C300 1.5x"},"classes":[]},{"id":5325,"url":"https:\/\/moir.com.co\/web\/senador-robledo-respalda-jornada-en-defensa-del-paramo-de-santurban\/","url_meta":{"origin":5324,"position":1},"title":"Senador Robledo respalda jornada en defensa del P\u00e1ramo de Santurb\u00e1n","author":"admin","date":"febrero 23, 2011","format":false,"excerpt":"El senador Jorge Enrique Robledo manifest\u00f3 su respaldo a las jornadas en defensa del p\u00e1ramo de Santurb\u00e1n, que se realizar\u00e1n este viernes 25 de febrero. En Bucaramanga, la convocatoria es hecha por la Sociedad Santandereana de Ingenieros, Fenalco, el Comit\u00e9 de Defensa del P\u00e1ramo, la C\u00e1mara de Comercio, la Sociedad\u2026","rel":"","context":"En \u00abJorge Enrique Robledo\u00bb","block_context":{"text":"Jorge Enrique Robledo","link":"https:\/\/moir.com.co\/web\/category\/jorge-enrique-robledo\/"},"img":{"alt_text":"","src":"","width":0,"height":0},"classes":[]},{"id":7369,"url":"https:\/\/moir.com.co\/web\/manana-todos-a-la-marcha-de-las-100-mil-voces-por-el-agua-y-el-paramo-de-santurban\/","url_meta":{"origin":5324,"position":2},"title":"Ma\u00f1ana todos a la Marcha de las 100 Mil Voces por el Agua y el P\u00e1ramo de Santurb\u00e1n","author":"admin","date":"marzo 14, 2013","format":false,"excerpt":"Despu\u00e9s de la declaratoria del Parque Natural Regional de Santurb\u00e1n, que no resolvi\u00f3 el asunto fundamental de s\u00ed el gobierno de Santos va a respetar el mandato legal que lo obliga a no conceder licencias de explotaci\u00f3n minera en el Ecosistema de p\u00e1ramo, tanto a cielo abierto como en la\u2026","rel":"","context":"En \u00abPolo Democr\u00e1tico Alternativo\u00bb","block_context":{"text":"Polo Democr\u00e1tico Alternativo","link":"https:\/\/moir.com.co\/web\/category\/polo-democratico-alternativo\/"},"img":{"alt_text":"","src":"","width":0,"height":0},"classes":[]},{"id":5196,"url":"https:\/\/moir.com.co\/web\/el-proyecto-minero-en-santurban-sus-impactos-economicos-y-ambientales-y-la-lucha-para-detenerlo\/","url_meta":{"origin":5324,"position":3},"title":"El proyecto minero en Santurb\u00e1n: sus impactos econ\u00f3micos y ambientales, y la lucha para detenerlo","author":"admin","date":"enero 19, 2011","format":false,"excerpt":"A prop\u00f3sito del creciente inter\u00e9s que a nivel nacional viene despertando el proyecto minero de Angostura, en el p\u00e1ramo de Santurb\u00e1n, vale la pena explicar algunos detalles que sirven como argumentaci\u00f3n para frenarlo. No se est\u00e1 ante cualquier proyecto minero. El p\u00e1ramo de Santurb\u00e1n es un ecosistema diverso que produce\u2026","rel":"","context":"En \u00abPronunciamientos de Organizaciones Sociales\u00bb","block_context":{"text":"Pronunciamientos de Organizaciones Sociales","link":"https:\/\/moir.com.co\/web\/category\/pronunciamientos-de-organizaciones-sociales\/"},"img":{"alt_text":"","src":"","width":0,"height":0},"classes":[]},{"id":5871,"url":"https:\/\/moir.com.co\/web\/los-mismos-ganadores-los-mismos-perdedores\/","url_meta":{"origin":5324,"position":4},"title":"Los mismos ganadores, los mismos perdedores","author":"admin","date":"agosto 26, 2011","format":false,"excerpt":"Consecuente con la ambici\u00f3n y capacidad para distorsionar la realidad que desde un principio mostrara al intentar crear una mina de oro a cielo abierto en el p\u00e1ramo de Santurb\u00e1n, argumentando desarrollo para la regi\u00f3n y respeto por el medio ambiente, Greystar ha decidido maquillar su rostro y sus intenciones\u2026","rel":"","context":"En \u00abTemas\u00bb","block_context":{"text":"Temas","link":"https:\/\/moir.com.co\/web\/category\/temas\/"},"img":{"alt_text":"","src":"","width":0,"height":0},"classes":[]},{"id":5033,"url":"https:\/\/moir.com.co\/web\/sin-licencia-para-explotar-greystar-insiste-en-hacer-mineria-a-cielo-abierto-en-el-paramo-de-santurban\/","url_meta":{"origin":5324,"position":5},"title":"Sin licencia para explotar: GreyStar insiste en hacer miner\u00eda a cielo abierto en el P\u00e1ramo de Santurb\u00e1n","author":"admin","date":"noviembre 20, 2010","format":false,"excerpt":"M\u00e1s de un mill\u00f3n de habitantes del casco urbano de Bucaramanga, de C\u00facuta y de otros 22 municipios de Santander, est\u00e1n concentrados en proteger sus m\u00e1s importantes fuentes de agua, que nacen en el P\u00e1ramo de Santurb\u00e1n. Y su tarea no es nada f\u00e1cil, pues contra todos los argumentos jur\u00eddicos,\u2026","rel":"","context":"En \u00abRevista de Prensa\u00bb","block_context":{"text":"Revista de Prensa","link":"https:\/\/moir.com.co\/web\/category\/prensa\/revista-de-prensa\/"},"img":{"alt_text":"","src":"","width":0,"height":0},"classes":[]}],"jetpack_sharing_enabled":true,"_links":{"self":[{"href":"https:\/\/moir.com.co\/web\/wp-json\/wp\/v2\/posts\/5324","targetHints":{"allow":["GET"]}}],"collection":[{"href":"https:\/\/moir.com.co\/web\/wp-json\/wp\/v2\/posts"}],"about":[{"href":"https:\/\/moir.com.co\/web\/wp-json\/wp\/v2\/types\/post"}],"author":[{"embeddable":true,"href":"https:\/\/moir.com.co\/web\/wp-json\/wp\/v2\/users\/1"}],"replies":[{"embeddable":true,"href":"https:\/\/moir.com.co\/web\/wp-json\/wp\/v2\/comments?post=5324"}],"version-history":[{"count":0,"href":"https:\/\/moir.com.co\/web\/wp-json\/wp\/v2\/posts\/5324\/revisions"}],"wp:attachment":[{"href":"https:\/\/moir.com.co\/web\/wp-json\/wp\/v2\/media?parent=5324"}],"wp:term":[{"taxonomy":"category","embeddable":true,"href":"https:\/\/moir.com.co\/web\/wp-json\/wp\/v2\/categories?post=5324"},{"taxonomy":"post_tag","embeddable":true,"href":"https:\/\/moir.com.co\/web\/wp-json\/wp\/v2\/tags?post=5324"}],"curies":[{"name":"wp","href":"https:\/\/api.w.org\/{rel}","templated":true}]}}