{"id":532,"date":"2004-08-10T07:00:00","date_gmt":"2004-08-10T07:00:00","guid":{"rendered":"https:\/\/moir.org.co\/web\/comando-regional-unitario-del-magdalena-adelanta-resistencia-contra-medidas-uribistas\/"},"modified":"2004-08-10T07:00:00","modified_gmt":"2004-08-10T07:00:00","slug":"comando-regional-unitario-del-magdalena-adelanta-resistencia-contra-medidas-uribistas","status":"publish","type":"post","link":"https:\/\/moir.com.co\/web\/comando-regional-unitario-del-magdalena-adelanta-resistencia-contra-medidas-uribistas\/","title":{"rendered":"COMANDO REGIONAL UNITARIO DEL MAGDALENA ADELANTA RESISTENCIA CONTRA MEDIDAS URIBISTAS"},"content":{"rendered":"<p>Comando Regional Unitario del Magdalena, Santa Marta, julio 3 de 2003<\/p>\n<p>Desde que se conocieron los primeros decretos de la administraci\u00f3n Uribe V\u00e9lez liquidando a Telecom y a las trece teleasociadas, entre ellas Telesantamarta, el Comando Regional Unitario del Magdalena manifest\u00f3 su rechazo categ\u00f3rico a estas medidas antiobreras y antinacionales. Luego se vino el aluvi\u00f3n de decretos despedazando al Seguro Social, escindiendo a Ecopetrol, eliminando empresas estatales que fueron producto de inmensos esfuerzos de varias generaciones de colombiano, lanzando a la calle a miles de trabajadores.<\/p>\n<p>Siguiendo las orientaciones del Comando Nacional Unitario, participamos en las protestas de los d\u00edas 19 y 25 de junio con movilizaciones en varios sitios del distrito de Santa Marta y este jueves 3 de julio realizamos un nutrido y combativo mitin frente a la estaci\u00f3n de oleoductos Pozos Colorados de Ecopetrol, interrumpiendo el tr\u00e1fico vehicular en la Troncal del Caribe en forma intermitente durante una hora, patentizando la solidaridad de clase con la Uni\u00f3n Sindical Obrera y los trabajadores petroleros. El viernes 4 de julio el escenario ser\u00e1 la factor\u00eda de Coca-Cola, en respaldo a las peticiones de sus asalariados.<\/p>\n<p>El Comando Regional Unitario del Magdalena convoca a las fuerzas sindicales, sociales y comunitarias del departamento a rechazar las medidas privatizadoras del gobierno uribista que buscan esquilmar el patrimonio p\u00fablico y arrasar los derechos centenarios de la clase obrera, con el fin de entregarle las riquezas nacionales en bandeja de plata a la voracidad del imperio norteamericano. Ante semejante emboscada reaccionaria nos parece correcta la determinaci\u00f3n del Comando Nacional Unitario de realizar un paro c\u00edvico nacional, el cual deber\u00eda efectuarse antes de finalizar el mes de julio.<\/p>\n<p>COMANDO REGIONAL UNITARIO DEL MAGDALENA <\/p>\n","protected":false},"excerpt":{"rendered":"<p>Comando Regional Unitario del Magdalena, Santa Marta, julio 3 de 2003 Desde que se conocieron los primeros decretos de la administraci\u00f3n Uribe V\u00e9lez liquidando a Telecom y a las trece teleasociadas, entre ellas Telesantamarta, el Comando Regional Unitario del Magdalena manifest\u00f3 su rechazo categ\u00f3rico a estas medidas antiobreras y antinacionales. Luego se vino el aluvi\u00f3n [&hellip;]<\/p>\n","protected":false},"author":1,"featured_media":0,"comment_status":"open","ping_status":"open","sticky":false,"template":"","format":"standard","meta":{"advanced_seo_description":"","jetpack_seo_html_title":"","jetpack_seo_noindex":false,"_jetpack_memberships_contains_paid_content":false,"footnotes":""},"categories":[7],"tags":[],"class_list":["post-532","post","type-post","status-publish","format-standard","hentry","category-pronunciamientos-de-organizaciones-sociales"],"jetpack_featured_media_url":"","jetpack-related-posts":[{"id":535,"url":"https:\/\/moir.com.co\/web\/comando-regional-unitario-del-magdalena-denuncia-nuevo-ajuste-fiscal-por-ocho-billones-de-pesos\/","url_meta":{"origin":532,"position":0},"title":"COMANDO REGIONAL UNITARIO DEL MAGDALENA DENUNCIA NUEVO AJUSTE FISCAL POR OCHO BILLONES DE PESOS","author":"admin","date":"agosto 10, 2004","format":false,"excerpt":"Comando Regional Unitario del Magdalena, Santa Marta, DTCH, julio 10 de 2003 Con el desparpajo de siempre el gobierno nacional ha empezado una campa\u00f1a para prepararle el terreno a nuevas y mayores cargas impositivas que se descargar\u00e1n como un aluvi\u00f3n sobre los empobrecidos bolsillos de los colombianos y del sector\u2026","rel":"","context":"En \u00abPronunciamientos de Organizaciones Sociales\u00bb","block_context":{"text":"Pronunciamientos de Organizaciones Sociales","link":"https:\/\/moir.com.co\/web\/category\/pronunciamientos-de-organizaciones-sociales\/"},"img":{"alt_text":"","src":"","width":0,"height":0},"classes":[]},{"id":657,"url":"https:\/\/moir.com.co\/web\/alca-y-tlc-en-la-picota-publica\/","url_meta":{"origin":532,"position":1},"title":"\u00a1ALCA Y TLC EN LA PICOTA P\u00daBLICA!","author":"admin","date":"agosto 11, 2004","format":false,"excerpt":"Comando Regional Unitario del Magdalena, Santa Marta, mayo 28 de 2004 Las movilizaciones realizadas el pasado 18 de mayo en todo el pa\u00eds contra el ALCA y el tratado de libre comercio con Estados Unidos han tenido importantes repercusiones y ense\u00f1anzas. Dos posiciones antag\u00f3nicas han quedado expuestas a la luz\u2026","rel":"","context":"En \u00abPronunciamientos de Organizaciones Sociales\u00bb","block_context":{"text":"Pronunciamientos de Organizaciones Sociales","link":"https:\/\/moir.com.co\/web\/category\/pronunciamientos-de-organizaciones-sociales\/"},"img":{"alt_text":"","src":"","width":0,"height":0},"classes":[]},{"id":508,"url":"https:\/\/moir.com.co\/web\/el-comando-regional-unitario-del-magdalena-se-une-a-jornada-nacional-de-protesta-paro-nacional-y-primero-de-mayo\/","url_meta":{"origin":532,"position":2},"title":"EL COMANDO REGIONAL UNITARIO DEL MAGDALENA SE UNE A JORNADA NACIONAL DE PROTESTA, PARO NACIONAL Y PRIMERO DE MAYO","author":"admin","date":"agosto 9, 2004","format":false,"excerpt":"Comando Regional Unitario del Magdalena, Santa Marta, abril 25 de 2003 Siguiendo las orientaciones aprobadas por las centrales obreras, FECODE, Uso, sindicatos nacionales, Asociaci\u00f3n por la Salvaci\u00f3n Agropecuaria y federaciones de pensionados, el Comando Regional Unitario del Departamento del Magdalena ha decidido participar activamente en la jornada nacional de protesta\u2026","rel":"","context":"En \u00abPronunciamientos de Organizaciones Sociales\u00bb","block_context":{"text":"Pronunciamientos de Organizaciones Sociales","link":"https:\/\/moir.com.co\/web\/category\/pronunciamientos-de-organizaciones-sociales\/"},"img":{"alt_text":"","src":"","width":0,"height":0},"classes":[]},{"id":616,"url":"https:\/\/moir.com.co\/web\/solidaridad-con-trabajadores-de-ecopetrol\/","url_meta":{"origin":532,"position":3},"title":"\u00a1SOLIDARIDAD CON TRABAJADORES DE ECOPETROL!","author":"admin","date":"agosto 11, 2004","format":false,"excerpt":"El Comando Regional Unitario de Trabajadores y Organizaciones Sociales del Magdalena expresa su rechazo categ\u00f3rico a la arremetida del gobierno nacional en contra de la empresa estatal Ecopetrol y de los derechos de los obreros agrupados en la Uni\u00f3n Sindical Obrera (USO). Todo obedece a la aplicaci\u00f3n del modelo neoliberal\u2026","rel":"","context":"En \u00abPronunciamientos de Organizaciones Sociales\u00bb","block_context":{"text":"Pronunciamientos de Organizaciones Sociales","link":"https:\/\/moir.com.co\/web\/category\/pronunciamientos-de-organizaciones-sociales\/"},"img":{"alt_text":"","src":"","width":0,"height":0},"classes":[]},{"id":611,"url":"https:\/\/moir.com.co\/web\/exitoso-acto-por-una-colombia-libre-en-cienaga-magdalena\/","url_meta":{"origin":532,"position":4},"title":"\u00a1EXITOSO ACTO POR UNA COLOMBIA LIBRE EN CI\u00c9NAGA, MAGDALENA!","author":"admin","date":"agosto 11, 2004","format":false,"excerpt":"Comando Regional Unitario de Trabajadores y Organizaciones Sociales, Santa Marta, diciembre 10 de 2003 Organizado por el Comando Regional Unitario de Trabajadores y Organizaciones Sociales del Magdalena y la Secretar\u00eda de Cultura Municipal se cumpli\u00f3 en Ci\u00e9naga, Magdalena, el acto de homenaje a los m\u00e1rtires de las bananeras asesinados el\u2026","rel":"","context":"En \u00abPronunciamientos de Organizaciones Sociales\u00bb","block_context":{"text":"Pronunciamientos de Organizaciones Sociales","link":"https:\/\/moir.com.co\/web\/category\/pronunciamientos-de-organizaciones-sociales\/"},"img":{"alt_text":"","src":"","width":0,"height":0},"classes":[]},{"id":624,"url":"https:\/\/moir.com.co\/web\/trabajadores-no-son-responsables-de-la-crisis-economica\/","url_meta":{"origin":532,"position":5},"title":"\u00a1TRABAJADORES NO SON RESPONSABLES DE LA CRISIS ECON\u00d3MICA!","author":"admin","date":"agosto 11, 2004","format":false,"excerpt":"El Comando Regional Unitario del Magdalena integrado por la CUT, CGTD, Edumag-Fecode, Sindesena, Asociaciones de Pensionados, Liga de Usuarios de Servicios P\u00fablicos de Santa Marta, Salvaci\u00f3n Agropecuaria, Asociaci\u00f3n Colombiana de Ingenieros Agr\u00f3nomos, entre otros, ha recibido la noticia de que la administraci\u00f3n distrital se apresta a firmar las resoluciones de\u2026","rel":"","context":"En \u00abPronunciamientos de Organizaciones Sociales\u00bb","block_context":{"text":"Pronunciamientos de Organizaciones Sociales","link":"https:\/\/moir.com.co\/web\/category\/pronunciamientos-de-organizaciones-sociales\/"},"img":{"alt_text":"","src":"","width":0,"height":0},"classes":[]}],"jetpack_sharing_enabled":true,"_links":{"self":[{"href":"https:\/\/moir.com.co\/web\/wp-json\/wp\/v2\/posts\/532","targetHints":{"allow":["GET"]}}],"collection":[{"href":"https:\/\/moir.com.co\/web\/wp-json\/wp\/v2\/posts"}],"about":[{"href":"https:\/\/moir.com.co\/web\/wp-json\/wp\/v2\/types\/post"}],"author":[{"embeddable":true,"href":"https:\/\/moir.com.co\/web\/wp-json\/wp\/v2\/users\/1"}],"replies":[{"embeddable":true,"href":"https:\/\/moir.com.co\/web\/wp-json\/wp\/v2\/comments?post=532"}],"version-history":[{"count":0,"href":"https:\/\/moir.com.co\/web\/wp-json\/wp\/v2\/posts\/532\/revisions"}],"wp:attachment":[{"href":"https:\/\/moir.com.co\/web\/wp-json\/wp\/v2\/media?parent=532"}],"wp:term":[{"taxonomy":"category","embeddable":true,"href":"https:\/\/moir.com.co\/web\/wp-json\/wp\/v2\/categories?post=532"},{"taxonomy":"post_tag","embeddable":true,"href":"https:\/\/moir.com.co\/web\/wp-json\/wp\/v2\/tags?post=532"}],"curies":[{"name":"wp","href":"https:\/\/api.w.org\/{rel}","templated":true}]}}