{"id":531,"date":"2004-08-10T07:00:00","date_gmt":"2004-08-10T07:00:00","guid":{"rendered":"https:\/\/moir.org.co\/web\/constancia-ante-la-1o-reunion-tematica-del-alca-sobre-agricultura-del-comite-de-representantes-gubernamentales-sobre-la-part\/"},"modified":"2004-08-10T07:00:00","modified_gmt":"2004-08-10T07:00:00","slug":"constancia-ante-la-1o-reunion-tematica-del-alca-sobre-agricultura-del-comite-de-representantes-gubernamentales-sobre-la-part","status":"publish","type":"post","link":"https:\/\/moir.com.co\/web\/constancia-ante-la-1o-reunion-tematica-del-alca-sobre-agricultura-del-comite-de-representantes-gubernamentales-sobre-la-part\/","title":{"rendered":"CONSTANCIA ANTE LA 1\u00ba REUNI\u00d3N TEM\u00c1TICA DEL ALCA SOBRE AGRICULTURA DEL COMIT\u00c9 DE REPRESENTANTES GUBERNAMENTALES SOBRE LA PART"},"content":{"rendered":"<p>Sao Paulo, junio 25 de 2003.<\/p>\n<p>Las organizaciones abajo firmantes dejamos constancia en esta reuni\u00f3n de lo siguiente:<\/p>\n<p>1. No puede entenderse nuestra presencia aqu\u00ed como la participaci\u00f3n en una consulta que se hace a la sociedad civil americana sobre este tema. En primer lugar, porque el proceso mediante el cual se han elaborado los documentos de negociaci\u00f3n del ALCA, no tiene ninguna de las caracter\u00edsticas m\u00ednimas necesarias para validarlo: no hubo negociaci\u00f3n alguna de la agenda de los temas que formar\u00edan el respectivo cap\u00edtulo de agricultura y los otros relacionados con \u00e9l. Del mismo modo, no ha habido transparencia alguna y, por el contrario, se ha desarrollado privadamente, casi en secreto. As\u00ed mismo, nunca han participado todos los interesados y es de conocimiento p\u00fablico la gran influencia de las empresas multinacionales en la redacci\u00f3n y en las propuestas del texto. De ah\u00ed que no exista un reglamento de participaci\u00f3n serio, ausencia que se trata de remediar con estas reuniones sectoriales que adem\u00e1s impiden una discusi\u00f3n completa que conecte todos los temas que se influyen entre s\u00ed. Por consiguiente, no consideramos este escenario sino, a lo sumo, como un intercambio de ideas.<\/p>\n<p>2. En cuanto al tema agropecuario y los dem\u00e1s conexos, por ejemplo las inversiones, el documento correspondiente se refiere al comercio de productos agr\u00edcolas y, por tanto, es absolutamente favorable al reducido n\u00famero de empresas multinacionales que hoy concentran en sus manos este comercio. Se extiende as\u00ed por todo el continente el desastre ocurrido en M\u00e9xico con el antecedente del TLCAN: a pesar de ubicarlo como la novena econom\u00eda del mundo, ocupa el lugar 54 del \u00cdndice Mundial de Desarrollo Humano y, seg\u00fan la Comisi\u00f3n de Desarrollo Rural de la C\u00e1mara de Diputados, \u201cPara 2000 la dependencia en materia de alimentos hab\u00eda crecido 77%, con un monto de 23 millones de toneladas de cultivos-productos importadas, a diferencia de los trece millones que ingresaban al pa\u00eds en 1993 (pre-TLCAN)\u2026\u201d . Y tambi\u00e9n, como sucedi\u00f3 en M\u00e9xico, los gobiernos s\u00f3lo han tenido en cuenta a algunos sectores minoritarios y privilegiados que representan apenas una forma de agricultura, excluyendo a los otros sectores, los mayoritarios, de campesinos, de ind\u00edgenas y de peque\u00f1os y medianos productores, responsables principales de la seguridad alimentar\u00eda del Continente.<\/p>\n<p>Lo anterior, sumado a la competencia desleal que se establecer\u00e1 a favor de la poderosa agricultura de los Estados Unidos de Norteam\u00e9rica respaldada por varias decenas de miles de millones de d\u00f3lares anuales en forma de subsidios oficiales a los grandes productores y sus firmas exportadoras y de los otros componentes de su pol\u00edtica agr\u00edcola, as\u00ed como tambi\u00e9n al monopolio que se impondr\u00e1 a trav\u00e9s de los reglamentos de propiedad intelectual y el irrespeto total a las m\u00ednimas normas medioambientales, conducir\u00e1n a las naciones de Am\u00e9rica, casi sin excepci\u00f3n, a la p\u00e9rdida de su soberan\u00eda alimentar\u00eda; es decir, a su derecho de producir los alimentos y frutos necesarios para su poblaci\u00f3n. Ese derecho quedar\u00e1 subordinado a los intereses, las ganancias, las inversiones indiscriminadas y las ambiciones de las multinacionales y de sus socios en cada caso.<\/p>\n<p>3. Todo lo expresado hasta aqu\u00ed es suficiente para decir: &#8220;NO AL ALCA&#8221;. Sin embargo, muchas otras razones en otras materias y temas de dicho acuerdo llevan a concluir que el ALCA arrasa con la soberan\u00eda nacional de los pa\u00edses de Am\u00e9rica Latina y el Caribe. En su conjunto tiene marcadas cualidades colonialistas y constituye un proyecto de franco retroceso para los pueblos sin incluir ning\u00fan aspecto de desarrollo para ellos. En medio de las condiciones en las cuales se realizar\u00e1, adem\u00e1s del predominio estadounidense, fomentar\u00e1 sin contemplaciones la competencia entre los pa\u00edses pobres para subsistir en el marco de los dictados imperiales, impidiendo, a la vez, la indispensable integraci\u00f3n de las rep\u00fablicas latinoamericanas para su progreso colectivo. Por ello el desempleo, la pobreza, los d\u00e9ficit, las quiebras y las ruinas que el neoliberalismo sembr\u00f3 en la \u00faltima d\u00e9cada por todo el Hemisferio se incrementar\u00e1n en grados muy superiores a los ya muy dram\u00e1ticos vistos hasta ahora.<\/p>\n<p>SAO PAULO, junio 25 de 2003.<\/p>\n<p>Firman:<\/p>\n<p>Rafael Freire<br \/>\nCUT (Central \u00fanica de los Trabajadores) -Brasil<\/p>\n<p>Alberto Broch<br \/>\nCONTAG (Confederaci\u00f3n Nacional de los Trabajadores y Trabajadoras Rurales en Agricultura) -Brasil<\/p>\n<p>Joao Pedro Stedile<br \/>\nMST (Movimiento de Los Sin Tierra) -Brasil<\/p>\n<p>Edgardo Garc\u00eda<br \/>\nCLOC (Confederaci\u00f3n Latinoamericana de Organizaciones Campesinas)- ATC (Asociaci\u00f3n de los trabajadores del Campo) Nicaragua<\/p>\n<p>Aurelio Su\u00e1rez Montoya<br \/>\nANSA (Asociaci\u00f3n Nacional por la salvaci\u00f3n Agropecuaria) -Colombia<\/p>\n<p>Iv\u00e1n Polanco L\u00f3pez<br \/>\nANEC (Asociaci\u00f3n Nacional de Empresas Comercializadoras de Productores del Campo) -M\u00e9xico<\/p>\n<p>Patricio Zh\u00edngri T.<br \/>\nEcuarunari\/CONAIE (Confederaci\u00f3n Nacional Ind\u00edgena de Ecuador) -Ecuador<\/p>\n<p>Nicia Maldomado<br \/>\nCONIVE (Consejo Nacional Ind\u00edgena de Venezuela) -Venezuela<\/p>\n<p>Braulio \u00c1lvarez<br \/>\n(Coordinaci\u00f3n Agraria Nacional Ezequiel Zamora) -Venezuela<\/p>\n<p>Raquel Pereira de Souza<br \/>\nDESER (Departamento de Estudios Sindicales Rurales) &#8211; Brasil<\/p>\n<p>Nelson Delgado<br \/>\nGT &#8211; Agricultura de la Red Brasilera de Integraci\u00f3n de los Pueblos &#8211; REBRIP &#8211; Brasil<\/p>\n<p>Adriano Campolina de Oliveira Soares<br \/>\nREBRIP (Red Brasileira de Integraci\u00f3n de los Pueblos) &#8211; Brasil<\/p>\n<p>Edelcio Vigna<br \/>\nINESC (Instituto de Estudios Socioecon\u00f3micos) &#8211; Brasil<\/p>\n","protected":false},"excerpt":{"rendered":"<p>Sao Paulo, junio 25 de 2003. Las organizaciones abajo firmantes dejamos constancia en esta reuni\u00f3n de lo siguiente: 1. No puede entenderse nuestra presencia aqu\u00ed como la participaci\u00f3n en una consulta que se hace a la sociedad civil americana sobre este tema. En primer lugar, porque el proceso mediante el cual se han elaborado los [&hellip;]<\/p>\n","protected":false},"author":1,"featured_media":0,"comment_status":"open","ping_status":"open","sticky":false,"template":"","format":"standard","meta":{"advanced_seo_description":"","jetpack_seo_html_title":"","jetpack_seo_noindex":false,"_jetpack_memberships_contains_paid_content":false,"footnotes":""},"categories":[7],"tags":[],"class_list":["post-531","post","type-post","status-publish","format-standard","hentry","category-pronunciamientos-de-organizaciones-sociales"],"jetpack_featured_media_url":"","jetpack-related-posts":[{"id":313,"url":"https:\/\/moir.com.co\/web\/la-sociedad-civil-y-el-alca-breve-cronica-de-la-reunion-de-sao-paulo\/","url_meta":{"origin":531,"position":0},"title":"LA &#8220;SOCIEDAD CIVIL&#8221; Y EL ALCA  -BREVE CR\u00d3NICA DE LA REUNI\u00d3N DE SAO PAULO-","author":"admin","date":"agosto 7, 2004","format":false,"excerpt":"Dentro de un aparente programa masivo de difusi\u00f3n y discusi\u00f3n del ALCA, se celebr\u00f3 en Sao Paulo una reuni\u00f3n llamada \"De los representantes gubernamentales con la sociedad civil\" para abordar el cap\u00edtulo de Agricultura en este tratado. Es la primera de varias que se realizar\u00e1n sobre distintos t\u00f3picos, la pr\u00f3xima\u2026","rel":"","context":"En \u00abTemas\u00bb","block_context":{"text":"Temas","link":"https:\/\/moir.com.co\/web\/category\/temas\/"},"img":{"alt_text":"","src":"","width":0,"height":0},"classes":[]},{"id":19750,"url":"https:\/\/moir.com.co\/web\/la-sociedad-civil-y-el-alca\/","url_meta":{"origin":531,"position":1},"title":"LA \u00abSOCIEDAD CIVIL\u00bb Y EL ALCA","author":"admin","date":"agosto 9, 2004","format":false,"excerpt":"Salvaci\u00f3n Agropecuaria asiste a reuni\u00f3n en Brasil Por Aurelio Su\u00e1rez Montoya Dentro de un aparente programa masivo de difusi\u00f3n del ALCA, se celebr\u00f3 en Sao Paulo, Brasil, una reuni\u00f3n llamada \u00abDe los representantes gubernamentales con la sociedad civil\u00bb, para abordar el Cap\u00edtulo de Agricultura en este Tratado. Es la primera\u2026","rel":"","context":"En \u00abTribuna Roja N\u00ba 92, agosto 6 de 2003\u00bb","block_context":{"text":"Tribuna Roja N\u00ba 92, agosto 6 de 2003","link":"https:\/\/moir.com.co\/web\/category\/tribuna-roja\/ediciones-2000-2004\/tribuna-roja-no-92-agosto-6-de-2003\/"},"img":{"alt_text":"","src":"","width":0,"height":0},"classes":[]},{"id":625,"url":"https:\/\/moir.com.co\/web\/circular-convocatoria-a-la-junta-nacional\/","url_meta":{"origin":531,"position":2},"title":"CIRCULAR CONVOCATORIA A LA JUNTA NACIONAL","author":"admin","date":"agosto 11, 2004","format":false,"excerpt":"El d\u00eda s\u00e1bado 13 de marzo se reunir\u00e1 en la ciudad de Ibagu\u00e9 la Junta Nacional de la Asociaci\u00f3n Nacional por la Salvaci\u00f3n Agropecuaria, su m\u00e1xima instancia decisoria, compuesta por los dirigentes nacionales y regionales de las organizaciones que la integran. Para 2004 las actividades gremiales contra la implantaci\u00f3n del\u2026","rel":"","context":"En \u00abPronunciamientos de Organizaciones Sociales\u00bb","block_context":{"text":"Pronunciamientos de Organizaciones Sociales","link":"https:\/\/moir.com.co\/web\/category\/pronunciamientos-de-organizaciones-sociales\/"},"img":{"alt_text":"","src":"","width":0,"height":0},"classes":[]},{"id":3749,"url":"https:\/\/moir.com.co\/web\/alca-las-dificultades-de-enterrar-a-un-muerto\/","url_meta":{"origin":531,"position":3},"title":"ALCA: las dificultades de enterrar a un muerto","author":"admin","date":"noviembre 11, 2009","format":false,"excerpt":"Muchos recordamos la reuni\u00f3n de Mar del Plata, Argentina (noviembre 2005), como la gran derrota del proyecto imperial hemisf\u00e9rico del ALCA (Acuerdo de Libre Comercio de las Am\u00e9ricas), pero poco o nada se ha mencionado acerca de que la vieja agenda del ALCA contin\u00faa promovi\u00e9ndose y recre\u00e1ndose en las reuniones\u2026","rel":"","context":"En \u00ab\u00a1No a los TLC y al ALCA!\u00bb","block_context":{"text":"\u00a1No a los TLC y al ALCA!","link":"https:\/\/moir.com.co\/web\/category\/temas\/no-a-los-tlc-y-al-alca\/"},"img":{"alt_text":"","src":"","width":0,"height":0},"classes":[]},{"id":1082,"url":"https:\/\/moir.com.co\/web\/el-tlc-merece-la-misma-suerte-que-el-alca\/","url_meta":{"origin":531,"position":4},"title":"EL TLC MERECE LA MISMA SUERTE QUE EL ALCA","author":"admin","date":"diciembre 5, 2004","format":false,"excerpt":"Se dice que el cambio de a\u00f1o es una \u00e9poca propicia para la reflexi\u00f3n y los buenos prop\u00f3sitos. No estamos seguros de que la mayor\u00eda comparta esta convicci\u00f3n, sin embargo, la llegada del a\u00f1o 2005 s\u00ed resulta oportuna para una reflexi\u00f3n. En efecto, uno de los argumentos que con m\u00e1s\u2026","rel":"","context":"En \u00ab\u00a1No a los TLC y al ALCA!\u00bb","block_context":{"text":"\u00a1No a los TLC y al ALCA!","link":"https:\/\/moir.com.co\/web\/category\/temas\/no-a-los-tlc-y-al-alca\/"},"img":{"alt_text":"","src":"","width":0,"height":0},"classes":[]},{"id":87,"url":"https:\/\/moir.com.co\/web\/a-la-yugular\/","url_meta":{"origin":531,"position":5},"title":"\u00a1A LA YUGULAR!","author":"admin","date":"agosto 6, 2004","format":false,"excerpt":"Me sorprende que todav\u00eda no haya merecido comentarios el muy importante art\u00edculo del doctor Juan Manuel Santos, del 16 de noviembre, sobre el Alca y el TLC, que el pa\u00eds debe analizar con detenimiento y sin prejuicios. El ex ministro afirma que los negociadores gringos van \u00aba la yugular\u00bb y\u2026","rel":"","context":"En \u00ab\u00a1No a los TLC y al ALCA!\u00bb","block_context":{"text":"\u00a1No a los TLC y al ALCA!","link":"https:\/\/moir.com.co\/web\/category\/temas\/no-a-los-tlc-y-al-alca\/"},"img":{"alt_text":"","src":"","width":0,"height":0},"classes":[]}],"jetpack_sharing_enabled":true,"_links":{"self":[{"href":"https:\/\/moir.com.co\/web\/wp-json\/wp\/v2\/posts\/531","targetHints":{"allow":["GET"]}}],"collection":[{"href":"https:\/\/moir.com.co\/web\/wp-json\/wp\/v2\/posts"}],"about":[{"href":"https:\/\/moir.com.co\/web\/wp-json\/wp\/v2\/types\/post"}],"author":[{"embeddable":true,"href":"https:\/\/moir.com.co\/web\/wp-json\/wp\/v2\/users\/1"}],"replies":[{"embeddable":true,"href":"https:\/\/moir.com.co\/web\/wp-json\/wp\/v2\/comments?post=531"}],"version-history":[{"count":0,"href":"https:\/\/moir.com.co\/web\/wp-json\/wp\/v2\/posts\/531\/revisions"}],"wp:attachment":[{"href":"https:\/\/moir.com.co\/web\/wp-json\/wp\/v2\/media?parent=531"}],"wp:term":[{"taxonomy":"category","embeddable":true,"href":"https:\/\/moir.com.co\/web\/wp-json\/wp\/v2\/categories?post=531"},{"taxonomy":"post_tag","embeddable":true,"href":"https:\/\/moir.com.co\/web\/wp-json\/wp\/v2\/tags?post=531"}],"curies":[{"name":"wp","href":"https:\/\/api.w.org\/{rel}","templated":true}]}}