{"id":5303,"date":"2011-02-17T19:58:01","date_gmt":"2011-02-17T19:58:01","guid":{"rendered":"https:\/\/moir.org.co\/web\/fundada-asociacion-de-damnificados-del-canal-del-dique\/"},"modified":"2011-02-17T19:58:01","modified_gmt":"2011-02-17T19:58:01","slug":"fundada-asociacion-de-damnificados-del-canal-del-dique","status":"publish","type":"post","link":"https:\/\/moir.com.co\/web\/fundada-asociacion-de-damnificados-del-canal-del-dique\/","title":{"rendered":"Fundada Asociaci\u00f3n de Damnificados del Canal del Dique"},"content":{"rendered":"<p>El domingo 13 de febrero se constituy\u00f3 en la Casa de la Cultura de Sabanalarga, Atl\u00e1ntico, la Asociaci\u00f3n de Damnificados del Canal del Dique \u2013 Asodamdique \u2013 en una asamblea que cont\u00f3 con doscientos delegados de seis municipios del sur del Atl\u00e1ntico y seis de Bol\u00edvar, a saber: Candelaria, Repel\u00f3n, Santa Luc\u00eda, Campo de la Cruz, Manat\u00ed, Sabanalarga, Soplaviento, Santa Catalina, San Crist\u00f3bal, Arjona, Mahates y San Estanislao de Kostka. <\/p>\n<p>La organizaci\u00f3n de los damnificados de las inundaciones del r\u00edo Magdalena en el Canal del Dique se hab\u00eda convertido en una necesidad imperiosa para alrededor de doscientos mil afectados de esta regi\u00f3n que ahora tienen quien los represente ante las entidades estatales y privadas en sus justas demandas.<\/p>\n<p>La asamblea aprob\u00f3 un programa de lucha que propugna por:<\/p>\n<p>&#8211; Atenci\u00f3n digna a los damnificados en cuanto a albergues, alimentaci\u00f3n, aseo, educaci\u00f3n, salud integral.<\/p>\n<p>&#8211; Brigadas de salubridad para la desinfecci\u00f3n de las zonas urbanas y rurales financiadas por el Estado.<\/p>\n<p>&#8211; Veedur\u00edas ciudadanas para el control de los recursos para la atenci\u00f3n y reconstrucci\u00f3n.<\/p>\n<p>&#8211; Preparaci\u00f3n de las demandas por indemnizaci\u00f3n contra el Estado por su responsabilidad en los efectos desastrosos de las inundaciones.<\/p>\n<p>&#8211; Concertaci\u00f3n con los entes gubernamentales para la reconstrucci\u00f3n del aparato productivo, infraestructura, viviendas, colegios, hospitales, acueductos, redes el\u00e9ctricas, telef\u00f3nicas y recuperaci\u00f3n del tejido social; as\u00ed como tambi\u00e9n ejercer una auditor\u00eda en todos estos aspectos.<\/p>\n<p>&#8211; La condonaci\u00f3n total de las deudas de los afectados por la tragedia con la banca, el sector financiero y  empresas de servicios p\u00fablicos por todo concepto por haber quedado sin ninguna posibilidad de pago y que se establezcan nuevos cr\u00e9ditos baratos y oportunos.<\/p>\n<p>&#8211; Exigir al gobierno planes inmediatos para la evacuaci\u00f3n de las aguas que todav\u00eda inundan los municipios aleda\u00f1os al Canal del Dique.<\/p>\n<p>En la asamblea estuvo presente el senador Jorge Robledo, quien le dio voces de aliento a la nueva organizaci\u00f3n para que se constituya en un instrumento de los damnificados para exigir los derechos contenidos en el programa de lucha y se comprometi\u00f3 a seguir adelantando debates en el congreso se\u00f1alando las responsabilidades del estado en la tragedia y las acciones de reconstrucci\u00f3n con financiaci\u00f3n adecuada.<\/p>\n<p>Finalmente se design\u00f3 la junta directiva de la Asociaci\u00f3n con representantes de cada uno de los municipios presentes y se aprob\u00f3 adelantar una movilizaci\u00f3n el mi\u00e9rcoles 9 de marzo en Campo de la Cruz para reclamar atenci\u00f3n del gobierno a las demandas anteriores y rechazar los decretos que proh\u00edben la leche en cantina para favorecer la producci\u00f3n l\u00e1ctea de Estados Unidos y la Uni\u00f3n Europea que arruinan la producci\u00f3n nacional.<\/p>\n<p>ASODAMDIQUE<\/p>\n<p>EDUARDO MAJJUL<\/p>\n<p>Presidente de la Asamblea<\/p>\n","protected":false},"excerpt":{"rendered":"<p>El domingo 13 de febrero se constituy\u00f3 en la Casa de la Cultura de Sabanalarga, Atl\u00e1ntico, la Asociaci\u00f3n de Damnificados del Canal del Dique \u2013 Asodamdique \u2013 en una asamblea que cont\u00f3 con doscientos delegados de seis municipios del sur del Atl\u00e1ntico y seis de Bol\u00edvar, a saber: Candelaria, Repel\u00f3n, Santa Luc\u00eda, Campo de la [&hellip;]<\/p>\n","protected":false},"author":1,"featured_media":0,"comment_status":"open","ping_status":"open","sticky":false,"template":"","format":"standard","meta":{"advanced_seo_description":"","jetpack_seo_html_title":"","jetpack_seo_noindex":false,"_jetpack_memberships_contains_paid_content":false,"footnotes":""},"categories":[7],"tags":[],"class_list":["post-5303","post","type-post","status-publish","format-standard","hentry","category-pronunciamientos-de-organizaciones-sociales"],"jetpack_featured_media_url":"","jetpack-related-posts":[{"id":5265,"url":"https:\/\/moir.com.co\/web\/se-organizan-los-damnificados-por-las-inundaciones-del-canal-del-dique\/","url_meta":{"origin":5303,"position":0},"title":"Se organizan los damnificados por las inundaciones del Canal del Dique","author":"admin","date":"febrero 10, 2011","format":false,"excerpt":"Asamblea el 13 de febrero en Sabanalarga Una asamblea de damnificados por la tragedia invernal en los departamentos de Atl\u00e1ntico y Bol\u00edvar tendr\u00e1 lugar en la Casa de la Cultura de Sabanalarga, Atl\u00e1ntico, el domingo 13 de febrero a la una de la tarde. La reuni\u00f3n est\u00e1 siendo organizada por\u2026","rel":"","context":"En \u00abJorge Enrique Robledo\u00bb","block_context":{"text":"Jorge Enrique Robledo","link":"https:\/\/moir.com.co\/web\/category\/jorge-enrique-robledo\/"},"img":{"alt_text":"","src":"","width":0,"height":0},"classes":[]},{"id":5277,"url":"https:\/\/moir.com.co\/web\/asamblea-de-constitucion-de-asodamdique-asociacion-de-damnificados-del-canal-del-dique-es-decir-de-los-afectados-por-el-invierno-y-la-negligencia-oficial-que-inundo-en-la-region-40-mil-hectareas\/","url_meta":{"origin":5303,"position":1},"title":"Asamblea de constituci\u00f3n de Asodamdique (Asociacion de Damnificados del Canal del Dique), es decir de los afectados por el invierno y la negligencia oficial, que inundo en la regi\u00f3n 40 mil hect\u00e1reas. Asitieron delegados de los siguientes municipios y corregimientos de Atlantico y Bolivar: Manati, Soplavientos, santa Catalina, San Estanislao, San Cristobal, Arjona, Mahates, Gambote, Candelaria, Carreto, Repelon, Santa Lucia, Algodonal, Campo de la Cruz y Aguada de Pablo.","author":"admin","date":"febrero 13, 2011","format":false,"excerpt":"","rel":"","context":"En \u00abGaler\u00edas\u00bb","block_context":{"text":"Galer\u00edas","link":"https:\/\/moir.com.co\/web\/category\/multimedia\/galerias\/"},"img":{"alt_text":"","src":"","width":0,"height":0},"classes":[]},{"id":5327,"url":"https:\/\/moir.com.co\/web\/informe-del-senador-jorge-enrique-robledo-sobre-sus-visitas-a-la-zona-del-desastre-del-canal-del-dique\/","url_meta":{"origin":5303,"position":2},"title":"Informe del Senador Jorge Enrique Robledo sobre sus visitas a la zona del desastre del Canal del Dique","author":"admin","date":"febrero 26, 2011","format":false,"excerpt":"El fin de semana del 12 y 13 de febrero pasado y el lunes 21 de febrero, esta vez como parte de la Comisi\u00f3n Accidental del Senado de la Rep\u00fablica para la Emergencia Econ\u00f3mica y Social, visit\u00e9 la regi\u00f3n del Canal del Dique en los departamentos del Atl\u00e1ntico y Bol\u00edvar,\u2026","rel":"","context":"En \u00abJorge Enrique Robledo\u00bb","block_context":{"text":"Jorge Enrique Robledo","link":"https:\/\/moir.com.co\/web\/category\/jorge-enrique-robledo\/"},"img":{"alt_text":"","src":"","width":0,"height":0},"classes":[]},{"id":5394,"url":"https:\/\/moir.com.co\/web\/masiva-participacion-en-manati-atlantico-por-los-damnificados-del-canal-del-dique-y-la-cadena-lactea\/","url_meta":{"origin":5303,"position":3},"title":"Masiva participaci\u00f3n en Manat\u00ed, Atl\u00e1ntico: Por los damnificados del Canal del Dique y la cadena l\u00e1ctea","author":"admin","date":"marzo 12, 2011","format":false,"excerpt":"Solo un d\u00eda despu\u00e9s de terminados los carnavales de Barranquilla y de la Costa Atl\u00e1ntica, el mi\u00e9rcoles 9 de marzo, centenares de personas se concentraron en Manat\u00ed, provenientes de los municipios afectados por las inundaciones del Canal del Dique en los departamentos de Atl\u00e1ntico y Bol\u00edvar para exigir al gobierno\u2026","rel":"","context":"En \u00abPronunciamientos de Organizaciones Sociales\u00bb","block_context":{"text":"Pronunciamientos de Organizaciones Sociales","link":"https:\/\/moir.com.co\/web\/category\/pronunciamientos-de-organizaciones-sociales\/"},"img":{"alt_text":"","src":"","width":0,"height":0},"classes":[]},{"id":5355,"url":"https:\/\/moir.com.co\/web\/en-defensa-de-los-damnificados-y-la-cadena-lactea-concentracion-en-manati-atlantico-el-9-de-marzo\/","url_meta":{"origin":5303,"position":4},"title":"En defensa de los damnificados y la cadena l\u00e1ctea, concentraci\u00f3n en Manat\u00ed, Atl\u00e1ntico, el 9 de marzo","author":"admin","date":"marzo 2, 2011","format":false,"excerpt":"La Junta directiva de la Asociaci\u00f3n de Damnificados del Canal del Dique, que aglutina a los Comit\u00e9s de Damnificados de todos los municipios afectados por el desbordamiento de este cuerpo de agua, convoca una movilizaci\u00f3n para el d\u00eda mi\u00e9rcoles 9 de marzo a las ocho de la ma\u00f1ana en Manat\u00ed,\u2026","rel":"","context":"En \u00abPronunciamientos de Organizaciones Sociales\u00bb","block_context":{"text":"Pronunciamientos de Organizaciones Sociales","link":"https:\/\/moir.com.co\/web\/category\/pronunciamientos-de-organizaciones-sociales\/"},"img":{"alt_text":"","src":"","width":0,"height":0},"classes":[]},{"id":5287,"url":"https:\/\/moir.com.co\/web\/el-conejo-de-juan-camilo-restrepo-al-atlantico\/","url_meta":{"origin":5303,"position":5},"title":"El &#8220;conejo&#8221; de Juan Camilo Restrepo al Atl\u00e1ntico","author":"admin","date":"febrero 15, 2011","format":false,"excerpt":"El martes 4 de enero de 2011 en la Base A\u00e9rea Cacom III de Malambo, Juan Camilo Restrepo, ministro de Agricultura, y Francisco Estupi\u00f1\u00e1n, presidente del Banco Agrario, aceptaron la exigencia de los sectores agropecuarios del Sur del Atl\u00e1ntico de la condonaci\u00f3n de la deuda de ganaderos y agricultores que\u2026","rel":"","context":"En \u00abTemas\u00bb","block_context":{"text":"Temas","link":"https:\/\/moir.com.co\/web\/category\/temas\/"},"img":{"alt_text":"","src":"","width":0,"height":0},"classes":[]}],"jetpack_sharing_enabled":true,"_links":{"self":[{"href":"https:\/\/moir.com.co\/web\/wp-json\/wp\/v2\/posts\/5303","targetHints":{"allow":["GET"]}}],"collection":[{"href":"https:\/\/moir.com.co\/web\/wp-json\/wp\/v2\/posts"}],"about":[{"href":"https:\/\/moir.com.co\/web\/wp-json\/wp\/v2\/types\/post"}],"author":[{"embeddable":true,"href":"https:\/\/moir.com.co\/web\/wp-json\/wp\/v2\/users\/1"}],"replies":[{"embeddable":true,"href":"https:\/\/moir.com.co\/web\/wp-json\/wp\/v2\/comments?post=5303"}],"version-history":[{"count":0,"href":"https:\/\/moir.com.co\/web\/wp-json\/wp\/v2\/posts\/5303\/revisions"}],"wp:attachment":[{"href":"https:\/\/moir.com.co\/web\/wp-json\/wp\/v2\/media?parent=5303"}],"wp:term":[{"taxonomy":"category","embeddable":true,"href":"https:\/\/moir.com.co\/web\/wp-json\/wp\/v2\/categories?post=5303"},{"taxonomy":"post_tag","embeddable":true,"href":"https:\/\/moir.com.co\/web\/wp-json\/wp\/v2\/tags?post=5303"}],"curies":[{"name":"wp","href":"https:\/\/api.w.org\/{rel}","templated":true}]}}