{"id":527,"date":"2004-08-10T07:00:00","date_gmt":"2004-08-10T07:00:00","guid":{"rendered":"https:\/\/moir.org.co\/web\/foro-social-del-magdalena-medio-por-la-defensa-de-lo-publico\/"},"modified":"2004-08-10T07:00:00","modified_gmt":"2004-08-10T07:00:00","slug":"foro-social-del-magdalena-medio-por-la-defensa-de-lo-publico","status":"publish","type":"post","link":"https:\/\/moir.com.co\/web\/foro-social-del-magdalena-medio-por-la-defensa-de-lo-publico\/","title":{"rendered":"FORO SOCIAL DEL MAGDALENA MEDIO POR LA DEFENSA DE LO P\u00daBLICO"},"content":{"rendered":"<p>Con la participaci\u00f3n de la Di\u00f3cesis de Barrancabermeja, la Gobernaci\u00f3n de Santander, el Concejo Municipal de Barrancabermeja, el PDPMM, la USO, la Defensoria del Pueblo, CREDHOS, la UNEB, SINDESENA, el PTC, SINDES, SINTRAENDES, la CUT, la CGTD, la CTC, la OFP, ANTHOC, SINTRAINQUIGAS, HOCAR, SINALTRAINAL, ACVC, MUDEUB, La Comisi\u00f3n C\u00edvica de Convivencia Ciudadana, ASEM, el Programa Barrancabermeja Ciudad Regi\u00f3n de Paz, Espacio de Trabajadores y Trabajadoras de Derechos Humanos, el Senador Jorge G\u00f3mez C y los Representantes a la C\u00e1mara Juan de Dios Alfonso y Wilson Borja.<\/p>\n<p>Reunidos en la Curia Diocesana de Barrancabermeja, el pasado 27 de junio de 2003, con el animo de analizar la repercusi\u00f3n de las medidas adoptadas en los \u00faltimos d\u00edas por el Gobierno Nacional, y en especial las que tienen que ver con la reestructuraci\u00f3n de empresas como ECOPETROL, el Seguro Social y el SENA, y de generar a trav\u00e9s de espacios democr\u00e1ticos, ideas y propuestas que tiendan al desarrollo y la protecci\u00f3n de lo publico en nuestra regi\u00f3n y en el Pa\u00eds, nos dimos a la tarea de evaluar cada una de las implicaciones que en nuestra opini\u00f3n, podr\u00edan tener estas medidas para Barrancabermeja y el pa\u00eds en general.<\/p>\n<p>En desarrollo de nuestra asamblea fuimos enterados de que la Administraci\u00f3n de ECOPETROL, entidad que fue convocada a participar en este ejercicio democr\u00e1tico, decidi\u00f3 hacer una convocatoria paralela en la casa de hu\u00e9spedes de ECOPETROL invitando a participar a algunos invitados a nuestra asamblea. No queremos pensar que tal situaci\u00f3n fue propiciada por ECOPETROL con el animo de evitar el normal desarrollo de nuestro evento.<\/p>\n<p>Entrando en la materia que nos convoco, observamos m\u00faltiples vac\u00edos e inconsistencias en el decreto que divide a ECOPETROL en 3 empresas, y que le cambia la naturaleza jur\u00eddica a ECOPETROL, de empresa industrial y comercial del Estado a Sociedad An\u00f3nima. De hecho la inquietud principal, de la que se desprenden las dem\u00e1s inquietudes, es si ECOPETROL sigue o no siendo una empresa de los colombianos, y al servicio de los intereses de los colombianos, o por lo contrario es un patrimonio nacional que sale al mercado accionario de los capitales privados nacionales e internacionales. Si bien es cierto, el decreto establece limitaciones para que la composici\u00f3n accionar\u00eda de la empresa en principio sea con capital del Estado, una sociedad an\u00f3nima esta sujeta a la legislaci\u00f3n interna que regula este tipo de sociedades, la cual a su vez faculta a la asamblea de accionistas de manera potestativa a decidir sobre la composici\u00f3n accionar\u00eda de la entidad, entonces hasta donde hay una garant\u00eda real de que ECOPETROL en el futuro no se convierta en una empresa de car\u00e1cter privado. De igual forma, nos llama la atenci\u00f3n el hecho de que el Gobierno ha manifestado p\u00fablicamente, que dicha modificaci\u00f3n en la naturaleza jur\u00eddica de ECOPETROL no implica cambios en el giro de sus negocios, en sus actividades, en su car\u00e1cter de estatal, en la situaci\u00f3n y el car\u00e1cter de los trabajadores, en sus contratos, entonces cual es el objeto de convertirla en una sociedad an\u00f3nima. Se dice que no se afectara la empresa desde el punto de vista econ\u00f3mico, pero se le substrae de la administraci\u00f3n del negocio que mas renta en la industria del petr\u00f3leo. Se afirma que los municipios y departamentos no se ver\u00e1n afectados en sus ingresos, producto de esta decisi\u00f3n gubernamental, pero salta a la luz el inminente marchitamiento de ECOPETROL que para el caso de Barrancabermeja significa la perdida de su din\u00e1mica econ\u00f3mica y social. Por otra parte, se indica que la medida adoptada permitir\u00e1 generaci\u00f3n de empleo y crecimiento de la ECOPETROL que conocemos, pero tambi\u00e9n se indica que su planta de personal debe reducirse en 1500 trabajadores, lo que no nos da lugar a entender de que forma se generara empleo.<\/p>\n<p>Nos parece que estamos frente a una situaci\u00f3n que trasciende las fronteras de lo estrictamente laboral. Que la discusi\u00f3n gira en torno a los intereses no de un grupo de trabajadores y sus reivindicaciones laborales, sino al conjunto de los intereses de todos los colombianos, en el entendido de que la industria petrolera es el patrimonio mas importante de la Naci\u00f3n. Y desde este punto de vista, las decisiones que pueda adoptar el Gobierno Nacional frente a este tema, deben recoger el sentir y el pensar democr\u00e1tico del pueblo, que en ultimas es el directo afectado, para que sea la fuerza del an\u00e1lisis colectivo, de la argumentaci\u00f3n, lo que nos permita defender efectivamente los intereses nacionales, y la construcci\u00f3n de una Colombia, prospera, Justa y democr\u00e1tica.<\/p>\n<p>No obstante se trato de avanzar en el an\u00e1lisis con base en el texto del decreto y las apreciaciones de varios de los participantes, consideramos que es necesario y urgente, abrir un espacio donde participen, adem\u00e1s de los asistentes a esta asamblea, miembros del Gobierno, de ECOPETROL y las dem\u00e1s empresas estatales incluidas en este proceso, como tambi\u00e9n los gremios y dem\u00e1s entidades que conforman las fuerzas vivas del Pa\u00eds y en especial del sector directamente afectado, con el prop\u00f3sito de aclarar, todos los aspectos que tienen que ver con el futuro de una empresa que hasta hoy ha sido la primera de los colombianos, la madre de Barrancabermeja y el motor econ\u00f3mico del pa\u00eds .<\/p>\n<p>Por las razones expuestas, esta Asamblea ha determinado:<\/p>\n<p>Elaborar un documento que recoja el desarrollo de la Asamblea.<\/p>\n<p>Adelantar la siguiente semana una Jornada Democr\u00e1tica por la Defensa de lo Publico.<\/p>\n<p>Los Congresistas asistentes redactaran un Documento en rechazo de lo que se ha denominado como una \u201cCampa\u00f1a Gradual de Privatizaci\u00f3n de las Empresas Estatales\u201d.<\/p>\n<p>Se coordinara la realizaci\u00f3n de un conversatorio con la participaci\u00f3n de los asistentes a esta Asamblea y con participaci\u00f3n del Gobierno Nacional y ECOPETROL. Se ha propuesto como fecha para su realizaci\u00f3n el pr\u00f3ximo martes 8 de Julio en Barrancabermeja, con una sesi\u00f3n preparatoria el pr\u00f3ximo jueves 3 de julio.<\/p>\n<p>Invitamos a todos los Sectores Sociales, Pol\u00edticos y Estatales a mantener un esp\u00edritu abierto al trabajo, al dialogo y la concertaci\u00f3n, pero firme en la lucha por el bien com\u00fan y a mantener vivo el movimiento social democr\u00e1tico por la defensa de lo p\u00fablico. Confiamos que se puedan dar los espacios y escenarios de encuentro con el gobierno que nos permitan encontrar las soluciones reales y apropiadas que requiere nuestro pa\u00eds.<\/p>\n<p>Barrancabermeja Junio 28 de 2003.<\/p>\n<p>CONGRESISTAS DE LA REPUBLICA DE COLOMBIA<br \/>\nGOBERNACI\u00d3N DE SANTANDER<br \/>\nCONCEJO MUNICIPAL DE BARRANCABERMEJA<br \/>\nDIOCESIS DE BARRANCABERMEJA<br \/>\nPROGRAMA DESARROLLO Y PAZ DEL MAGDALENA MEDIO<br \/>\nUNION SINDICAL OBRERA USO<br \/>\nCUT<br \/>\nCGTD<br \/>\nCTC<br \/>\nDEFENSORIA DEL PUEBLO<br \/>\nESPACIO DE TRABAJADORES Y TRABAJADORAS DE DERECHOS HUMANOS<br \/>\nORGANIZACI\u00d3N FEMENINA POPULAR<br \/>\nCREDHOS<br \/>\nANTHOC<br \/>\nASOCIACION CAMPESINA DEL VALLE DEL RIO CIMITARRA<br \/>\nASOCIACION DE PENSIONADOS DE ECOPETROL<br \/>\nASEM<br \/>\nMUJERES UNIDAS POR LA DEFENSA DE ECOPETROL, LA USO Y BARRANCABERMEJA MUDEUB<br \/>\nPARTIDO DEL TRABAJO DE COLOMBIA P T C<br \/>\nSINALTRAINAL<br \/>\nSINTRAINQUIGAS<br \/>\nSINTRAEMSDES NACIONAL<br \/>\nSINDESS<br \/>\nSINDESENA<br \/>\nHOCAR<\/p>\n","protected":false},"excerpt":{"rendered":"<p>Con la participaci\u00f3n de la Di\u00f3cesis de Barrancabermeja, la Gobernaci\u00f3n de Santander, el Concejo Municipal de Barrancabermeja, el PDPMM, la USO, la Defensoria del Pueblo, CREDHOS, la UNEB, SINDESENA, el PTC, SINDES, SINTRAENDES, la CUT, la CGTD, la CTC, la OFP, ANTHOC, SINTRAINQUIGAS, HOCAR, SINALTRAINAL, ACVC, MUDEUB, La Comisi\u00f3n C\u00edvica de Convivencia Ciudadana, ASEM, el [&hellip;]<\/p>\n","protected":false},"author":1,"featured_media":0,"comment_status":"open","ping_status":"open","sticky":false,"template":"","format":"standard","meta":{"advanced_seo_description":"","jetpack_seo_html_title":"","jetpack_seo_noindex":false,"_jetpack_memberships_contains_paid_content":false,"footnotes":""},"categories":[7],"tags":[],"class_list":["post-527","post","type-post","status-publish","format-standard","hentry","category-pronunciamientos-de-organizaciones-sociales"],"jetpack_featured_media_url":"","jetpack-related-posts":[{"id":7226,"url":"https:\/\/moir.com.co\/web\/contra-la-tercerizacion-de-los-servicios-de-salud-en-barrancabermeja\/","url_meta":{"origin":527,"position":0},"title":"Contra la tercerizaci\u00f3n de los servicios de salud en Barrancabermeja","author":"admin","date":"febrero 7, 2013","format":false,"excerpt":"Doctor ELKIN DAVID BUENO ALTAHONA Alcalde Municipal Barrancabermeja Distinguido se\u00f1or alcalde: Desde el a\u00f1o pasado por distintos medios, he solicitado una reuni\u00f3n con usted, en calidad de diputado de la asamblea departamental de Santander. Como se sabe no practico la costumbre de relacionar temas personales con los correspondientes a su\u2026","rel":"","context":"En \u00abPolo Democr\u00e1tico Alternativo\u00bb","block_context":{"text":"Polo Democr\u00e1tico Alternativo","link":"https:\/\/moir.com.co\/web\/category\/polo-democratico-alternativo\/"},"img":{"alt_text":"","src":"","width":0,"height":0},"classes":[]},{"id":12575,"url":"https:\/\/moir.com.co\/web\/encuentro-por-la-verdad-para-escuchar-a-la-gente-de-barrancabermeja-y-el-magdalena-medio\/","url_meta":{"origin":527,"position":1},"title":"Encuentro Por la Verdad para escuchar a la gente de Barrancabermeja y el Magdalena Medio","author":"admin","date":"mayo 31, 2017","format":false,"excerpt":"Barrancabermeja, mayo 17 y 18 de 2017 El senador y candidato presidencial por el Polo Democr\u00e1tico Alternativo, Jorge Enrique Robledo, estuvo en Barrancabermeja el pasado 17 y 18 de mayo acompa\u00f1ando la Gran Movilizaci\u00f3n de los barranque\u00f1os por la Modernizaci\u00f3n de la Refiner\u00eda y desarrollando la Audencia Ciudadana \u201cEncuentro por\u2026","rel":"","context":"En \u00abEconom\u00eda\u00bb","block_context":{"text":"Econom\u00eda","link":"https:\/\/moir.com.co\/web\/category\/temas\/economia\/"},"img":{"alt_text":"","src":"https:\/\/i0.wp.com\/moir.com.co\/web\/wp-content\/uploads\/2017\/05\/robledobarrancaaudiencia.png?fit=512%2C296&ssl=1&resize=350%2C200","width":350,"height":200},"classes":[]},{"id":3496,"url":"https:\/\/moir.com.co\/web\/el-maestro-gaviria-en-barrancabermeja\/","url_meta":{"origin":527,"position":2},"title":"EL MAESTRO GAVIRIA EN BARRANCABERMEJA","author":"admin","date":"septiembre 3, 2009","format":false,"excerpt":"En desarrollo de la gira nacional que lo ha llevado a catorce departamentos, el precandidato del Polo Democr\u00e1tico, Carlos Gaviria D\u00edaz, visitar\u00e1 ma\u00f1ana a Barrancabermeja, capital petrolera de Colombia. La siguiente es la agenda de la gira: Barrancabermeja, 9 de septiembre: 12 y media del d\u00eda, llegada al aeropuerto Yarigu\u00edes.\u2026","rel":"","context":"En \u00abPolo Democr\u00e1tico Alternativo\u00bb","block_context":{"text":"Polo Democr\u00e1tico Alternativo","link":"https:\/\/moir.com.co\/web\/category\/polo-democratico-alternativo\/"},"img":{"alt_text":"","src":"","width":0,"height":0},"classes":[]},{"id":13653,"url":"https:\/\/moir.com.co\/web\/el-polo-apoya-el-paro-civico-por-modernizacion-de-refineria-de-barrancabermeja\/","url_meta":{"origin":527,"position":3},"title":"El Polo apoya el paro c\u00edvico por modernizaci\u00f3n de Refiner\u00eda de Barrancabermeja","author":"admin","date":"octubre 27, 2017","format":false,"excerpt":"Bogot\u00e1, octubre 27 de 2017 El Polo Democr\u00e1tico Alternativo apoya el paro c\u00edvico del pueblo barramejo, que reclama que el Gobierno de Juan Manuel Santos y Ecopetrol, cumplan con la modernizaci\u00f3n de la Refiner\u00eda de Barrancabermeja. La decisi\u00f3n de paro c\u00edvico es el resultado del cabildo abierto convocado por el\u2026","rel":"","context":"En \u00abEconom\u00eda\u00bb","block_context":{"text":"Econom\u00eda","link":"https:\/\/moir.com.co\/web\/category\/temas\/economia\/"},"img":{"alt_text":"","src":"https:\/\/i0.wp.com\/moir.com.co\/web\/wp-content\/uploads\/2017\/10\/refineriaBarrancabermeja.jpeg?fit=665%2C333&ssl=1&resize=350%2C200","width":350,"height":200,"srcset":"https:\/\/i0.wp.com\/moir.com.co\/web\/wp-content\/uploads\/2017\/10\/refineriaBarrancabermeja.jpeg?fit=665%2C333&ssl=1&resize=350%2C200 1x, https:\/\/i0.wp.com\/moir.com.co\/web\/wp-content\/uploads\/2017\/10\/refineriaBarrancabermeja.jpeg?fit=665%2C333&ssl=1&resize=525%2C300 1.5x"},"classes":[]},{"id":8046,"url":"https:\/\/moir.com.co\/web\/polo-le-retira-respaldo-al-alcalde-de-barrancabermeja\/","url_meta":{"origin":527,"position":4},"title":"POLO le retira respaldo al alcalde de Barrancabermeja","author":"admin","date":"noviembre 8, 2013","format":false,"excerpt":"Doctor ELKIN BUENO ALTAHONA Alcalde Municipal Barrancabermeja Se\u00f1or Alcalde: El Polo Democr\u00e1tico Alternativo, a trav\u00e9s de su Coordinaci\u00f3n en esta ciudad, apoy\u00f3 su candidatura a la alcald\u00eda sobre la base de un acuerdo program\u00e1tico que contiene una serie de disposiciones p\u00fablicas conducentes a promover un gobierno local democr\u00e1tico, incluyente e\u2026","rel":"","context":"En \u00abPolo Democr\u00e1tico Alternativo\u00bb","block_context":{"text":"Polo Democr\u00e1tico Alternativo","link":"https:\/\/moir.com.co\/web\/category\/polo-democratico-alternativo\/"},"img":{"alt_text":"","src":"","width":0,"height":0},"classes":[]},{"id":10860,"url":"https:\/\/moir.com.co\/web\/diputado-roberto-schmalbach-en-la-uis-barrancabermeja-hablando-sobre-la-nefasta-reforma-tributaria\/","url_meta":{"origin":527,"position":5},"title":"Diputado Roberto Schmalbach en la UIS-Barrancabermeja hablando sobre la nefasta Reforma Tributaria","author":"admin","date":"noviembre 3, 2016","format":false,"excerpt":"Oficina de prensa del diputado del Polo Roberto Schmalbach, Bucaramanga, noviembre 2 de 2016 Viernes 4 de Noviembre a las 3 p.m. El Diputado del Polo, Roberto Schmalbach, estar\u00e1 este viernes 4 de Noviembre a las 3 p.m., en el Auditorio de la Biblioteca Alejandro Galvis Galvis de la UIS-Barrancabermeja\u2026","rel":"","context":"En \u00abEconom\u00eda\u00bb","block_context":{"text":"Econom\u00eda","link":"https:\/\/moir.com.co\/web\/category\/temas\/economia\/"},"img":{"alt_text":"","src":"https:\/\/i0.wp.com\/moir.com.co\/web\/wp-content\/uploads\/2016\/11\/robertoschmalbachconferencia.png?fit=401%2C336&ssl=1&resize=350%2C200","width":350,"height":200},"classes":[]}],"jetpack_sharing_enabled":true,"_links":{"self":[{"href":"https:\/\/moir.com.co\/web\/wp-json\/wp\/v2\/posts\/527","targetHints":{"allow":["GET"]}}],"collection":[{"href":"https:\/\/moir.com.co\/web\/wp-json\/wp\/v2\/posts"}],"about":[{"href":"https:\/\/moir.com.co\/web\/wp-json\/wp\/v2\/types\/post"}],"author":[{"embeddable":true,"href":"https:\/\/moir.com.co\/web\/wp-json\/wp\/v2\/users\/1"}],"replies":[{"embeddable":true,"href":"https:\/\/moir.com.co\/web\/wp-json\/wp\/v2\/comments?post=527"}],"version-history":[{"count":0,"href":"https:\/\/moir.com.co\/web\/wp-json\/wp\/v2\/posts\/527\/revisions"}],"wp:attachment":[{"href":"https:\/\/moir.com.co\/web\/wp-json\/wp\/v2\/media?parent=527"}],"wp:term":[{"taxonomy":"category","embeddable":true,"href":"https:\/\/moir.com.co\/web\/wp-json\/wp\/v2\/categories?post=527"},{"taxonomy":"post_tag","embeddable":true,"href":"https:\/\/moir.com.co\/web\/wp-json\/wp\/v2\/tags?post=527"}],"curies":[{"name":"wp","href":"https:\/\/api.w.org\/{rel}","templated":true}]}}