{"id":526,"date":"2004-08-10T07:00:00","date_gmt":"2004-08-10T07:00:00","guid":{"rendered":"https:\/\/moir.org.co\/web\/nueva-accion-de-protesta\/"},"modified":"2004-08-10T07:00:00","modified_gmt":"2004-08-10T07:00:00","slug":"nueva-accion-de-protesta","status":"publish","type":"post","link":"https:\/\/moir.com.co\/web\/nueva-accion-de-protesta\/","title":{"rendered":"NUEVA ACCI\u00d3N DE PROTESTA"},"content":{"rendered":"<p>CUT-CGTD-CTC-CPC, junio 20 de 2003<\/p>\n<p>Respetados compa\u00f1eros:<\/p>\n<p>Primero queremos felicitarlos por el \u00e9xito del Paro Nacional Estatal y la extraordinaria movilizaci\u00f3n del 19 de junio, que demuestra el compromiso de seguir salvaguardando el patrimonio nacional y los derechos de los trabajadores, en especial, el derecho al trabajo.<\/p>\n<p>La OIT en el Consejo de Administraci\u00f3n, por mayor\u00eda de los representantes de los empresarios y los gobiernos, derrot\u00f3 la propuesta de los trabajadores de que se constituyera una Comisi\u00f3n de Encuesta para Colombia. Esta determinaci\u00f3n no significa que en Colombia no hay violaci\u00f3n a libertad sindical, al derecho de asociaci\u00f3n y a los derechos humanos de los sindicalistas, por el contrario, prim\u00f3 en dicho Consejo una decisi\u00f3n pol\u00edtica promovida por el gobierno de los Estados Unidos de respaldar a su m\u00e1s obsecuente servidor en Am\u00e9rica Latina como es el Gobierno de Uribe. Con el Referendo, los decretos de reestructuraci\u00f3n del Estado, el proyecto de ley antiterrorista y la posici\u00f3n arrogante y prepotente de este gobierno, que le ordena a la fuerza p\u00fablica agredir a las movilizaciones sociales, se incrementar\u00e1n dichas violaciones. Denuncias y reclamos que seguiremos haciendo, tanto a nivel nacional como internacional.<\/p>\n<p>El balance del Congreso que se cerr\u00f3 hoy, demuestra que no legislaron para el pueblo que los eligi\u00f3, sino para el Fondo Monetario Internacional y su pol\u00edtica neoliberal. Las medidas tomadas lesionan los intereses de los trabajadores y del pueblo en general, como el Plan Nacional de Desarrollo, la Reforma Pol\u00edtica y el Estatuto Antiterrorista, entre otros.<\/p>\n<p>Finalmente, prevenimos y alertamos a todo el movimiento obrero sobre la expedici\u00f3n de los decretos de reestructuraci\u00f3n del Estado, que privatiza el patrimonio p\u00fablico y elimina, por lo menos, 40 mil puestos de trabajo. Por lo anterior, el Comando Nacional Unitario llama a realizar una GRAN MOVILIZACI\u00d3N, en todo el pa\u00eds, el 25 de junio de 2003. Que todos los trabajadores salgan con su familia a defender el patrimonio de los colombianos.<\/p>\n<p>Adicionalmente, se acord\u00f3 respaldar y participar en la audiencia p\u00fablica convocada por Funtraenerg\u00e9tica, en la Plaza de Bol\u00edvar para el d\u00eda 25 de junio de 2003, de 2:00 a 5:00 p.m., para defender el patrimonio p\u00fablico y los recursos naturales, a la vez denunciar la violaci\u00f3n a los derechos humanos. Igualmente, respaldamos LA CARAVANA NACIONAL de los trabajadores de TELECOM que se re\u00fane ese d\u00eda en Bogot\u00e1.<\/p>\n<p>La movilizaci\u00f3n en Bogot\u00e1, ser\u00e1 a partir de las 4:00 p.m., saliendo de la Plaza de Toros hacia la Plazoleta de Telecom. y luego a la Plaza de Bol\u00edvar y en todas la ciudades capitales acciones de movilizaci\u00f3n similares a las realizadas el 19 de junio de 2003.<\/p>\n<p>Atentamente,<\/p>\n<p>CUT-CGTD-CTC-CPC<\/p>\n<p>COMANDO NACIONAL UNITARIO<\/p>\n","protected":false},"excerpt":{"rendered":"<p>CUT-CGTD-CTC-CPC, junio 20 de 2003 Respetados compa\u00f1eros: Primero queremos felicitarlos por el \u00e9xito del Paro Nacional Estatal y la extraordinaria movilizaci\u00f3n del 19 de junio, que demuestra el compromiso de seguir salvaguardando el patrimonio nacional y los derechos de los trabajadores, en especial, el derecho al trabajo. La OIT en el Consejo de Administraci\u00f3n, por [&hellip;]<\/p>\n","protected":false},"author":1,"featured_media":0,"comment_status":"open","ping_status":"open","sticky":false,"template":"","format":"standard","meta":{"advanced_seo_description":"","jetpack_seo_html_title":"","jetpack_seo_noindex":false,"_jetpack_memberships_contains_paid_content":false,"footnotes":""},"categories":[7],"tags":[],"class_list":["post-526","post","type-post","status-publish","format-standard","hentry","category-pronunciamientos-de-organizaciones-sociales"],"jetpack_featured_media_url":"","jetpack-related-posts":[{"id":9051,"url":"https:\/\/moir.com.co\/web\/la-uten-cgt-representa-el-sindicalismo-patronal-empresarial\/","url_meta":{"origin":526,"position":0},"title":"La UTEN-CGT representa el sindicalismo patronal-empresarial","author":"admin","date":"enero 30, 2015","format":false,"excerpt":"Aprop\u00f3sito del comunicado de la CGT Sobre supuesto matoneo de la USO a UTEN, tenemos que decir: \u00bfMatoneo de qui\u00e9n a qui\u00e9n? Lamentable que una Central Sindical, como la CGT que se asume debe defender los derechos de los trabajadores, hoy est\u00e9 acolitando en Colombia el sindicalismo empresarial de su\u2026","rel":"","context":"En \u00abPronunciamientos de Organizaciones Sociales\u00bb","block_context":{"text":"Pronunciamientos de Organizaciones Sociales","link":"https:\/\/moir.com.co\/web\/category\/pronunciamientos-de-organizaciones-sociales\/"},"img":{"alt_text":"","src":"","width":0,"height":0},"classes":[]},{"id":5823,"url":"https:\/\/moir.com.co\/web\/la-cut-la-ctc-y-la-afl-cio-mantienen-su-batallar-contra-el-tlc-con-estados-unidos\/","url_meta":{"origin":526,"position":1},"title":"La CUT, la CTC y la AFL-CIO mantienen su batallar contra el TLC con  Estados Unidos","author":"admin","date":"agosto 4, 2011","format":false,"excerpt":"\u201cLa campa\u00f1a contra el TLC adelantada a mediados de junio pasado en Washington por la CUT, la CTC, la AFL-CIO y otras organizaciones sociales norteamericanas y lo sucedido en la V reuni\u00f3n del Consejo Directivo de la CSA en Rio de Janeiro el 28, 29 y 30 de junio, nos\u2026","rel":"","context":"En \u00abPronunciamientos de Organizaciones Sociales\u00bb","block_context":{"text":"Pronunciamientos de Organizaciones Sociales","link":"https:\/\/moir.com.co\/web\/category\/pronunciamientos-de-organizaciones-sociales\/"},"img":{"alt_text":"","src":"","width":0,"height":0},"classes":[]},{"id":4467,"url":"https:\/\/moir.com.co\/web\/la-csi-responde-al-comunicado-de-prensa-emitido-por-el-ministerio-del-interior-de-colombia-en-relacion-con-su-informe-publicado-el-9-de-junio-de-2010\/","url_meta":{"origin":526,"position":2},"title":"La CSI responde al comunicado de prensa emitido por el Ministerio del Interior de Colombia en relaci\u00f3n con su Informe publicado el 9 de junio de 2010","author":"admin","date":"junio 11, 2010","format":false,"excerpt":"El Informe mundial de la CSI sobre derechos humanos y sindicales tiene por objeto presentar un panorama de las violaciones m\u00e1s significativas en 140 pa\u00edses del mundo, y en ning\u00fan caso busca desprestigiar a gobierno alguno, por el contrario buscamos llamar la atenci\u00f3n, para que las situaciones en que se\u2026","rel":"","context":"En \u00abPronunciamientos de Organizaciones Sociales\u00bb","block_context":{"text":"Pronunciamientos de Organizaciones Sociales","link":"https:\/\/moir.com.co\/web\/category\/pronunciamientos-de-organizaciones-sociales\/"},"img":{"alt_text":"","src":"","width":0,"height":0},"classes":[]},{"id":2388,"url":"https:\/\/moir.com.co\/web\/senador-robledo-respalda-la-marcha-de-los-sindicalistas\/","url_meta":{"origin":526,"position":3},"title":"SENADOR ROBLEDO RESPALDA LA MARCHA DE LOS SINDICALISTAS","author":"admin","date":"junio 17, 2008","format":false,"excerpt":"Oficina de Prensa Senador Jorge Enrique Robledo, Bogot\u00e1, 17 de junio de 2008 El senador Jorge Enrique Robledo, del Polo Democr\u00e1tico Alternativo, dio pleno respaldo a la Marcha por la Vida, la Paz y la Libertad Sindical que arribar\u00e1 ma\u00f1ana mi\u00e9rcoles 18 de junio a la capital de la Rep\u00fablica.\u2026","rel":"","context":"En \u00abJorge Enrique Robledo\u00bb","block_context":{"text":"Jorge Enrique Robledo","link":"https:\/\/moir.com.co\/web\/category\/jorge-enrique-robledo\/"},"img":{"alt_text":"","src":"","width":0,"height":0},"classes":[]},{"id":3245,"url":"https:\/\/moir.com.co\/web\/importantes-sindicatos-del-canada-apoyan-a-robledo-y-expresan-inquietud-por-su-seguridad\/","url_meta":{"origin":526,"position":4},"title":"IMPORTANTES SINDICATOS DEL CANAD\u00c1 APOYAN A ROBLEDO Y EXPRESAN INQUIETUD POR SU SEGURIDAD","author":"admin","date":"junio 24, 2009","format":false,"excerpt":"Cuatro importantes sindicatos del Canad\u00e1, que agrupan a m\u00e1s de un mill\u00f3n de trabajadores del Estado, elevaron sus voces de protesta contra el gobierno del presidente Uribe V\u00e9lez por los injustos cargos que se han hecho a Jorge Enrique Robledo, acusado de mantener \u201cpresuntos v\u00ednculos con grupos ilegales\u201d, y expresaron\u2026","rel":"","context":"En \u00abJorge Enrique Robledo\u00bb","block_context":{"text":"Jorge Enrique Robledo","link":"https:\/\/moir.com.co\/web\/category\/jorge-enrique-robledo\/"},"img":{"alt_text":"","src":"","width":0,"height":0},"classes":[]},{"id":5776,"url":"https:\/\/moir.com.co\/web\/v-reunion-del-consejo-ejecutivo-de-la-csa-reafirma-la-lucha-contra-los-tlc\/","url_meta":{"origin":526,"position":5},"title":"V Reuni\u00f3n del Consejo Ejecutivo de la CSA, Reafirma la lucha contra los TLC.","author":"admin","date":"julio 14, 2011","format":false,"excerpt":"Los d\u00edas 28, 29 y 30 de junio pasado sesion\u00f3 en Rio de Janeiro, la V Reuni\u00f3n del Consejo Ejecutivo de la Confederaci\u00f3n Sindical de Am\u00e9rica, evento en el cual se abordaron temas de gran importancia como la actual coyuntura mundial, aspectos de funcionamiento interno, preparaci\u00f3n del II Congreso para\u2026","rel":"","context":"En \u00abPronunciamientos de Organizaciones Sociales\u00bb","block_context":{"text":"Pronunciamientos de Organizaciones Sociales","link":"https:\/\/moir.com.co\/web\/category\/pronunciamientos-de-organizaciones-sociales\/"},"img":{"alt_text":"","src":"","width":0,"height":0},"classes":[]}],"jetpack_sharing_enabled":true,"_links":{"self":[{"href":"https:\/\/moir.com.co\/web\/wp-json\/wp\/v2\/posts\/526","targetHints":{"allow":["GET"]}}],"collection":[{"href":"https:\/\/moir.com.co\/web\/wp-json\/wp\/v2\/posts"}],"about":[{"href":"https:\/\/moir.com.co\/web\/wp-json\/wp\/v2\/types\/post"}],"author":[{"embeddable":true,"href":"https:\/\/moir.com.co\/web\/wp-json\/wp\/v2\/users\/1"}],"replies":[{"embeddable":true,"href":"https:\/\/moir.com.co\/web\/wp-json\/wp\/v2\/comments?post=526"}],"version-history":[{"count":0,"href":"https:\/\/moir.com.co\/web\/wp-json\/wp\/v2\/posts\/526\/revisions"}],"wp:attachment":[{"href":"https:\/\/moir.com.co\/web\/wp-json\/wp\/v2\/media?parent=526"}],"wp:term":[{"taxonomy":"category","embeddable":true,"href":"https:\/\/moir.com.co\/web\/wp-json\/wp\/v2\/categories?post=526"},{"taxonomy":"post_tag","embeddable":true,"href":"https:\/\/moir.com.co\/web\/wp-json\/wp\/v2\/tags?post=526"}],"curies":[{"name":"wp","href":"https:\/\/api.w.org\/{rel}","templated":true}]}}