{"id":525,"date":"2004-08-10T07:00:00","date_gmt":"2004-08-10T07:00:00","guid":{"rendered":"https:\/\/moir.org.co\/web\/que-la-alcaldesa-no-le-mienta-a-los-ciudadanos-y-los-responsables-del-crimen-respondan-por-sus-actos-ante-la-justicia\/"},"modified":"2004-08-10T07:00:00","modified_gmt":"2004-08-10T07:00:00","slug":"que-la-alcaldesa-no-le-mienta-a-los-ciudadanos-y-los-responsables-del-crimen-respondan-por-sus-actos-ante-la-justicia","status":"publish","type":"post","link":"https:\/\/moir.com.co\/web\/que-la-alcaldesa-no-le-mienta-a-los-ciudadanos-y-los-responsables-del-crimen-respondan-por-sus-actos-ante-la-justicia\/","title":{"rendered":"QUE LA ALCALDESA NO LE MIENTA A LOS CIUDADANOS Y LOS RESPONSABLES DEL CRIMEN RESPONDAN POR SUS ACTOS ANTE LA JUSTICIA"},"content":{"rendered":"<p>Comit\u00e9 de Vendedores Ambulantes de Pereira, Pereira, junio 25 de 2003<\/p>\n<p>John Alirio Carmona, padre de tres peque\u00f1os ni\u00f1os y laborioso vendedor informal de artesan\u00edas, falleci\u00f3 el d\u00eda de ayer en el Hospital Universitario San Jorge, en las horas de la madrugada, a consecuencia de un severo trauma en regi\u00f3n cervical, que en principio lo hab\u00eda dejado cuadripl\u00e9jico, producida el pasado viernes mientras se encontraba bajo la custodia de la polic\u00eda nacional.<\/p>\n<p>El viernes pasado a eso de las cinco y media de la tarde, en la calle 18 con carrera 6\u00aa, John Alirio fue conminado por el agente de la polic\u00eda de apellido Gonz\u00e1lez, identificado con la placa 98630, a subir a uno de los veh\u00edculos dispuestos por la alcald\u00eda municipal para los operativos que adelantan a diario en las calles c\u00e9ntricas de Pereira los esbirros del ya tristemente c\u00e9lebre HERNAN BARRAG\u00c1N, pertenecientes a una banda de matones denominada \u201cFundaci\u00f3n Ecol\u00f3gica Universal\u201d, quienes desde el mes de noviembre, por contrato y bajo las ordenes y el amparo de la secretaria de gobierno municipal Martha Cecilia Correa, se han convertido en los amos y se\u00f1ores del espacio p\u00fablico. Permanentemente atropellan a los miles de ciudadanos que a diario consiguen el sustento para sus familias con la venta de mercanc\u00edas, dentro de la econom\u00eda informal que crece incontenible a lo largo y ancho del pa\u00eds, como \u00fanica opci\u00f3n de supervivencia para quienes han sido marginados de la formalidad del empleo como consecuencia de la ruina de las empresas del campo y la ciudad, o v\u00edctimas de los despidos del sector estatal, ambos fen\u00f3menos generados por la pol\u00edticas de los anteriores gobiernos y que el actual de \u00c1lvaro Uribe V\u00e9lez en su actitud antinacional se empecina en continuar.<\/p>\n<p>La gravedad del contexto en que se dieron los hechos no puede ser ocultada por las explicaciones ligeras y mendaces ofrecidas en rueda de prensa y en declaraciones a los medios por la alcaldesa Martha Elena Bedoya y su secretaria de gobierno, ni la soluci\u00f3n a este truculento episodio puede surgir de \u201ctomar los correctivos para evitar que se repitan los accidentes\u201d como el que seg\u00f3 la vida del vendedor ambulante. Tendr\u00e1n que responder ante la justicia todos los comprometidos con este execrable crimen, incluidos quienes bajo una concepci\u00f3n autoritaria del ejercicio del poder, que se asimila al fascismo, promueven, provocan, cohonestan o toleran tan abominables pr\u00e1cticas. Veamos.<\/p>\n<p>El martes 17 de junio, en desarrollo de un operativo similar, fue detenido John Alirio y su mercanc\u00eda decomisada. Fue el cuarto decomiso que le hicieron en lo corrido del a\u00f1o y fue privado de la libertad hasta el d\u00eda siguiente, cuando, previa golpiza se le puso en libertad advirti\u00e9ndole que tenia que \u201cirse de Pereira\u201d. El viernes, cuando fue aprehendido por la polic\u00eda, no estaba comercializando ning\u00fan tipo de mercanc\u00eda, se encontraba leyendo un libro en la calle donde trabajan los vendedores del comercio informal de artesan\u00edas. Es m\u00e1s, no s\u00f3lo no se le incaut\u00f3 mercader\u00eda alguna, sino que se impidi\u00f3 que otros artesanos a quienes s\u00ed se les decomis\u00f3 mercanc\u00edas se subieran al veh\u00edculo para acompa\u00f1ar sus pertenencias hasta la bodega. Para los presentes, dispuestos a declarar en los estrados judiciales, fue clara la intenci\u00f3n manifiesta de llevarse a John Alirio sin la compa\u00f1\u00eda de otros vendedores. Como si fuera poco, la consabida golpiza, que concluy\u00f3 cuando le arrojaron un pesado objeto y John Alirio perdi\u00f3 la movilidad de sus miembros, se inici\u00f3 tan pronto fue detenido dentro del cami\u00f3n, lo cual puede demostrarse con testimonios no s\u00f3lo de otros vendedores ambulantes sino de vecinos del sector que presenciaron los acontecimientos.<\/p>\n<p>De manera que los hechos no se dieron como lo relatan los verdugos de John Alirio en su informe y que la alcaldesa Martha Elena Bedoya aval\u00f3 y valid\u00f3 ante los pereiranos en declaraciones de prensa. Menci\u00f3n aparte amerita el colof\u00f3n con el que la alcaldesa cerro su declaraci\u00f3n cuando dijo, despu\u00e9s de calificar como \u201clamentable el hecho\u201d, que John Alirio \u201cera un rebelde a quien se le hab\u00eda decomisado mercanc\u00eda en cuatro oportunidades y no hab\u00eda querido ingresar a los bazares\u201d. Esta afirmaci\u00f3n, que suena m\u00e1s a una oprobiosa justificaci\u00f3n que a cualquier otra cosa, tambi\u00e9n contiene otra mentira pues John Alirio se hab\u00eda vinculado al bazar \u201cCalle Real\u201d, el cual tuvo que abandonar ante su fracaso.<\/p>\n<p>Hemos acudido al Defensor Nacional del Pueblo, Dr. Eduardo Cifuentes, antes de que sucedieran los luctuosos hechos que hoy repudiamos y denunciamos, ante la indiferencia y pasividad de las autoridades y funcionarios de los organismos de control a los que hemos llegado con nuestras quejas y demandas. Ninguna de nuestras gestiones ha servido para que se detenga la brutal persecuci\u00f3n en nuestra contra, los ataques con armas contundentes y cortopunzantes indiscriminadamente a hombres y mujeres, por parte de los mal llamados \u201cfuncionarios del espacio p\u00fablico\u201d y el robo de nuestros escasos medios de trabajo.<\/p>\n<p>Nos mantenemos en la exigencia de la b\u00fasqueda negociada de una soluci\u00f3n adecuada al problema social en que nos encontramos inmersos como consecuencia de la situaci\u00f3n econ\u00f3mica general del pa\u00eds y de la pol\u00edtica de despeje del espacio p\u00fablico puesta en marcha por la administraci\u00f3n municipal. Hemos presentado un pliego de peticiones y nombrado una comisi\u00f3n negociadora y ambos han sido burlados por la secretaria de gobierno, Martha Cecilia Correa, quien considera que no tenemos derechos y que nuestro \u00fanico deber es obedecer ciegamente sus dictatoriales medidas, espoleados por la acci\u00f3n brutal de la horda de matones a su servicio.<\/p>\n<p>Invitamos a todas las organizaciones sindicales y sociales, al igual que a la comunidad en general, a repudiar tan brutales procedimientos y a pronunciarse al respecto.<\/p>\n<p>Manifestamos a la humilde y honorable familia de John Alirio, a su se\u00f1ora madre, a sus hermanos, a sus hijos y a su compa\u00f1era, al igual que a sus amigos y compa\u00f1eros de labores, nuestras m\u00e1s sentidas condolencias y solidaridad en estos dif\u00edciles momentos, a quienes les hacemos p\u00fablica nuestra voluntad de llevar a cabo todas las diligencias y acciones que sean necesarias para que este crimen no quede impune y los responsables no s\u00f3lo paguen por su delito sino que los deudos sean resarcidos materialmente como corresponde.<\/p>\n","protected":false},"excerpt":{"rendered":"<p>Comit\u00e9 de Vendedores Ambulantes de Pereira, Pereira, junio 25 de 2003 John Alirio Carmona, padre de tres peque\u00f1os ni\u00f1os y laborioso vendedor informal de artesan\u00edas, falleci\u00f3 el d\u00eda de ayer en el Hospital Universitario San Jorge, en las horas de la madrugada, a consecuencia de un severo trauma en regi\u00f3n cervical, que en principio lo [&hellip;]<\/p>\n","protected":false},"author":1,"featured_media":0,"comment_status":"open","ping_status":"open","sticky":false,"template":"","format":"standard","meta":{"advanced_seo_description":"","jetpack_seo_html_title":"","jetpack_seo_noindex":false,"_jetpack_memberships_contains_paid_content":false,"footnotes":""},"categories":[7],"tags":[],"class_list":["post-525","post","type-post","status-publish","format-standard","hentry","category-pronunciamientos-de-organizaciones-sociales"],"jetpack_featured_media_url":"","jetpack-related-posts":[{"id":19749,"url":"https:\/\/moir.com.co\/web\/en-la-calle-trabajaremos-en-la-calle-nos-quedamos\/","url_meta":{"origin":525,"position":0},"title":"\u00abEN LA CALLE TRABAJAREMOS EN LA CALLE NOS QUEDAMOS\u00bb","author":"admin","date":"agosto 9, 2004","format":false,"excerpt":"Por Albeiro Osorio Vargas S\u00f3lo fue que en enero de 2001 le dieran posesi\u00f3n como alcaldesa a la se\u00f1orita Martha Elena Bedoya, ficha pol\u00edtica de la senadora uribista Mar\u00eda Isabel Mej\u00eda, para que se iniciara la m\u00e1s violenta persecuci\u00f3n contra los vendedores ambulantes de Pereira. Arranc\u00f3 la ofensiva con perros\u2026","rel":"","context":"En \u00abTribuna Roja N\u00ba 92, agosto 6 de 2003\u00bb","block_context":{"text":"Tribuna Roja N\u00ba 92, agosto 6 de 2003","link":"https:\/\/moir.com.co\/web\/category\/tribuna-roja\/ediciones-2000-2004\/tribuna-roja-no-92-agosto-6-de-2003\/"},"img":{"alt_text":"","src":"","width":0,"height":0},"classes":[]},{"id":1286,"url":"https:\/\/moir.com.co\/web\/impunidad-impunidad-impunidad-caso-risaralda\/","url_meta":{"origin":525,"position":1},"title":"IMPUNIDAD, IMPUNIDAD, IMPUNIDAD. CASO RISARALDA","author":"admin","date":"octubre 7, 2005","format":false,"excerpt":"El ind\u00edgena Marco Antonio Soto muri\u00f3 en el paraje Remolinos del municipio de Bel\u00e9n de Umbr\u00eda en Risaralda el d\u00eda lunes 10 de octubre de 2005 como consecuencia de un paro respiratorio, propiciado por el diluvio de gases lacrim\u00f3genos con que los escuadrones ESMAD de la Polic\u00eda Nacional reprimieron a\u2026","rel":"","context":"En \u00abTemas\u00bb","block_context":{"text":"Temas","link":"https:\/\/moir.com.co\/web\/category\/temas\/"},"img":{"alt_text":"","src":"","width":0,"height":0},"classes":[]},{"id":460,"url":"https:\/\/moir.com.co\/web\/por-el-derecho-al-trabajo-que-cese-el-acoso-y-la-represion-contra-los-vendedores-informales\/","url_meta":{"origin":525,"position":2},"title":"\u00a1POR EL DERECHO AL TRABAJO!  QUE CESE EL ACOSO Y LA REPRESI\u00d3N CONTRA LOS VENDEDORES INFORMALES","author":"admin","date":"agosto 9, 2004","format":false,"excerpt":"Organizaciones Sindicales de Risaralda, Pereira; diciembre 12 de 2002 Desde la madrugada del s\u00e1bado 30 de noviembre se vienen adelantando operativos policiales en contra de los vendedores informales del centro de la ciudad. Ello como resultado de las \u00f3rdenes impartidas por la administraci\u00f3n municipal, al vencer el plazo establecido en\u2026","rel":"","context":"En \u00abPronunciamientos de Organizaciones Sociales\u00bb","block_context":{"text":"Pronunciamientos de Organizaciones Sociales","link":"https:\/\/moir.com.co\/web\/category\/pronunciamientos-de-organizaciones-sociales\/"},"img":{"alt_text":"","src":"","width":0,"height":0},"classes":[]},{"id":314,"url":"https:\/\/moir.com.co\/web\/el-odio-por-los-pobres-caso-ciudad-de-pereira\/","url_meta":{"origin":525,"position":3},"title":"EL ODIO POR LOS POBRES. CASO CIUDAD DE PEREIRA","author":"admin","date":"agosto 7, 2004","format":false,"excerpt":"Aurelio Su\u00e1rez Montoya, Mayo 26 de 2003 Hace algunos a\u00f1os a las personas que propugnaban porque las injusticias sociales entre las distintas clases fueran superadas se les acusaba como \u201cagitadores\u201d, \u201csembradores de odio contra los ricos\u201d y otras especies. A los predicadores del Evangelio que insist\u00edan mucho en que \u201ces\u2026","rel":"","context":"En \u00abTemas\u00bb","block_context":{"text":"Temas","link":"https:\/\/moir.com.co\/web\/category\/temas\/"},"img":{"alt_text":"","src":"","width":0,"height":0},"classes":[]},{"id":15757,"url":"https:\/\/moir.com.co\/web\/es-inaudito-que-la-administracion-de-penalosa-desconozca-la-participacion-de-la-personeria-de-bogota-en-operativos-de-desalojo-de-vendedores-informales\/","url_meta":{"origin":525,"position":4},"title":"Es inaudito que la administraci\u00f3n de Pe\u00f1alosa desconozca la participaci\u00f3n de la Personer\u00eda de Bogot\u00e1 en operativos de desalojo de vendedores informales","author":"admin","date":"agosto 27, 2018","format":false,"excerpt":"Oficina de prensa del concejal Manuel Sarmiento, Bogot\u00e1, agosto 27 de 2018 Concejal Manuel Sarmiento exige que no se siga desconociendo la participaci\u00f3n del Ministerio P\u00fablico en los desalojos de vendedores informales en la ciudad. La Polic\u00eda Metropolitana de Bogot\u00e1 y el Secretario de Gobierno deben expedir un instructivo para\u2026","rel":"","context":"En \u00abBogot\u00e1\u00bb","block_context":{"text":"Bogot\u00e1","link":"https:\/\/moir.com.co\/web\/category\/temas\/bogota\/"},"img":{"alt_text":"","src":"https:\/\/i0.wp.com\/moir.com.co\/web\/wp-content\/uploads\/2018\/07\/vendedoresambulantesperseguidos.jpg?fit=400%2C300&ssl=1&resize=350%2C200","width":350,"height":200},"classes":[]},{"id":8910,"url":"https:\/\/moir.com.co\/web\/carta-al-presidente-santos-el-inaceptable-acuerdo-militar-de-colombia-con-la-union-europea-debe-ser-aprobado-o-no-por-el-congreso\/","url_meta":{"origin":525,"position":5},"title":"Carta al presidente Santos: El inaceptable acuerdo militar de Colombia con la  Uni\u00f3n Europea debe ser  aprobado o no por el Congreso","author":"admin","date":"diciembre 1, 2014","format":false,"excerpt":"Jorge Enrique Robledo y Alirio Uribe, voceros del Polo Democr\u00e1tico Alternativo en el Senado y la C\u00e1mara de Representantes respectivamente, enviaron una carta al presidente Juan Manuel Santos en la califican como inaceptable el tratado que el gobierno suscribi\u00f3 con la Uni\u00f3n Europea en el que se establece el marco\u2026","rel":"","context":"En \u00abJorge Enrique Robledo\u00bb","block_context":{"text":"Jorge Enrique Robledo","link":"https:\/\/moir.com.co\/web\/category\/jorge-enrique-robledo\/"},"img":{"alt_text":"","src":"","width":0,"height":0},"classes":[]}],"jetpack_sharing_enabled":true,"_links":{"self":[{"href":"https:\/\/moir.com.co\/web\/wp-json\/wp\/v2\/posts\/525","targetHints":{"allow":["GET"]}}],"collection":[{"href":"https:\/\/moir.com.co\/web\/wp-json\/wp\/v2\/posts"}],"about":[{"href":"https:\/\/moir.com.co\/web\/wp-json\/wp\/v2\/types\/post"}],"author":[{"embeddable":true,"href":"https:\/\/moir.com.co\/web\/wp-json\/wp\/v2\/users\/1"}],"replies":[{"embeddable":true,"href":"https:\/\/moir.com.co\/web\/wp-json\/wp\/v2\/comments?post=525"}],"version-history":[{"count":0,"href":"https:\/\/moir.com.co\/web\/wp-json\/wp\/v2\/posts\/525\/revisions"}],"wp:attachment":[{"href":"https:\/\/moir.com.co\/web\/wp-json\/wp\/v2\/media?parent=525"}],"wp:term":[{"taxonomy":"category","embeddable":true,"href":"https:\/\/moir.com.co\/web\/wp-json\/wp\/v2\/categories?post=525"},{"taxonomy":"post_tag","embeddable":true,"href":"https:\/\/moir.com.co\/web\/wp-json\/wp\/v2\/tags?post=525"}],"curies":[{"name":"wp","href":"https:\/\/api.w.org\/{rel}","templated":true}]}}