{"id":524,"date":"2004-08-10T07:00:00","date_gmt":"2004-08-10T07:00:00","guid":{"rendered":"https:\/\/moir.org.co\/web\/despedidos-5-ooo-trabajadores-de-telecom-en-colombia\/"},"modified":"2004-08-10T07:00:00","modified_gmt":"2004-08-10T07:00:00","slug":"despedidos-5-ooo-trabajadores-de-telecom-en-colombia","status":"publish","type":"post","link":"https:\/\/moir.com.co\/web\/despedidos-5-ooo-trabajadores-de-telecom-en-colombia\/","title":{"rendered":"DESPEDIDOS 5.OOO TRABAJADORES DE TELECOM EN COLOMBIA"},"content":{"rendered":"<p>CUT-CGTD-CTC, Ginebra, junio 13 de 2003<\/p>\n<p>Las Centrales Obreras CUT CGTD Y CTC presentes en la 91 conferencia de la Organizaci\u00f3n Internacional del Trabajo OIT, denuncian en Ginebra ante el mundo, la absurda e inaceptable decisi\u00f3n del gobierno de liquidar la principal empresa Estatal de telecomunicaciones del pa\u00eds con el consecuente despido de todos los trabajadores, desconociendo la legislaci\u00f3n laboral, la convenci\u00f3n colectiva de trabajo, los convenios y recomendaciones de la OIT, la misma constituci\u00f3n pol\u00edtica de Colombia.<\/p>\n<p>Se presenta una enorme contradicci\u00f3n entre las afirmaciones hechas por el se\u00f1or ministro de la protecci\u00f3n social, en la comisi\u00f3n de aplicaci\u00f3n de normas, donde puso de manifiesto el inter\u00e9s del Gobierno en proteger la libertad sindical, acatar los convenios de la OIT propiciar un clima de confianza con los sindicatos y de otro lado el gobierno hace uso y abuso del poder cerrando a Telecom, echando por la borda el esfuerzo de los trabajadores y del conjunto del pueblo Colombiano que construimos a Telecom y que por lo tanto es patrimonio nacional.<\/p>\n<p>Colateralmente se prev\u00e9n situaciones similares en ECOPETROL, EL SEGURO SOCIAL, CAJANAL, CAPRECOM, EMPRESA DE TELEFONOS DE BOGOTA, EL INCORA, EL INPEC,EL INAT, EL INPA,ELDRI ETC., todo lo cual conduce al pa\u00eds hacia el caos, la incertidumbre y a la perdida de credibilidad en la democracia.<\/p>\n<p>Constituye un hecho muy grave para el sindicalismo, que para el cierre de Telecom se haya procedido a la militarizaci\u00f3n de todas las instalaciones de la empresa por parte del ejercito impidiendo el ingreso de los trabajadores a sus lugares habituales de trabajo, lo cual hace presagiar como va a ser la situaci\u00f3n de ahora en adelante.<\/p>\n<p>En estas condiciones, las Centrales, Obreras de Colombia consideramos que la aprobaci\u00f3n de una COMISION DE ENCUESTA es la decision m\u00e1s responsable que debe asumir el Consejo de Administraci\u00f3n de la OIT el proximo20 de junio.<\/p>\n<p>Al mismo tiempo continuaremos impulsando el paro nacional que en Colombia se realizar\u00e1 el 19 de junio para el cual esperamos la mayor solidaridad.<\/p>\n<p>CARLOS RODRIGUEZ DIAZ<br \/>\nPresidente CUT<\/p>\n<p>JULIO ROBERTO GOMEZ ESGUERRA<br \/>\nSecretario General, CGTD<\/p>\n<p>APECIDES ALVIZ F<br \/>\nPresidente, CTC<\/p>\n","protected":false},"excerpt":{"rendered":"<p>CUT-CGTD-CTC, Ginebra, junio 13 de 2003 Las Centrales Obreras CUT CGTD Y CTC presentes en la 91 conferencia de la Organizaci\u00f3n Internacional del Trabajo OIT, denuncian en Ginebra ante el mundo, la absurda e inaceptable decisi\u00f3n del gobierno de liquidar la principal empresa Estatal de telecomunicaciones del pa\u00eds con el consecuente despido de todos los [&hellip;]<\/p>\n","protected":false},"author":1,"featured_media":0,"comment_status":"open","ping_status":"open","sticky":false,"template":"","format":"standard","meta":{"advanced_seo_description":"","jetpack_seo_html_title":"","jetpack_seo_noindex":false,"_jetpack_memberships_contains_paid_content":false,"footnotes":""},"categories":[7],"tags":[],"class_list":["post-524","post","type-post","status-publish","format-standard","hentry","category-pronunciamientos-de-organizaciones-sociales"],"jetpack_featured_media_url":"","jetpack-related-posts":[{"id":4466,"url":"https:\/\/moir.com.co\/web\/los-educadores-colombianos-y-la-99a-conferencia-de-la-oit\/","url_meta":{"origin":524,"position":0},"title":"Los educadores colombianos y la 99\u00aa conferencia de la OIT","author":"admin","date":"junio 11, 2010","format":false,"excerpt":"De acuerdo con la Declaraci\u00f3n expedida por los delegados de la Central Unitaria de Trabajadores CUT, la Confederaci\u00f3n de Trabajadores Colombianos CTC y la Confederaci\u00f3n de Pensionados de Colombia CPC, en representaci\u00f3n de las mayor\u00edas sindicales de nuestro pa\u00eds en la 99\u00aa Conferencia de la OIT que se desarrolla en\u2026","rel":"","context":"En \u00abPronunciamientos de Organizaciones Sociales\u00bb","block_context":{"text":"Pronunciamientos de Organizaciones Sociales","link":"https:\/\/moir.com.co\/web\/category\/pronunciamientos-de-organizaciones-sociales\/"},"img":{"alt_text":"","src":"","width":0,"height":0},"classes":[]},{"id":5311,"url":"https:\/\/moir.com.co\/web\/carta-de-cut-y-ctc-a-director-de-la-oit\/","url_meta":{"origin":524,"position":1},"title":"Carta de CUT y CTC a Director de la OIT","author":"admin","date":"febrero 20, 2011","format":false,"excerpt":"Se\u00f1or JUAN SOMAVIA Director de la OIT Se\u00f1or GUY RYDER Director Ejecutivo de las Normas y Principios y Derechos Fundamentales en el Trabajo Se\u00f1ora CLEOPATRA DUMBIA Directora del Departamento de Normas Internacionales del Trabajo Se\u00f1ores Comisi\u00f3n de Expertos en Aplicaci\u00f3n de Convenios y Recomendaciones de la OIT Respetados se\u00f1ores y\u2026","rel":"","context":"En \u00abPronunciamientos de Organizaciones Sociales\u00bb","block_context":{"text":"Pronunciamientos de Organizaciones Sociales","link":"https:\/\/moir.com.co\/web\/category\/pronunciamientos-de-organizaciones-sociales\/"},"img":{"alt_text":"","src":"","width":0,"height":0},"classes":[]},{"id":4450,"url":"https:\/\/moir.com.co\/web\/gobierno-de-colombia-acepto-sancion-en-la-oit-reconocio-la-grave-situacion-de-las-libertades-sindicales-en-colombia\/","url_meta":{"origin":524,"position":2},"title":"Gobierno de Colombia acept\u00f3 sanci\u00f3n en la OIT: Reconoci\u00f3 la grave situaci\u00f3n de las libertades sindicales en Colombia","author":"admin","date":"junio 7, 2010","format":false,"excerpt":"Para evitar un debate este a\u00f1o en la Comisi\u00f3n de Normas de la OIT, el gobierno colombiano acept\u00f3 una sanci\u00f3n que consiste en recibir una Misi\u00f3n Tripartita de Alto Nivel de la OIT, reconociendo con ello que la situaci\u00f3n de las libertades sindicales en Colombia no ha mejorado. Como se\u2026","rel":"","context":"En \u00abPronunciamientos de Organizaciones Sociales\u00bb","block_context":{"text":"Pronunciamientos de Organizaciones Sociales","link":"https:\/\/moir.com.co\/web\/category\/pronunciamientos-de-organizaciones-sociales\/"},"img":{"alt_text":"","src":"","width":0,"height":0},"classes":[]},{"id":526,"url":"https:\/\/moir.com.co\/web\/nueva-accion-de-protesta\/","url_meta":{"origin":524,"position":3},"title":"NUEVA ACCI\u00d3N DE PROTESTA","author":"admin","date":"agosto 10, 2004","format":false,"excerpt":"CUT-CGTD-CTC-CPC, junio 20 de 2003 Respetados compa\u00f1eros: Primero queremos felicitarlos por el \u00e9xito del Paro Nacional Estatal y la extraordinaria movilizaci\u00f3n del 19 de junio, que demuestra el compromiso de seguir salvaguardando el patrimonio nacional y los derechos de los trabajadores, en especial, el derecho al trabajo. La OIT en\u2026","rel":"","context":"En \u00abPronunciamientos de Organizaciones Sociales\u00bb","block_context":{"text":"Pronunciamientos de Organizaciones Sociales","link":"https:\/\/moir.com.co\/web\/category\/pronunciamientos-de-organizaciones-sociales\/"},"img":{"alt_text":"","src":"","width":0,"height":0},"classes":[]},{"id":5657,"url":"https:\/\/moir.com.co\/web\/pronunciamiento-de-la-cut-frente-a-la-carta-acuerdo-laboral\/","url_meta":{"origin":524,"position":4},"title":"Pronunciamiento de la CUT frente a la Carta Acuerdo Laboral","author":"admin","date":"mayo 28, 2011","format":false,"excerpt":"La Central Unitaria de Trabajadores de Colombia, CUT, informa y comunica a los trabajadores, sectores sociales y opini\u00f3n p\u00fablica nacional e internacional, que nunca ha negado el di\u00e1logo y la concertaci\u00f3n, siempre y cuando, \u00e9sta sea fruto del entendimiento entre las partes y no a conveniencia de las pol\u00edticas gubernamentales,\u2026","rel":"","context":"En \u00abPronunciamientos de Organizaciones Sociales\u00bb","block_context":{"text":"Pronunciamientos de Organizaciones Sociales","link":"https:\/\/moir.com.co\/web\/category\/pronunciamientos-de-organizaciones-sociales\/"},"img":{"alt_text":"","src":"","width":0,"height":0},"classes":[]},{"id":20803,"url":"https:\/\/moir.com.co\/web\/aprueban-cgtd-y-cut-pliego-unificado-de-los-trabajadores-estatales\/","url_meta":{"origin":524,"position":5},"title":"Aprueban CGTD y CUT: PLIEGO UNIFICADO DE LOS TRABAJADORES ESTATALES","author":"admin","date":"abril 11, 2005","format":false,"excerpt":"Alza salarial de diez puntos por encima de la inflaci\u00f3n, piden confederaciones obreras El 8 de octubre pasado, Utradec, CGTD, Fenaltrase-CUT y otras federaciones presentaron al gobierno el pliego unificado de los trabajadores estatales, que sintetiza las demandas m\u00e1s apremiantes de los 800 mil asalariados de la Administraci\u00f3n. El siguiente\u2026","rel":"","context":"En \u00abTribuna Roja N\u00b0 68, Bogot\u00e1; noviembre 13 de 1996\u00bb","block_context":{"text":"Tribuna Roja N\u00b0 68, Bogot\u00e1; noviembre 13 de 1996","link":"https:\/\/moir.com.co\/web\/category\/tribuna-roja\/ediciones-1995-1999\/tribuna-roja-n-68-bogota-noviembre-13-de-1996\/"},"img":{"alt_text":"","src":"","width":0,"height":0},"classes":[]}],"jetpack_sharing_enabled":true,"_links":{"self":[{"href":"https:\/\/moir.com.co\/web\/wp-json\/wp\/v2\/posts\/524","targetHints":{"allow":["GET"]}}],"collection":[{"href":"https:\/\/moir.com.co\/web\/wp-json\/wp\/v2\/posts"}],"about":[{"href":"https:\/\/moir.com.co\/web\/wp-json\/wp\/v2\/types\/post"}],"author":[{"embeddable":true,"href":"https:\/\/moir.com.co\/web\/wp-json\/wp\/v2\/users\/1"}],"replies":[{"embeddable":true,"href":"https:\/\/moir.com.co\/web\/wp-json\/wp\/v2\/comments?post=524"}],"version-history":[{"count":0,"href":"https:\/\/moir.com.co\/web\/wp-json\/wp\/v2\/posts\/524\/revisions"}],"wp:attachment":[{"href":"https:\/\/moir.com.co\/web\/wp-json\/wp\/v2\/media?parent=524"}],"wp:term":[{"taxonomy":"category","embeddable":true,"href":"https:\/\/moir.com.co\/web\/wp-json\/wp\/v2\/categories?post=524"},{"taxonomy":"post_tag","embeddable":true,"href":"https:\/\/moir.com.co\/web\/wp-json\/wp\/v2\/tags?post=524"}],"curies":[{"name":"wp","href":"https:\/\/api.w.org\/{rel}","templated":true}]}}